{"id":157845,"date":"2025-10-10T18:24:12","date_gmt":"2025-10-10T18:24:12","guid":{"rendered":"https:\/\/www.europesays.com\/it\/157845\/"},"modified":"2025-10-10T18:24:12","modified_gmt":"2025-10-10T18:24:12","slug":"attacco-hacker-alla-piattaforma-dei-medici-di-base-con-la-richiesta-di-pagamento-di-visite-arretrate-no-furti-di-dati","status":"publish","type":"post","link":"https:\/\/www.europesays.com\/it\/157845\/","title":{"rendered":"Attacco hacker alla piattaforma dei medici di base (con la richiesta di pagamento di visite arretrate): &#8220;No furti di dati&#8221;"},"content":{"rendered":"<p>Un attacco informatico ai danni di un portale che i medici di base lombardi utilizzano per le prescrizioni ai pazienti. E l&#8217;allarme per il rischio che dati sensibili siano stati rubati. Ma ad assicurare che non ci sia stata violazione o compromissione sui sistemi centrali delle aziende sanitarie, venerd\u00ec pomeriggio, \u00e8 stata Regione Lombardia.<\/p>\n<p>Le mail con la richiesta di recupero crediti per visite<\/p>\n<p>Alcuni cittadini si sono visti recapitare nelle scorse ore alcune mail dal contenuto che \u00e8 apparso subito insolito e ha fatto ipotizzare che si trattasse di una presunta froda. Le comunicazioni, secondo quanto ricostruito, arrivavano da una societ\u00e0 di recupero credito di Monza, la CreditLex Srl. E nella missiva si chiedeva il pagamento di prestazioni e visite arretrate. \u00a0<\/p>\n<p>Le segnalazioni sulla frode ai danni di Paziente Consapevole<\/p>\n<p>\u201cAvviso per chi usa il portale Paziente consapevole: prestate attenzione se vi stanno arrivando mail con richiesta di pagamento da parte di CreditLex Srl, si presume sia una bufala o un furto di dati, \u00e8 consigliato non aprire nessuno link&#8221; \u00e8 il testo di un post che nelle scorse ore \u00e8 circolato in un gruppo social del Milanese. \u201cPurtroppo la mail contiene molti dati sensibili\u201d proseguiva il malcapitato che metteva in guardia altri utenti e possibili vittime.\u00a0<\/p>\n<p>Nel pomeriggio di venerd\u00ec 10 ottobre intanto il sito risulta in manutenzione e momentaneamente fuori uso.\u00a0<\/p>\n<p><img decoding=\"async\" src=\"https:\/\/www.europesays.com\/it\/wp-content\/uploads\/2025\/10\/il-sito-in-manutenzione-2.jpg\" alt=\"Il sito in manutenzione-2\" title=\"Il sito in manutenzione\"\/><\/p>\n<p>Regione Lombardia: \u201cNessun furto di dati\u201d<\/p>\n<p>Sul caso e sul presunto cyber attacco al portale sanitario \u00e8 intervenuta anche la Direzione generale Welfare di Regione Lombardia. &#8220;In merito a notizie diffuse a mezzo stampa sul tentativo di frode a danno degli assistiti lombardi, tramite e-mail inviate da una presunta Agenzia di recupero crediti, che intima il pagamento di prestazioni sanitarie e di farmaci erogati tramite il Sistema Sanitario, dalle verifiche tecniche effettuate non risultano furti o compromissioni di dati, n\u00e9 sui sistemi centrali regionali, n\u00e9 sui sistemi delle aziende sanitarie&#8221; si legge in una nota.<\/p>\n<p>\u00a0&#8220;Dell\u2019accaduto \u00e8 stata informata la polizia postale che sta indagando anche con il supporto delle strutture di privacy e cyberSecurity e del Computer security incident response team di Aria spa&#8221;.\u00a0<\/p>\n","protected":false},"excerpt":{"rendered":"Un attacco informatico ai danni di un portale che i medici di base lombardi utilizzano per le prescrizioni&hellip;\n","protected":false},"author":3,"featured_media":157846,"comment_status":"","ping_status":"","sticky":false,"template":"","format":"standard","meta":{"footnotes":""},"categories":[79],"tags":[14,93,94,97448,4070,1537,90,89,7,15,11,84,91,12,85,92],"class_list":{"0":"post-157845","1":"post","2":"type-post","3":"status-publish","4":"format-standard","5":"has-post-thumbnail","7":"category-italia","8":"tag-cronaca","9":"tag-cronaca-italiana","10":"tag-cronacaitaliana","11":"tag-cyber-attacchi","12":"tag-hacker","13":"tag-it","14":"tag-italia","15":"tag-italy","16":"tag-news","17":"tag-notizie","18":"tag-ultime-notizie","19":"tag-ultime-notizie-e-news-di-oggi","20":"tag-ultime-notizie-italia","21":"tag-ultimenotizie","22":"tag-ultimenotizieenewsdioggi","23":"tag-ultimenotizieitalia"},"share_on_mastodon":{"url":"","error":""},"_links":{"self":[{"href":"https:\/\/www.europesays.com\/it\/wp-json\/wp\/v2\/posts\/157845","targetHints":{"allow":["GET"]}}],"collection":[{"href":"https:\/\/www.europesays.com\/it\/wp-json\/wp\/v2\/posts"}],"about":[{"href":"https:\/\/www.europesays.com\/it\/wp-json\/wp\/v2\/types\/post"}],"author":[{"embeddable":true,"href":"https:\/\/www.europesays.com\/it\/wp-json\/wp\/v2\/users\/3"}],"replies":[{"embeddable":true,"href":"https:\/\/www.europesays.com\/it\/wp-json\/wp\/v2\/comments?post=157845"}],"version-history":[{"count":0,"href":"https:\/\/www.europesays.com\/it\/wp-json\/wp\/v2\/posts\/157845\/revisions"}],"wp:featuredmedia":[{"embeddable":true,"href":"https:\/\/www.europesays.com\/it\/wp-json\/wp\/v2\/media\/157846"}],"wp:attachment":[{"href":"https:\/\/www.europesays.com\/it\/wp-json\/wp\/v2\/media?parent=157845"}],"wp:term":[{"taxonomy":"category","embeddable":true,"href":"https:\/\/www.europesays.com\/it\/wp-json\/wp\/v2\/categories?post=157845"},{"taxonomy":"post_tag","embeddable":true,"href":"https:\/\/www.europesays.com\/it\/wp-json\/wp\/v2\/tags?post=157845"}],"curies":[{"name":"wp","href":"https:\/\/api.w.org\/{rel}","templated":true}]}}