{"id":157861,"date":"2025-10-10T18:38:11","date_gmt":"2025-10-10T18:38:11","guid":{"rendered":"https:\/\/www.europesays.com\/it\/157861\/"},"modified":"2025-10-10T18:38:11","modified_gmt":"2025-10-10T18:38:11","slug":"under-21-italia-svezia-4-0-pisilli-doppietta-gol-di-camarda-e-berti","status":"publish","type":"post","link":"https:\/\/www.europesays.com\/it\/157861\/","title":{"rendered":"Under 21 Italia-Svezia 4-0: Pisilli doppietta, gol di Camarda e Berti"},"content":{"rendered":"<p>                                Gli azzurri a Cesena dominano contro un avversario ostico. Doppietta per il centrocampista della Roma che trascina, ma \u00e8 tutta l&#8217;Italia a gioca una delle partite pi\u00f9 belle degli ultimi anni<\/p>\n<p>            <a class=\"image is-50x50\" href=\"https:\/\/www.gazzetta.it\/redazione\/alex-frosio\/\" rel=\"nofollow noopener\" target=\"_blank\"><br \/>\n                <img decoding=\"async\" class=\"is-rounded\" src=\"https:\/\/www.europesays.com\/it\/wp-content\/uploads\/2025\/10\/alex_frosio.png\" alt=\"Alex Frosio\"\/><br \/>\n            <\/a><\/p>\n<p>Giornalista<\/p>\n<p>                    10 ottobre &#8211; 20:21  &#8211; MILANO<\/p>\n<p class=\"paragraph\" spellcheck=\"true\">L\u2019Italia pi\u00f9 bella degli ultimi anni rimpicciolisce la Svezia: con Baldini tre vittorie su tre, questa super convincente. E poi c\u2019\u00e8 subito Camarda: gol con scavetto su rigore. Prima e dopo, doppietta di Pisilli, il migliore, e gol a chiudere di un altro debuttante, il ragazzo di casa Berti, centrocampista del Cesena.<\/p>\n<p>    il primo tempo\u2014 \u00a0<\/p>\n<p class=\"paragraph is-inline\" spellcheck=\"true\">Al Manuzzi, nel tridente di Baldini Cherubini \u00e8 a destra, Camarda in mezzo, Koleosho a sinistra. In porta debutta Palmisani, in difesa prima anche per Mane, per l\u2019indisponibile Chiarodia, e per Bartesaghi a sinistra. L\u2019avvio mette subito in chiaro la supremazia che l\u2019Italia vuole esercitare. Al primo pallone toccato con l\u2019Under 21, Camarda potrebbe subito segnare: ispirato in verticale da Koleosho sulla profondit\u00e0, il 9 azzurro incrocia con il sinistro, il terzino Antwi lo chiude. La Svezia \u00e8 messa malissimo in campo. Porta in modo sconclusionato la prima pressione e per questo sulla nostra destra si forma costantemente un tre contro due, in cui operano Palestra, Cherubini e soprattutto Pisilli, che gode di libert\u00e0 inaspettata. Boudri che dovrebbe curarlo infatti vaga per il campo. E al 12\u2019 il romanista apre il punteggio: il pessimo Makolli sbaglia il disimpegno orizzontale, \u201cPiso\u201d che stava andando in pressione sul ricevente Zatterstrom riceve passeggiando e poi incrocia il destro. \u00c8 un monologo azzurro, che ha il solo difetto di non allungare subito nel punteggio. La Svezia risale soltanto cercando largo Njie, che per\u00f2 da solo pu\u00f2 poco. Al 32\u2019 tripla occasione per noi: cross di Koleosho, palo di testa di Pisilli (ovviamente liberissimo), Cherubini sulla ribattuta trova prima il salvataggio di Zatterstrom e poi quello del portiere Bishesari. Palmisani invece deve intervenire solo su una punizione defilata di Bjorklund, poi l\u2019Italia esonda. Al 39\u2019 un lancio di Bartesaghi trova Camarda \u2013 vecchia intesa milanista -, il centravanti difende palla e si fa stendere da Makolli. Poi va sul dischetto. E l\u00ec esibisce tutta la propria superiorit\u00e0: scavetto di personalit\u00e0 gigantesca e 2-0 Italia. Primo gol in Under 21, gi\u00e0 memorabile. L\u2019Italia gi\u00e0 spigliata diventa irresistibile. Ancora Camarda, dribbling a rientrare e destro fuori di poco. Poi l\u2019azione meravigliosa del 3-0: gli azzurrini escono dal basso a sinistra, Ndour apre dall\u2019altra parte per Palestra che si appoggia a Cherubini e riceve su sovrapposizione, cross basso per il rimorchio di Pisilli che piazza sotto la traversa. Spettacolo.<\/p>\n<p>    la ripresa\u2014 \u00a0<\/p>\n<p class=\"paragraph is-inline\" spellcheck=\"true\">\u00a0Si ricomincia con Kurtulus al posto di Thorell: un difensore per un centrocampista, la Svezia si mette 3-4-3 per tentare di arginare le ondate azzurre. Che si attenuano solo perch\u00e9 la fame \u00e8 appagata, come dimostra una distrazione di Marianucci che lancia Sonko, ma Mane chiude splendidamente in area. L\u2019Italia comunque non smette di spingere. E si diverte: elastico di Koleosho e cross, Camarda di testa centra il palo. Poi triangolo largo Pisilli-Cherubini-Pisilli, destro secco respinto da Bishesari. Backstrom cambia tutto il tridente e Kusu-Asari da centravanti al posto di Swedberg, che centravanti non \u00e8, \u00e8 un punto di appoggio pi\u00f9 affidabile per la risalita svedese. E libera il tiro pi\u00f9 pericoloso dei suoi a ridosso del 90\u2019: Mane devia, Palmisani alza e poi stoppa il colpo di testa di Kurtulus sull\u2019angolo successivo. Nel frattempo Baldini ha premiato il territorio facendo debuttare il cesenate Berti, dentro anche Pafundi e Ekhator, poi Dagasso e Fini. Il centravanti del Genoa sfiora il poker con uno sprint e sinistro in diagonale appena largo, il suo compagno Fini guadagna nel recupero il rigore dell\u2019effettivo 4-0: su invito del pubblico del Manuzzi, Pafundi cede l\u2019esecuzione a Berti, che non sbaglia. Italia semplicemente perfetta.<\/p>\n<p class=\"is-copyright\">\u00a9 RIPRODUZIONE RISERVATA<\/p>\n","protected":false},"excerpt":{"rendered":"Gli azzurri a Cesena dominano contro un avversario ostico. Doppietta per il centrocampista della Roma che trascina, ma&hellip;\n","protected":false},"author":3,"featured_media":157862,"comment_status":"","ping_status":"","sticky":false,"template":"","format":"standard","meta":{"footnotes":""},"categories":[1452],"tags":[6509,7920,65204,36017,4189,41575,97450,721,8028,921,12837,3153,9120,13654,3220,3173,3177,3257,7438,19513,1740,1976,65212,1537,90,89,65202,97451,7810,97452,46196,17167,1981,65207,6843,97449,31158,34449,98,10360,7441,7569,3242,39948,315,1739,245,244,8864,1928],"class_list":{"0":"post-157861","1":"post","2":"type-post","3":"status-publish","4":"format-standard","5":"has-post-thumbnail","7":"category-calcio","8":"tag-apre","9":"tag-azzurro","10":"tag-baldini","11":"tag-bartesaghi","12":"tag-basso","13":"tag-berti","14":"tag-bishesari","15":"tag-calcio","16":"tag-camarda","17":"tag-campo","18":"tag-centravanti","19":"tag-centrocampista","20":"tag-cesena","21":"tag-cherubini","22":"tag-chiude","23":"tag-cross","24":"tag-destra","25":"tag-destro","26":"tag-doppietta","27":"tag-fini","28":"tag-football","29":"tag-gol","30":"tag-incrocia","31":"tag-it","32":"tag-italia","33":"tag-italy","34":"tag-koleosho","35":"tag-kurtulus","36":"tag-largo","37":"tag-makolli","38":"tag-mane","39":"tag-manuzzi","40":"tag-mette","41":"tag-pafundi","42":"tag-palestra","43":"tag-palmisani","44":"tag-palo","45":"tag-pisilli","46":"tag-porta","47":"tag-pressione","48":"tag-punteggio","49":"tag-riceve","50":"tag-rigore","51":"tag-sbaglia","52":"tag-sinistra","53":"tag-soccer","54":"tag-sport","55":"tag-sports","56":"tag-svezia","57":"tag-testa"},"share_on_mastodon":{"url":"","error":""},"_links":{"self":[{"href":"https:\/\/www.europesays.com\/it\/wp-json\/wp\/v2\/posts\/157861","targetHints":{"allow":["GET"]}}],"collection":[{"href":"https:\/\/www.europesays.com\/it\/wp-json\/wp\/v2\/posts"}],"about":[{"href":"https:\/\/www.europesays.com\/it\/wp-json\/wp\/v2\/types\/post"}],"author":[{"embeddable":true,"href":"https:\/\/www.europesays.com\/it\/wp-json\/wp\/v2\/users\/3"}],"replies":[{"embeddable":true,"href":"https:\/\/www.europesays.com\/it\/wp-json\/wp\/v2\/comments?post=157861"}],"version-history":[{"count":0,"href":"https:\/\/www.europesays.com\/it\/wp-json\/wp\/v2\/posts\/157861\/revisions"}],"wp:featuredmedia":[{"embeddable":true,"href":"https:\/\/www.europesays.com\/it\/wp-json\/wp\/v2\/media\/157862"}],"wp:attachment":[{"href":"https:\/\/www.europesays.com\/it\/wp-json\/wp\/v2\/media?parent=157861"}],"wp:term":[{"taxonomy":"category","embeddable":true,"href":"https:\/\/www.europesays.com\/it\/wp-json\/wp\/v2\/categories?post=157861"},{"taxonomy":"post_tag","embeddable":true,"href":"https:\/\/www.europesays.com\/it\/wp-json\/wp\/v2\/tags?post=157861"}],"curies":[{"name":"wp","href":"https:\/\/api.w.org\/{rel}","templated":true}]}}