{"id":157863,"date":"2025-10-10T18:39:15","date_gmt":"2025-10-10T18:39:15","guid":{"rendered":"https:\/\/www.europesays.com\/it\/157863\/"},"modified":"2025-10-10T18:39:15","modified_gmt":"2025-10-10T18:39:15","slug":"cosa-fanno-oggi-come-va-il-lavoro-news","status":"publish","type":"post","link":"https:\/\/www.europesays.com\/it\/157863\/","title":{"rendered":"cosa fanno oggi, come va il lavoro, news"},"content":{"rendered":"<p data-journey-content=\"true\" data-node-id=\"0\" class=\"css-6wxqfj emevuu60\">Spesso si dice che settembre sia un piccolo Capodanno. Si fanno programmi, si stilano liste di buoni propositi, ci si tuffa a capofitto in nuove avventure professionali, forti delle energie immagazzinate durante le vacanze estive. E, ovviamente, le intenzioni positive non terminano il 30 del mese. Lo dimostrano <strong data-node-id=\"0.1\">Chiara Ferragni<\/strong> e <strong data-node-id=\"0.3\">Fedez<\/strong> che, protagonisti di un inizio di <strong data-node-id=\"0.5\">autunno<\/strong> lavorativamente \u201cesplosivo\u201d, stanno continuando a procedere a tutta velocit\u00e0 sui binari della carriera. <a href=\"https:\/\/www.cosmopolitan.com\/it\/star\/a65483949\/chiara-ferragni-fedez-divorzio-news\/\" target=\"_blank\" data-vars-ga-outbound-link=\"https:\/\/www.cosmopolitan.com\/it\/star\/a65483949\/chiara-ferragni-fedez-divorzio-news\/\" data-vars-ga-ux-element=\"Hyperlink\" data-vars-ga-call-to-action=\"Non sono pi\u00f9 moglie e marito\" data-node-id=\"0.7\" class=\"body-link css-103hk4r emevuu60\" rel=\"nofollow noopener\">Non sono pi\u00f9 moglie e marito<\/a>, rimangono sempre genitori affettuosi per i <a href=\"https:\/\/www.cosmopolitan.com\/it\/star\/a65980970\/leone-e-vittoria-ferragni-news-gossip-foto-2025\/\" target=\"_blank\" data-vars-ga-outbound-link=\"https:\/\/www.cosmopolitan.com\/it\/star\/a65980970\/leone-e-vittoria-ferragni-news-gossip-foto-2025\/\" data-vars-ga-ux-element=\"Hyperlink\" data-vars-ga-call-to-action=\"figli avuti insieme, Leone e Vittoria\" data-node-id=\"0.9\" class=\"body-link css-103hk4r emevuu60\" rel=\"nofollow noopener\">figli avuti insieme, Leone e Vittoria<\/a>, e appaiono costantemente focalizzati sui loro progetti. Del resto, questo per l\u2019imprenditrice digitale e il rapper \u00e8 un <strong data-node-id=\"0.11\">periodo pienissimo di novit\u00e0<\/strong>. Tipo: una <strong data-node-id=\"0.13\">collezione moda<\/strong> per lei, un <strong data-node-id=\"0.15\">libro <\/strong>per lui.<\/p>\n<p>Chiara Ferragni rilancia il suo brand (e non si perde le Fashion Week)<\/p>\n<p data-journey-content=\"true\" data-node-id=\"6\" class=\"css-6wxqfj emevuu60\">Non pare azzardato dire che il debutto del progetto <strong data-node-id=\"6.1\">Chiara Ferragni x Rivoluzione Romantica<\/strong> sia stato il fulcro del settembre dell\u2019imprenditrice digitale. Gli accessori e i capi d\u2019abbigliamento che \u201ccelebrano\u201d l\u2019essere <strong data-node-id=\"6.3\">sottoni <\/strong>con ironia e un pizzico di irriverenza segnano un nuovo punto di partenza per il brand dell\u2019influencer, che riparte da uno sguardo divertito sull\u2019amore. Ma settembre, si sa, \u00e8 tradizionalmente mese di <strong data-node-id=\"6.5\">fashion week<\/strong>, e un\u2019eventuale assenza di Chiara per le vie luccicanti di <strong data-node-id=\"6.7\"><a href=\"https:\/\/www.cosmopolitan.com\/it\/moda\/tendenze\/g68030695\/moda-autunno-2025-milano-fashion-week-street-style\/\" target=\"_blank\" data-vars-ga-outbound-link=\"https:\/\/www.cosmopolitan.com\/it\/moda\/tendenze\/g68030695\/moda-autunno-2025-milano-fashion-week-street-style\/\" data-vars-ga-ux-element=\"Hyperlink\" data-vars-ga-call-to-action=\"Milano\" data-node-id=\"6.7.0\" class=\"body-link css-103hk4r emevuu60\" rel=\"nofollow noopener\">Milano<\/a><\/strong> e <strong data-node-id=\"6.9\"><a href=\"https:\/\/www.cosmopolitan.com\/it\/moda\/tendenze\/g68128221\/moda-autunno-2025-paris-fashion-week-street-style\/\" target=\"_blank\" data-vars-ga-outbound-link=\"https:\/\/www.cosmopolitan.com\/it\/moda\/tendenze\/g68128221\/moda-autunno-2025-paris-fashion-week-street-style\/\" data-vars-ga-ux-element=\"Hyperlink\" data-vars-ga-call-to-action=\"Parigi\" data-node-id=\"6.9.0\" class=\"body-link css-103hk4r emevuu60\" rel=\"nofollow noopener\">Parigi<\/a> <\/strong>sarebbe passata tutt\u2019altro che inosservata. Ma Ferragni \u00e8 stata presente eccome alle giornate europee pi\u00f9 fashion dell\u2019anno, passando come consuetudine da uno show all\u2019altro in una <strong data-node-id=\"6.11\">girandola di look<\/strong> e nuovi trend da scoprire.<\/p>\n<p data-journey-content=\"true\" data-node-id=\"8\" class=\"css-6wxqfj emevuu60\">Se la moda nel profilo Instagram di Chiara negli ultimi tempi non \u00e8 certo mancata, lo stesso non pu\u00f2 dirsi per la figura di <strong data-node-id=\"8.1\"><a href=\"https:\/\/www.cosmopolitan.com\/it\/star\/a67957199\/chiara-ferragni-ex-moglie-giovanni-tronchetti-provera\/\" target=\"_blank\" data-vars-ga-outbound-link=\"https:\/\/www.cosmopolitan.com\/it\/star\/a67957199\/chiara-ferragni-ex-moglie-giovanni-tronchetti-provera\/\" data-vars-ga-ux-element=\"Hyperlink\" data-vars-ga-call-to-action=\"Giovanni Tronchetti Provera\" data-node-id=\"8.1.0\" class=\"body-link css-103hk4r emevuu60\" rel=\"nofollow noopener\">Giovanni Tronchetti Provera<\/a><\/strong>. Quest\u2019ultimo, dopo <strong data-node-id=\"8.3\">\u201cl\u2019incursione\u201d nel profilo di lei <\/strong>con lo scatto di coppia pubblicato il 23 agosto, \u00e8 nuovamente <strong data-node-id=\"8.5\">scomparso dai \u201cradar social\u201d<\/strong>. Insomma, la riservatezza ha ripreso a circondare il rapporto e non \u00e8 iniziata, come forse alcuni speravano, un\u2019epoca ricca di istantanee quotidiane insieme, selfie e aggiornamenti. Questo \u201critorno\u201d al riserbo non \u00e8 un caso isolato, considerato che pure <strong data-node-id=\"8.7\">Fedez<\/strong> pare proprio aver deciso senza ripensamenti di tenere il legame con <strong data-node-id=\"8.9\"><a href=\"https:\/\/www.cosmopolitan.com\/it\/star\/gossip-news\/a65599540\/fedez-giulia-honegger-foto-insieme-news\/\" target=\"_blank\" data-vars-ga-outbound-link=\"https:\/\/www.cosmopolitan.com\/it\/star\/gossip-news\/a65599540\/fedez-giulia-honegger-foto-insieme-news\/\" data-vars-ga-ux-element=\"Hyperlink\" data-vars-ga-call-to-action=\"Giulia Honegger\" data-node-id=\"8.9.0\" class=\"body-link css-103hk4r emevuu60\" rel=\"nofollow noopener\">Giulia Honegger<\/a><\/strong> al riparo da \u201cavvistamenti web\u201d e commenti.<\/p>\n<p>\u00c8 in arrivo il libro di Fedez (e la seconda stagione di Pulp Podcast \u00e8 gi\u00e0 iniziata)<\/p>\n<p data-journey-content=\"true\" data-node-id=\"12\" class=\"css-6wxqfj emevuu60\">Le <strong data-node-id=\"12.1\">foto di Fedez e Giulia Honegger<\/strong> comparse sulla pagina Instagram di lui hanno scritto un capitolo importante del gossip estivo 2025. Adesso, per\u00f2, \u00e8 ora di voltare pagina, e a ricordarci che il cambio di stagione \u00e8 ormai avvenuto ci ha \u201cpensato\u201d proprio il rapper, che sta dedicando i gesti social del periodo interamente alla sfera professionale. Ad esempio a <strong data-node-id=\"12.3\"><a href=\"https:\/\/www.cosmopolitan.com\/it\/star\/a68011933\/chi-e-felice-maniero-pulp-podcast-fedez\/\" target=\"_blank\" data-vars-ga-outbound-link=\"https:\/\/www.cosmopolitan.com\/it\/star\/a68011933\/chi-e-felice-maniero-pulp-podcast-fedez\/\" data-vars-ga-ux-element=\"Hyperlink\" data-vars-ga-call-to-action=\"Pulp Podcast\" data-node-id=\"12.3.0.0\" class=\"body-link css-103hk4r emevuu60\" rel=\"nofollow noopener\">Pulp Podcast<\/a><\/strong>, collaborazione con Mr. Marra che ha fatto il suo ritorno sul web nel mese di settembre con l\u2019avvio della seconda stagione.<\/p>\n<p data-journey-content=\"true\" data-node-id=\"14\" class=\"css-6wxqfj emevuu60\">Nella giornata di gioved\u00ec 9 ottobre, un\u2019altra novit\u00e0 ha raggiunto i follower di Fedez, ovvero la notizia della prossima uscita del suo <strong data-node-id=\"14.1\">libro<\/strong> intitolato <strong data-node-id=\"14.3\">L\u2019acqua \u00e8 pi\u00f9 profonda di come sembra da sopra<\/strong>. Per annunciarne l\u2019arrivo il rapper ha pubblicato la foto della copertina e un messaggio che inizia cos\u00ec: <strong data-node-id=\"14.5\">\u00abGalleggiare per anni sulla superficie delle cose. Correre, evitare, sorridere. Fuori va tutto bene. Dentro non lo sai\u00bb<\/strong>. Cosa aspettarsi dalla lettura? \u00c8 presto per dirlo. Ma chiss\u00e0 che la news non apra un altro capitolo di un ormai \u201ccelebre\u201d <strong data-node-id=\"14.7\">dissing<\/strong>: quello tra <strong data-node-id=\"14.9\"><a href=\"https:\/\/www.cosmopolitan.com\/it\/lifestyle\/musica\/a65815621\/fedez-dising-tony-effe-news\/\" target=\"_blank\" data-vars-ga-outbound-link=\"https:\/\/www.cosmopolitan.com\/it\/lifestyle\/musica\/a65815621\/fedez-dising-tony-effe-news\/\" data-vars-ga-ux-element=\"Hyperlink\" data-vars-ga-call-to-action=\"Fedez e Tony Effe\" data-node-id=\"14.9.0\" class=\"body-link css-103hk4r emevuu60\" rel=\"nofollow noopener\">Fedez e Tony Effe<\/a><\/strong>. E gi\u00e0: chi si ricorda di quando il primo, in una puntata di Pulp Podcast, disse: \u00abOh, \u00e8 uscito il libro di Tony Effe. A te ti piacciono i libri per bambini quello \u00e8 top\u00bb? Tony Effe \u201csfrutter\u00e0\u201d l\u2019annuncio dell\u2019arrivo di un\u2019opera letteraria di Fedez per rispondere? Staremo a vedere.<\/p>\n<p>Related Stories<\/p>\n","protected":false},"excerpt":{"rendered":"Spesso si dice che settembre sia un piccolo Capodanno. Si fanno programmi, si stilano liste di buoni propositi,&hellip;\n","protected":false},"author":3,"featured_media":157864,"comment_status":"","ping_status":"","sticky":false,"template":"","format":"standard","meta":{"footnotes":""},"categories":[1451],"tags":[1621,1620,1774,97453,1777,203,466,97454,55217,1778,1779,35915,204,1537,90,89,1780],"class_list":{"0":"post-157863","1":"post","2":"type-post","3":"status-publish","4":"format-standard","5":"has-post-thumbnail","7":"category-celebrita","8":"tag-celebrita","9":"tag-celebrities","10":"tag-chiara-ferragni","11":"tag-chiara-ferragni-fedez","12":"tag-chiara-ferragni-news","13":"tag-entertainment","14":"tag-fedez","15":"tag-fedez-libro","16":"tag-fedez-news","17":"tag-ferragni","18":"tag-giovanni-tronchetti-provera","19":"tag-giulia-honegger","20":"tag-intrattenimento","21":"tag-it","22":"tag-italia","23":"tag-italy","24":"tag-traffico"},"share_on_mastodon":{"url":"","error":""},"_links":{"self":[{"href":"https:\/\/www.europesays.com\/it\/wp-json\/wp\/v2\/posts\/157863","targetHints":{"allow":["GET"]}}],"collection":[{"href":"https:\/\/www.europesays.com\/it\/wp-json\/wp\/v2\/posts"}],"about":[{"href":"https:\/\/www.europesays.com\/it\/wp-json\/wp\/v2\/types\/post"}],"author":[{"embeddable":true,"href":"https:\/\/www.europesays.com\/it\/wp-json\/wp\/v2\/users\/3"}],"replies":[{"embeddable":true,"href":"https:\/\/www.europesays.com\/it\/wp-json\/wp\/v2\/comments?post=157863"}],"version-history":[{"count":0,"href":"https:\/\/www.europesays.com\/it\/wp-json\/wp\/v2\/posts\/157863\/revisions"}],"wp:featuredmedia":[{"embeddable":true,"href":"https:\/\/www.europesays.com\/it\/wp-json\/wp\/v2\/media\/157864"}],"wp:attachment":[{"href":"https:\/\/www.europesays.com\/it\/wp-json\/wp\/v2\/media?parent=157863"}],"wp:term":[{"taxonomy":"category","embeddable":true,"href":"https:\/\/www.europesays.com\/it\/wp-json\/wp\/v2\/categories?post=157863"},{"taxonomy":"post_tag","embeddable":true,"href":"https:\/\/www.europesays.com\/it\/wp-json\/wp\/v2\/tags?post=157863"}],"curies":[{"name":"wp","href":"https:\/\/api.w.org\/{rel}","templated":true}]}}