{"id":157931,"date":"2025-10-10T19:28:11","date_gmt":"2025-10-10T19:28:11","guid":{"rendered":"https:\/\/www.europesays.com\/it\/157931\/"},"modified":"2025-10-10T19:28:11","modified_gmt":"2025-10-10T19:28:11","slug":"uae-team-emirates-xrg-juan-ayuso-da-gennaio-la-dirigenza-e-diventata-aggressiva-mi-hanno-detto-che-se-non-avessi-prolungato-avrei-visto-che-tipo-di-calendario-avrei-seguito","status":"publish","type":"post","link":"https:\/\/www.europesays.com\/it\/157931\/","title":{"rendered":"UAE Team Emirates XRG, Juan Ayuso: &#8220;Da gennaio, la dirigenza \u00e8 diventata aggressiva: mi hanno detto che se non avessi prolungato, avrei visto che tipo di calendario avrei seguito&#8221;"},"content":{"rendered":"<p>\t\t\t\t\t<a href=\"https:\/\/cyclingpro.net\/spaziociclismo\/altro\/scopri-lapp-ufficiale-di-spaziociclismo\/\" title=\"\" rel=\"nofollow noopener\" target=\"_blank\"><br \/>\n\t\t\t\t\t\t<img loading=\"lazy\" decoding=\"async\" src=\"https:\/\/www.europesays.com\/it\/wp-content\/uploads\/2025\/09\/1758060682_662_Banner-App-SpazioCiclismo.png\" alt=\"\" width=\"728\" height=\"91\"\/><br \/>\n\t\t\t\t\t<\/a><\/p>\n<p><strong>Juan Ayuso<\/strong> torna a parlare del suo turbolento addio alla <strong>UAE Team Emirates XRG<\/strong>. Anche se formalmente \u00e8 legato alla formazione emiratina ancora fino a fine anno, il 23enne si appresta a iniziare la sua nuova avventura alla Lidl-Trek dato che quella con la compagine mediorientale \u00e8 ormai conclusa, visto che non ha pi\u00f9 gare in programma in quel che resta della stagione. Come gi\u00e0 accaduto negli scorsi giorni, <a href=\"https:\/\/cyclingpro.net\/spaziociclismo\/worldtour\/uae-team-emirates-xrg-juan-ayuso-parla-delladdio-al-team-in-squadra-non-ce-autocritica-mi-avevano-proposto-il-rinnovo\/\" rel=\"nofollow noopener\" target=\"_blank\">quando aveva spiegato i motivi del suo divorzio con il team<\/a>, lo spagnolo ne ha approfittato per togliersi qualche sassolino dalla scarpa, in particolare contro la dirigenza della squadra e dell\u2019atteggiamento tenuto verso di lui.<\/p>\n<p>\u201c<strong>Dopo ogni gara, quando tornavo a casa, sentivo che non c\u2019era intesa n\u00e9 rapporto<\/strong> \u2013 ha raccontato Ayuso in un\u2019intervista al giornalista Daniel Benson \u2013 Erano piccoli dettagli, ma anche alla Vuelta del 2023 pensavo gi\u00e0 che, se avessi avuto l\u2019opportunit\u00e0 di andarmene, l\u2019avrei presa in considerazione, ma <strong>ogni volta che ne parlavo, anche solo minimamente, con la dirigenza, la risposta era sempre \u2018no\u2019<\/strong>. Sentivo che andarmene era una possibilit\u00e0 molto remota, quindi ho cercato di sfruttare al massimo il tempo a mia disposizione, ma <strong>a un certo punto la frustrazione ha iniziato ad accumularsi<\/strong>\u201c.<\/p>\n<p>\u201c<strong>Da gennaio 2025 in poi, le dirigenza \u00e8 diventata davvero aggressiva<\/strong> \u2013 ha proseguito lo spagnolo \u2013 Mi \u00e8 stata proposto un rinnovo del contratto fino al 2030. La mia pi\u00f9 grande preoccupazione durante quelle trattative era la famosa clausola di rescissione da 100 milioni di euro prevista dal mio contratto. Se fosse stata sostituita da una clausola di rescissione proporzionale, avrei voluto prolungare. <strong>Da quel momento in poi sono iniziate le minacce. Mi hanno detto che se non avessi prolungato, avrei visto che tipo di calendario avrei seguito<\/strong>. \u00c8 stato allora che ho pensato: basta cos\u00ec\u201d.<\/p>\n<p>Il 23enne lamenta che la squadra non lo ha trattato bene: \u201c<strong>La mia immagine \u00e8 stata ritratta in un modo che sicuramente \u00e8 diverso da quello che sono realmente<\/strong>. Ci\u00f2 che mi infastidisce di pi\u00f9 \u00e8 che la squadra, invece di cercare di aiutare, almeno in questi ultimi mesi, <strong>ha cercato di dipingermi in una luce molto negativa<\/strong>. Sono stato visto come il cattivo della situazione. Questo \u00e8 ci\u00f2 che mi d\u00e0 pi\u00f9 fastidio, ma <strong>sono sicuro che dal 2026 in poi potr\u00f2 mostrare chi sono veramente in una nuova squadra<\/strong>\u201c.<\/p>\n","protected":false},"excerpt":{"rendered":"Juan Ayuso torna a parlare del suo turbolento addio alla UAE Team Emirates XRG. Anche se formalmente \u00e8&hellip;\n","protected":false},"author":3,"featured_media":157932,"comment_status":"","ping_status":"","sticky":false,"template":"","format":"standard","meta":{"footnotes":""},"categories":[1456],"tags":[1824,1825,1537,90,89,1829,245,244,1828],"class_list":{"0":"post-157931","1":"post","2":"type-post","3":"status-publish","4":"format-standard","5":"has-post-thumbnail","7":"category-ciclismo","8":"tag-ciclismo","9":"tag-cycling","10":"tag-it","11":"tag-italia","12":"tag-italy","13":"tag-juan-ayuso","14":"tag-sport","15":"tag-sports","16":"tag-uae-team-emirates-xrg-2025"},"share_on_mastodon":{"url":"","error":""},"_links":{"self":[{"href":"https:\/\/www.europesays.com\/it\/wp-json\/wp\/v2\/posts\/157931","targetHints":{"allow":["GET"]}}],"collection":[{"href":"https:\/\/www.europesays.com\/it\/wp-json\/wp\/v2\/posts"}],"about":[{"href":"https:\/\/www.europesays.com\/it\/wp-json\/wp\/v2\/types\/post"}],"author":[{"embeddable":true,"href":"https:\/\/www.europesays.com\/it\/wp-json\/wp\/v2\/users\/3"}],"replies":[{"embeddable":true,"href":"https:\/\/www.europesays.com\/it\/wp-json\/wp\/v2\/comments?post=157931"}],"version-history":[{"count":0,"href":"https:\/\/www.europesays.com\/it\/wp-json\/wp\/v2\/posts\/157931\/revisions"}],"wp:featuredmedia":[{"embeddable":true,"href":"https:\/\/www.europesays.com\/it\/wp-json\/wp\/v2\/media\/157932"}],"wp:attachment":[{"href":"https:\/\/www.europesays.com\/it\/wp-json\/wp\/v2\/media?parent=157931"}],"wp:term":[{"taxonomy":"category","embeddable":true,"href":"https:\/\/www.europesays.com\/it\/wp-json\/wp\/v2\/categories?post=157931"},{"taxonomy":"post_tag","embeddable":true,"href":"https:\/\/www.europesays.com\/it\/wp-json\/wp\/v2\/tags?post=157931"}],"curies":[{"name":"wp","href":"https:\/\/api.w.org\/{rel}","templated":true}]}}