{"id":158007,"date":"2025-10-10T20:23:13","date_gmt":"2025-10-10T20:23:13","guid":{"rendered":"https:\/\/www.europesays.com\/it\/158007\/"},"modified":"2025-10-10T20:23:13","modified_gmt":"2025-10-10T20:23:13","slug":"il-talento-bestiale-e-sorprendente-di-enea-bastianini-tra-gestione-gomme-e-posizioni-in-griglia","status":"publish","type":"post","link":"https:\/\/www.europesays.com\/it\/158007\/","title":{"rendered":"Il talento bestiale e sorprendente di Enea Bastianini. Tra gestione gomme e posizioni in griglia"},"content":{"rendered":"<p>                                                                                                                    <img decoding=\"async\" src=\"https:\/\/www.europesays.com\/it\/wp-content\/uploads\/2025\/10\/ENEA-BASTIANINI-UN-TALENTO-BESTIALE-Nella-foto-Mario-Salvini-Enea-Bastianini_imagefullwide.jpg\" class=\"img-responsive center-block\" style=\"border: 0px  ;\" alt=\"\" title=\"\"\/><\/p>\n<p>ENEA BASTIANINI: UN TALENTO BESTIALE Nella foto: Mario Salvini, Enea Bastianini.                            [<br \/>\nNicola Eccher &#8211; Archivio Ufficio Stampa PAT]\n                        <\/p>\n<p class=\" text-justify\">Iniziamo, per\u00f2, dall\u2019inizio. Da un numero, il 33 che si rif\u00e0 a quei a 3 anni e 3 mesi, l\u2019et\u00e0 della prima volta sulla minimoto \u201cun colpo di fulmine. In un\u2019officina, per caso, per cambiare un pezzo dello scooter della mamma.\u201d Che invece gli cambier\u00e0 la vita. Quella di un bambino molto attivo che trova in due (mini) ruote il suo sfogo. \u201cMi hanno anche affidato le chiavi della pista di Cattolica, per poterci andare anche di sera.\u201d Il tracciato della prima gara, con una pole conquistata e dopo il primo giro un incidente e un quarto piazzamento. E il posto per un altro sport: i tuffi. Le gare e alcuni anni trascorsi in vasca e gli allenamenti. Allenato alla resistenza e alla costanza.<\/p>\n<p class=\" text-justify\">Onnipresente, per\u00f2, una convinzione. Da subito. Le due ruote erano quello che volevo e avrei continuato a voler fare. Certo a 15 anni qualche grattacapo economico \u201cma la Moto3 arriver\u00e0 comunque, nel 2014. A soli 16 anni. E anche se all\u2019inizio sembrava solo un gioco, lo stesso anno del debutto arriva anche il titolo di Rookie of the Year. Poi due stagioni e gi\u00e0 sfiora il titolo. Quello che vincer\u00e0 in Moto 2, solo due anni dopo e 5 di Moto3.<\/p>\n<p class=\" text-justify\">Memorabile, per\u00f2, rimane \u201cla prima vittoria in Moto 3 perch\u00e9 me la sentivo. La sera prima sono pure andato dal parrucchiere per colorarmi i capelli di bianco. Una chioma che riuscir\u00f2 a nascondere e sfoggiare una volta sul podio.\u201d Una testa dove quella vittoria c\u2019era gi\u00e0 dal giorno prima. \u201cl\u00ec dentro nessun altro risultato era possibile.\u201d<\/p>\n<p class=\" text-justify\">Una prima volta che rimane nella storia quel 2020 diverso da tutti, con la stagione iniziata in forte ritardo \u201ce io che potevo solo far bene, Miravo alla MotoGP ma sapevo che la classe regina l\u2019avrei conquistata solo con super campionato in Moto2.\u201d Missione compiuta con il titolo e gi\u00e0 un contratto per l\u2019anno successivo. Quando abbandoner\u00e0 categoria e numero: il 33 diverr\u00e0 un 23.<\/p>\n<p class=\" text-justify\">Nel 2022, il suo secondo anno nella massima serie, arriva al Team Gresini \u201cin una squadra sapevo che mi avrebbe aiutato: le persone che fanno parte di quel Team erano (e sono) una garanzia. La prima gara vinta, per\u00f2, la vincer\u00f2 nel Team di Fausto senza Fausto. E rientrare al box, sapendo di incrociare gli occhi di Nadia \u00e8 stato un momento bello e terribile insieme.\u201d Bestiale, ma nel senso pi\u00f9 duro e forte, questa volta.<\/p>\n<p class=\" text-justify\">All\u2019arrivo in Ducati official team, l\u2019incidente anzi gli incidenti e una stagione tutta in salita. \u201cPi\u00f9 cercavo di recuperare e peggio andavo.\u201d Fino all\u2019abisso. \u201cIn cui ti domandi il motivo. Perch\u00e9?\u201d Ma, anche, perch\u00e9 no? In Indonesia torner\u00e0. La spalla gli d\u00e0 tregua e in Malesia c\u2019\u00e8 il primo gradino del podio. Anche se poi nel 2024 le cose non andranno al meglio. \u201cMi sentivo messo in discussione dalla prima gara. Jorge Martin, il mio compagno di squadra vinceva e andava forte. Io volevo prendere tutto in un altro verso, andarci con meno fretta. La pressione per\u00f2 era tanta, troppa. E al Mugello, con l\u2019annuncio che non sarei pi\u00f9 stato nel team nella stagione successiva, tutto si \u00e8 alleggerito: sembra incredibile, ma da quel momento mi sono sbloccato. Via la tensione e spazio alla serenit\u00e0. Trasformando le sprint race, il mio tallone d\u2019Achille, nel mio punto forte.\u201d Gi\u00e0, i punti forti? La gestione delle gomme. Punto debole? La griglia \u201cogni tanto mi capita di partire dietro la safety car!\u201d Risata generale.<\/p>\n<p class=\" text-justify\">Anche per non pensare a questo 2025, in KTM \u201cpartito male. Lo sapevamo ma non pensavo cos\u00ec tanto. Male.\u201d Un anno sacrificale. Da archiviare cos\u00ec. Mentre guarda al futuro il Bestia. Che ascolta musica classica, passione trasmessa dalla fidanzata, mentre le sue di sempre sono Harry Potter e la pesca. Un Bestia che sorprende. Non solo pieghe e motori. Ma qui la sorpresa nella serata di Trento \u00e8 per lui. Quando sul palco arriva Sebastiano Brunelli campione mondiale di Pesca. Che lo raggiunge e lo sfida in una prova di lancio verso la platea. Dall\u2019esito, per\u00f2, a noi ancora sconosciuto.<\/p>\n","protected":false},"excerpt":{"rendered":"ENEA BASTIANINI: UN TALENTO BESTIALE Nella foto: Mario Salvini, Enea Bastianini. [ Nicola Eccher &#8211; Archivio Ufficio Stampa&hellip;\n","protected":false},"author":3,"featured_media":158008,"comment_status":"","ping_status":"","sticky":false,"template":"","format":"standard","meta":{"footnotes":""},"categories":[1455],"tags":[22948,1537,90,89,1783,1784,22947,22949,22951,245,244,22946,22950],"class_list":{"0":"post-158007","1":"post","2":"type-post","3":"status-publish","4":"format-standard","5":"has-post-thumbnail","7":"category-moto","8":"tag-comunicati","9":"tag-it","10":"tag-italia","11":"tag-italy","12":"tag-moto","13":"tag-motorcycle","14":"tag-provincia-autonoma-di-trento","15":"tag-radio-news","16":"tag-riviste","17":"tag-sport","18":"tag-sports","19":"tag-ufficio-stampa","20":"tag-web-tv"},"share_on_mastodon":{"url":"","error":""},"_links":{"self":[{"href":"https:\/\/www.europesays.com\/it\/wp-json\/wp\/v2\/posts\/158007","targetHints":{"allow":["GET"]}}],"collection":[{"href":"https:\/\/www.europesays.com\/it\/wp-json\/wp\/v2\/posts"}],"about":[{"href":"https:\/\/www.europesays.com\/it\/wp-json\/wp\/v2\/types\/post"}],"author":[{"embeddable":true,"href":"https:\/\/www.europesays.com\/it\/wp-json\/wp\/v2\/users\/3"}],"replies":[{"embeddable":true,"href":"https:\/\/www.europesays.com\/it\/wp-json\/wp\/v2\/comments?post=158007"}],"version-history":[{"count":0,"href":"https:\/\/www.europesays.com\/it\/wp-json\/wp\/v2\/posts\/158007\/revisions"}],"wp:featuredmedia":[{"embeddable":true,"href":"https:\/\/www.europesays.com\/it\/wp-json\/wp\/v2\/media\/158008"}],"wp:attachment":[{"href":"https:\/\/www.europesays.com\/it\/wp-json\/wp\/v2\/media?parent=158007"}],"wp:term":[{"taxonomy":"category","embeddable":true,"href":"https:\/\/www.europesays.com\/it\/wp-json\/wp\/v2\/categories?post=158007"},{"taxonomy":"post_tag","embeddable":true,"href":"https:\/\/www.europesays.com\/it\/wp-json\/wp\/v2\/tags?post=158007"}],"curies":[{"name":"wp","href":"https:\/\/api.w.org\/{rel}","templated":true}]}}