{"id":158036,"date":"2025-10-10T20:40:13","date_gmt":"2025-10-10T20:40:13","guid":{"rendered":"https:\/\/www.europesays.com\/it\/158036\/"},"modified":"2025-10-10T20:40:13","modified_gmt":"2025-10-10T20:40:13","slug":"meloni-nati-per-stravolgere-i-pronostici-anche-in-toscana","status":"publish","type":"post","link":"https:\/\/www.europesays.com\/it\/158036\/","title":{"rendered":"Meloni: Nati per stravolgere i pronostici, anche in Toscana"},"content":{"rendered":"<p>Per molti &#8220;i risultati di queste elezioni sono gi\u00e0 scritti, ma la mia e la nostra storia dimostra che niente \u00e8 gi\u00e0 scritto, quando si decide di combattere davvero. Noi siamo nati per stravolgere i pronostici, e lo vogliamo fare anche in Toscana&#8221;. Queste le parole della premier Giorgia Meloni, intervenuta alla chiusura della campagna elettorale di <a data-intcmp=\"skytg24_foglia articolo_interlink_text\" href=\"https:\/\/tg24.sky.it\/politica\/video\/2025\/10\/07\/tomasi-su-fine-vita-discuta-parlamento-e-si-faccia-legge-1041688\" rel=\"nofollow noopener\" target=\"_blank\">Alessandro Tomasi.<\/a>\u00a0 &#8220;Il problema delle roccaforti \u00e8 che ti basta solo gestire il potere. E&#8217; quello che accade in questo territorio. Alessandro Tomasi candidatura di bandiera? S\u00ec del cambiamento&#8221;, ha detto ancora Meloni, proprio in vista delle <a data-intcmp=\"skytg24_foglia articolo_interlink_text\" href=\"https:\/\/tg24.sky.it\/politica\/2025\/10\/07\/elezioni-regionali-toscana-giani-tomasi-candidati-programmi\" rel=\"nofollow noopener\" target=\"_blank\">Regionali in Toscana<\/a>. &#8220;E&#8217; una politica che non ti chiede una tessera di partito&#8221;, ha proseguito la premier, &#8220;qui c&#8217;\u00e8 un sistema di potere chiuso, concentrato a dividere il mondo tra amici e nemici, a piegare tutto alla logica del potere&#8221;, ha poi osservato.<\/p>\n<p>\t\t \tMeloni: &#8220;La sinistra unita solo dall&#8217;odio contro di noi&#8221;<\/p>\n<p>La premier, poi, ha attaccato l&#8217;opposizione e, nello specifico, i partiti del centrosinistra. &#8220;Hanno un solo collante, l&#8217;odio verso di noi, il bisogno di liberarsi di noi con ogni mezzo possibile, costi quel che costi per tornare a gestire il potere: ma per farci cosa?&#8221;. E, poi ancora: &#8220;Siamo fieri di metterci la faccia insieme &#8211; ha affermato &#8211; a differenza si quanto accade a sinistra dove si fanno accordi di palazzo per stare insieme, ma non si ha il coraggio di scendere in piazza per farsi vedere insieme&#8221;. &#8220;Sento dire ogni giorno&#8221;, ha incalzato ancora Meloni, che &#8220;dobbiamo mandare a casa Meloni, impedirle di andare al Quirinale, di essere rieletta, e questo \u00e8 il loro progetto&#8217;. Ma ammesso che riusciate a mandarmi a casa, a tornare al governo, potete spiegare agli italiani cosa volete fare col governo della nazione quando ci arrivate?&#8221;.<\/p>\n<p>Le &#8220;spallate&#8221; tra Marche e Calabria<\/p>\n<p>L&#8217;attacco alla sinistra \u00e8 proseguito. &#8220;Le spallate le hanno prese loro&#8221;, ha detto la premier ricordando il risultato nelle Marche e in Calabria. &#8220;Siamo passati al qualunquemente. Gli italiani sono un po&#8217; pi\u00f9 svegli di quello che pensa la sinistra. Gli italiani capiscono quando qualcuno li umilia e la politica li tratta da imbecilli. La gente non \u00e8 stupida, guarda ai risultati, al lavoro, a come hai governato, alla disponibilit\u00e0 al sacrificio&#8221;, ha osserva ancora Meloni, &#8220;premiano la coerenza&#8221;.\u00a0<\/p>\n<p>Medio Oriente: &#8220;La pace grazie a Trump&#8221;<\/p>\n<p>Inevitabile un commento della premier sugli sviluppi odierni in Medio Oriente. &#8220;Hamas non firma&#8221; la pace &#8220;per Landini, n\u00e9 per Albanese che insulta la Segre, ne per Greta con la Flotilla. C&#8217;\u00e8 una persona da ringraziare, Trump, presidente degli Usa repubblicano. Non ci facciamo fare la morale da una sinistra sempre pi\u00f9 radicalizzata&#8221;, ha detto Meloni.\u00a0<\/p>\n<p>\t\t\t<a class=\"c-inline-card j-inline-card c-inline-card--with-image\" href=\"https:\/\/tg24.sky.it\/politica\/2025\/10\/07\/elezioni-regionali-toscana-giani-tomasi-confronto-sky\" rel=\"follow nofollow noopener\" data-intcmp=\"skytg24_articolo_approfondimenti_inline\" target=\"_blank\"><\/p>\n<p>\t\t\t         <img decoding=\"async\" crossorigin=\"anonymous\" alt=\"\" src=\"https:\/\/www.europesays.com\/it\/wp-content\/uploads\/2025\/10\/1760128813_241_toscana.jpg\"  loading=\"lazy\"  bad-src=\"https:\/\/www.europesays.com\/it\/wp-content\/uploads\/2025\/10\/1760128813_241_toscana.jpg\"\/><\/p>\n<p>\n\t\t\t         Approfondimento<br \/>\n\t\t\t         Elezioni Toscana, &#8220;Il Confronto&#8221; Giani-Tomasi su Sky TG24\n\t\t\t      <\/p>\n<p>\t\t\t<\/a><\/p>\n","protected":false},"excerpt":{"rendered":"Per molti &#8220;i risultati di queste elezioni sono gi\u00e0 scritti, ma la mia e la nostra storia dimostra&hellip;\n","protected":false},"author":3,"featured_media":158037,"comment_status":"","ping_status":"","sticky":false,"template":"","format":"standard","meta":{"footnotes":""},"categories":[6],"tags":[364,14,4386,126,8,1537,90,89,7,15,82,9,83,10,13,11922,11,80,84,12,81,85],"class_list":{"0":"post-158036","1":"post","2":"type-post","3":"status-publish","4":"format-standard","5":"has-post-thumbnail","7":"category-ultime-notizie","8":"tag-collaboratori","9":"tag-cronaca","10":"tag-elezioni-regionali","11":"tag-giorgia-meloni","12":"tag-headlines","13":"tag-it","14":"tag-italia","15":"tag-italy","16":"tag-news","17":"tag-notizie","18":"tag-notizie-di-cronaca","19":"tag-notizie-principali","20":"tag-notiziedicronaca","21":"tag-notizieprincipali","22":"tag-titoli","23":"tag-toscana","24":"tag-ultime-notizie","25":"tag-ultime-notizie-di-cronaca","26":"tag-ultime-notizie-e-news-di-oggi","27":"tag-ultimenotizie","28":"tag-ultimenotiziedicronaca","29":"tag-ultimenotizieenewsdioggi"},"share_on_mastodon":{"url":"","error":""},"_links":{"self":[{"href":"https:\/\/www.europesays.com\/it\/wp-json\/wp\/v2\/posts\/158036","targetHints":{"allow":["GET"]}}],"collection":[{"href":"https:\/\/www.europesays.com\/it\/wp-json\/wp\/v2\/posts"}],"about":[{"href":"https:\/\/www.europesays.com\/it\/wp-json\/wp\/v2\/types\/post"}],"author":[{"embeddable":true,"href":"https:\/\/www.europesays.com\/it\/wp-json\/wp\/v2\/users\/3"}],"replies":[{"embeddable":true,"href":"https:\/\/www.europesays.com\/it\/wp-json\/wp\/v2\/comments?post=158036"}],"version-history":[{"count":0,"href":"https:\/\/www.europesays.com\/it\/wp-json\/wp\/v2\/posts\/158036\/revisions"}],"wp:featuredmedia":[{"embeddable":true,"href":"https:\/\/www.europesays.com\/it\/wp-json\/wp\/v2\/media\/158037"}],"wp:attachment":[{"href":"https:\/\/www.europesays.com\/it\/wp-json\/wp\/v2\/media?parent=158036"}],"wp:term":[{"taxonomy":"category","embeddable":true,"href":"https:\/\/www.europesays.com\/it\/wp-json\/wp\/v2\/categories?post=158036"},{"taxonomy":"post_tag","embeddable":true,"href":"https:\/\/www.europesays.com\/it\/wp-json\/wp\/v2\/tags?post=158036"}],"curies":[{"name":"wp","href":"https:\/\/api.w.org\/{rel}","templated":true}]}}