{"id":158042,"date":"2025-10-10T20:50:12","date_gmt":"2025-10-10T20:50:12","guid":{"rendered":"https:\/\/www.europesays.com\/it\/158042\/"},"modified":"2025-10-10T20:50:12","modified_gmt":"2025-10-10T20:50:12","slug":"sainz-non-ha-dubbi-marc-marquez-e-layrton-senna-della-motogp-fp-news","status":"publish","type":"post","link":"https:\/\/www.europesays.com\/it\/158042\/","title":{"rendered":"Sainz non ha dubbi: &#8220;Marc Marquez \u00e8 l&#8217;Ayrton Senna della MotoGP&#8221; | FP &#8211; News"},"content":{"rendered":"<p>Il campionato del mondo di MotoGP non \u00e8 ancora finito, ma la lotta per il titolo iridato si \u00e8 gi\u00e0 conclusa a favore di <strong>Marc Marquez<\/strong>, che al suo primo anno in sella alla Ducati si \u00e8 aggiudicato il settimo titolo mondiale della sua carriera nella classe regina, eguagliando il record di Valentino Rossi. Un traguardo raggiunto a Motegi dopo un lungo calvario iniziato nel 2020 con la Honda, quando un infortunio al braccio destro lo costrinse a non prendere parte a quella stagione.<\/p>\n<p>Come se non bastasse, dopo tre interventi chirurgici, nel 2022 lo spagnolo fu vittima di un altro infortunio, in questo caso all\u2019omero. Terminata l\u2019esperienza in Honda a fine 2023, Marquez firm\u00f2 per il team Gresini lo scorso anno, per poi tornare ai vertici del Motomondiale con la Ducati ufficiale in un campionato dominato, ma ancora interrotto anzitempo per un infortunio alla clavicola nell\u2019ultima gara in Indonesia.<\/p>\n<p>Da molti appassionati, per i risultati raggiunti e per lo stile di guida, Marquez \u00e8 ritenuto il pilota pi\u00f9 forte, cos\u00ec come il compianto Ayrton Senna nel panorama della Formula 1. Due piloti che sono stati paragonati da <strong>Carlos Sainz<\/strong>, attualmente in Williams dopo una parentesi in Ferrari: \u201cMi sono gi\u00e0 congratulato con lui, perch\u00e9 ha avuto un anno fantastico e gli ho dato il merito per la rimonta che ha fatto nella sua carriera \u2013 ha commentato Sainz al podcast El Partidazo di COPE \u2013 <strong>Marquez \u00e8 l\u2019Ayrton Senna della MotoGP<\/strong>. \u00c8 solo che, per come lo stiamo vivendo ora, non ce ne siamo resi conto. Il giorno in cui si ritirer\u00e0, e con il passare degli anni, tutti ricorderanno Marc Marquez come la cosa pi\u00f9 vicina a ci\u00f2 che \u00e8 stato Ayrton Senna in Formula 1\u2033.<\/p>\n","protected":false},"excerpt":{"rendered":"Il campionato del mondo di MotoGP non \u00e8 ancora finito, ma la lotta per il titolo iridato si&hellip;\n","protected":false},"author":3,"featured_media":158043,"comment_status":"","ping_status":"","sticky":false,"template":"","format":"standard","meta":{"footnotes":""},"categories":[1455],"tags":[3364,1537,90,89,2835,1783,1784,245,244],"class_list":{"0":"post-158042","1":"post","2":"type-post","3":"status-publish","4":"format-standard","5":"has-post-thumbnail","7":"category-moto","8":"tag-carlos-sainz","9":"tag-it","10":"tag-italia","11":"tag-italy","12":"tag-marc-marquez","13":"tag-moto","14":"tag-motorcycle","15":"tag-sport","16":"tag-sports"},"share_on_mastodon":{"url":"","error":""},"_links":{"self":[{"href":"https:\/\/www.europesays.com\/it\/wp-json\/wp\/v2\/posts\/158042","targetHints":{"allow":["GET"]}}],"collection":[{"href":"https:\/\/www.europesays.com\/it\/wp-json\/wp\/v2\/posts"}],"about":[{"href":"https:\/\/www.europesays.com\/it\/wp-json\/wp\/v2\/types\/post"}],"author":[{"embeddable":true,"href":"https:\/\/www.europesays.com\/it\/wp-json\/wp\/v2\/users\/3"}],"replies":[{"embeddable":true,"href":"https:\/\/www.europesays.com\/it\/wp-json\/wp\/v2\/comments?post=158042"}],"version-history":[{"count":0,"href":"https:\/\/www.europesays.com\/it\/wp-json\/wp\/v2\/posts\/158042\/revisions"}],"wp:featuredmedia":[{"embeddable":true,"href":"https:\/\/www.europesays.com\/it\/wp-json\/wp\/v2\/media\/158043"}],"wp:attachment":[{"href":"https:\/\/www.europesays.com\/it\/wp-json\/wp\/v2\/media?parent=158042"}],"wp:term":[{"taxonomy":"category","embeddable":true,"href":"https:\/\/www.europesays.com\/it\/wp-json\/wp\/v2\/categories?post=158042"},{"taxonomy":"post_tag","embeddable":true,"href":"https:\/\/www.europesays.com\/it\/wp-json\/wp\/v2\/tags?post=158042"}],"curies":[{"name":"wp","href":"https:\/\/api.w.org\/{rel}","templated":true}]}}