{"id":158061,"date":"2025-10-10T21:02:10","date_gmt":"2025-10-10T21:02:10","guid":{"rendered":"https:\/\/www.europesays.com\/it\/158061\/"},"modified":"2025-10-10T21:02:10","modified_gmt":"2025-10-10T21:02:10","slug":"non-voglio-piu-essere-frainteso","status":"publish","type":"post","link":"https:\/\/www.europesays.com\/it\/158061\/","title":{"rendered":"Non voglio pi\u00f9 essere frainteso"},"content":{"rendered":"<p>Ciro Solimeno spiega la fine della sua chiacchieratissima e discussa storia con Martina De Ioannon, nata nel dating show di Uomini e Donne: &#8220;Non eravamo pi\u00f9 felici&#8221;<\/p>\n<p>La storia tra <strong>Ciro Solimeno<\/strong> e <strong>Martina De Ioannon<\/strong>, una delle coppie pi\u00f9 amate nate a <strong>Uomini e Donne<\/strong>, \u00e8 ufficialmente giunta al capolinea. Dopo otto mesi di relazione, i due hanno deciso di prendere strade diverse, lasciando i fan spiazzati.<\/p>\n<p>Uomini e Donne, le indiscrezioni e la risposta di Ciro: &#8220;Io e Martina non siamo in guerra&#8221;<\/p>\n<p>Negli ultimi giorni, i social sono esplosi di teorie e supposizioni. Alcuni utenti hanno ipotizzato che alla base della rottura ci fosse un presunto tradimento o addirittura un <strong>terzo incomodo<\/strong>. Tra i nomi circolati, quello di <strong>Gianmarco Steri<\/strong>, anche lui reduce da una rottura recente, con <strong>Cristina Ferrara<\/strong>.<\/p>\n<p>Le voci sono nate da alcune interazioni sospette sui social e da frasi enigmatiche condivise da <strong>Ciro<\/strong>, che molti hanno interpretato come <strong>frecciate verso Martina<\/strong>. La ragazza, a sua volta, non \u00e8 rimasta in silenzio: ha negato ogni accusa e ha replicato duramente, sostenendo che l\u2019ex volesse \u201cpassare per vittima\u201d.<\/p>\n<p>A complicare ulteriormente la situazione, nelle ultime ore \u00e8 intervenuta <strong>Deianira Marzano<\/strong>, che ha riportato una segnalazione ricevuta da una follower:<\/p>\n<blockquote><p>\u201cCiro \u00e8 stato visto in un locale di Roma con amici e una ragazza, appariva sereno e non affatto turbato.\u201d<\/p><\/blockquote>\n<p>Secondo alcune indiscrezioni, l\u2019ex corteggiatore starebbe gi\u00e0 conoscendo una nuova persona, ma lui ha deciso di intervenire per mettere fine alle indiscrezione. Ciro <strong>ha <\/strong>quindi commentato su Instagram:<\/p>\n<blockquote><p>\u201cVedo che ognuno dice la sua, ma la verit\u00e0 \u00e8 che io e Martina non ci siamo lasciati male. Semplicemente, non funzionava pi\u00f9. Nessun tradimento, nessuna storia parallela. Voglio solo voltare pagina, senza rancore.\u201d<\/p><\/blockquote>\n<p>Una presa di posizione che getta acqua sul fuoco dopo giorni di tensione e accuse reciproche. Per ora, <strong>Martina <\/strong>non ha replicato, ma i fan sperano che tra i due possa almeno tornare un clima sereno dopo mesi di amore vissuto sotto i riflettori.<\/p>\n<p>Scopri le ultime news su <strong><a href=\"https:\/\/www.comingsoon.it\/tv\/uomini-e-donne\/3\/scheda\/\" target=\"_blank\" title=\"Uomini e Donne\" rel=\"nofollow noopener\">Uomini e Donne<\/a><\/strong>.<\/p>\n","protected":false},"excerpt":{"rendered":"Ciro Solimeno spiega la fine della sua chiacchieratissima e discussa storia con Martina De Ioannon, nata nel dating&hellip;\n","protected":false},"author":3,"featured_media":158062,"comment_status":"","ping_status":"","sticky":false,"template":"","format":"standard","meta":{"footnotes":""},"categories":[174],"tags":[203,204,1537,90,89],"class_list":{"0":"post-158061","1":"post","2":"type-post","3":"status-publish","4":"format-standard","5":"has-post-thumbnail","7":"category-intrattenimento","8":"tag-entertainment","9":"tag-intrattenimento","10":"tag-it","11":"tag-italia","12":"tag-italy"},"share_on_mastodon":{"url":"","error":""},"_links":{"self":[{"href":"https:\/\/www.europesays.com\/it\/wp-json\/wp\/v2\/posts\/158061","targetHints":{"allow":["GET"]}}],"collection":[{"href":"https:\/\/www.europesays.com\/it\/wp-json\/wp\/v2\/posts"}],"about":[{"href":"https:\/\/www.europesays.com\/it\/wp-json\/wp\/v2\/types\/post"}],"author":[{"embeddable":true,"href":"https:\/\/www.europesays.com\/it\/wp-json\/wp\/v2\/users\/3"}],"replies":[{"embeddable":true,"href":"https:\/\/www.europesays.com\/it\/wp-json\/wp\/v2\/comments?post=158061"}],"version-history":[{"count":0,"href":"https:\/\/www.europesays.com\/it\/wp-json\/wp\/v2\/posts\/158061\/revisions"}],"wp:featuredmedia":[{"embeddable":true,"href":"https:\/\/www.europesays.com\/it\/wp-json\/wp\/v2\/media\/158062"}],"wp:attachment":[{"href":"https:\/\/www.europesays.com\/it\/wp-json\/wp\/v2\/media?parent=158061"}],"wp:term":[{"taxonomy":"category","embeddable":true,"href":"https:\/\/www.europesays.com\/it\/wp-json\/wp\/v2\/categories?post=158061"},{"taxonomy":"post_tag","embeddable":true,"href":"https:\/\/www.europesays.com\/it\/wp-json\/wp\/v2\/tags?post=158061"}],"curies":[{"name":"wp","href":"https:\/\/api.w.org\/{rel}","templated":true}]}}