{"id":158082,"date":"2025-10-10T21:21:09","date_gmt":"2025-10-10T21:21:09","guid":{"rendered":"https:\/\/www.europesays.com\/it\/158082\/"},"modified":"2025-10-10T21:21:09","modified_gmt":"2025-10-10T21:21:09","slug":"le-mie-foto-intime-online-mi-sentii-violata","status":"publish","type":"post","link":"https:\/\/www.europesays.com\/it\/158082\/","title":{"rendered":"Le mie foto intime online, mi sentii violata"},"content":{"rendered":"<p>\u00c8 un messaggio di forza quello di <strong>Diletta Leotta<\/strong> e un invito a non arrendersi, denunciando. La conduttrice ha ricordato, dieci anni dopo, uno dei momenti pi\u00f9 difficili e dolorosi della sua vita. Era il 2016 quando le foto intime di Diletta vennero sottratte illegalmente dal suo iCloud e in seguito diffuse online insieme al suo numero di telefono. Una <strong>violazione della privacy<\/strong> enorme che sconvolse la presentatrice, all\u2019epoca 26enne e agli inizi della sua carriera.\n<\/p>\n<p>Il dolore di Diletta Leotta per le foto intime rubate<\/p>\n<p><a href=\"https:\/\/dilei.it\/star-e-vip\/diletta-leotta\/\" rel=\"nofollow noopener\" target=\"_blank\">Diletta Leotta<\/a>, a distanza di dieci anni, ricorda ancora bene quel giorno terribile quando una sua amica la chiam\u00f2 per dirle che alcune sue<strong> foto intime erano finite online<\/strong> e il telefono della conduttrice inizi\u00f2 a squillare, con chiamate e messaggi di sconosciuti.<\/p>\n<p>\u201cSono andata a cercare su Google e intanto il mio telefono ha iniziato a impazzire \u2013 ha raccontato a Vanity Fair -. Avevano rubato alcune immagini intime e, insieme a quelle, diffuso anche il mio numero di telefono in una cartella su Dropbox. Nel giro di pochi minuti ho ricevuto centinaia di chiamate e messaggi. Il telefono si \u00e8 bloccato. In quel momento ho capito che stava succedendo qualcosa di grave. Ero sola, avevo 26 anni, mi sono sentita paralizzata: fragile e violata nella mia identit\u00e0, nella mia libert\u00e0, nella mia privacy\u201d.<\/p>\n<p>La conduttrice ancora oggi soffre al ricordo di quei momenti e ha spiegato quanto sia difficile per lei \u201craccontare un dolore cos\u00ec intimo \u00e8 complicato ancora adesso. Ma oggi mi sento molto pi\u00f9 forte. Sono orgogliosa di quella ragazza di 26 anni che ha trovato la forza di reagire, anche se non pensava di averla. Oggi sono la donna che sono anche grazie a quella forza\u201d.<\/p>\n<p>La battaglia di Diletta Leotta<\/p>\n<p>Sono trascorsi dieci anni da quelle settimane complicate, fatte di incertezza e di sofferenza in cui Diletta sentiva che il <strong>suo mondo stava crollando in pezzi<\/strong>. \u201cPensavo che la mia vita fosse finita \u2013 ha raccontato -. \u00c8 stato difficile, ma parlarne mi ha aiutato: raccontare quella ferita \u00e8 stato il primo passo per guarire\u201d.<\/p>\n<p>Nonostante le difficolt\u00e0, la Leotta in quei momenti trov\u00f2 la forza di reagire e denunciare. \u201cAll\u2019inizio totale sconforto, un senso di solitudine incredibile \u2013 ha rivelato -. Non sapevo cosa fare. Poi ho trovato il coraggio di andare alla polizia postale a denunciare. Non \u00e8 stato facile: ero giovanissima, da sola a Milano, e non avevo nemmeno un telefono funzionante per chiamare i miei genitori. Loro hanno saputo subito cosa stava succedendo, ma ricordo la paura di quei momenti\u201d.<\/p>\n<p>A sostenere la conduttrice la famiglia (\u201cMio padre. \u00c8 stato il primo a chiamarmi e a dirmi: \u201cAmore, stai tranquilla. Noi sappiamo chi sei. Non ci interessa quello che vogliono raccontare di te. Lascia stare, vai avanti. Noi siamo con te\u201d, ha detto) e il lavoro, dove \u00e8 tornata subito dopo, con coraggio e determinazione. Oggi la Leotta \u00e8 pi\u00f9 decisa ad aiutare chi ha subito lo stesso, con un monito importante: \u201cSono felice di essere Ambassador Meta: significa sensibilizzare, spiegare alle ragazze e ai ragazzi che non devono vergognarsi, ma denunciare\u201d, ha spiegato.<\/p>\n","protected":false},"excerpt":{"rendered":"\u00c8 un messaggio di forza quello di Diletta Leotta e un invito a non arrendersi, denunciando. La conduttrice&hellip;\n","protected":false},"author":3,"featured_media":158083,"comment_status":"","ping_status":"","sticky":false,"template":"","format":"standard","meta":{"footnotes":""},"categories":[1451],"tags":[1621,1620,8048,203,204,1537,90,89],"class_list":{"0":"post-158082","1":"post","2":"type-post","3":"status-publish","4":"format-standard","5":"has-post-thumbnail","7":"category-celebrita","8":"tag-celebrita","9":"tag-celebrities","10":"tag-diletta-leotta","11":"tag-entertainment","12":"tag-intrattenimento","13":"tag-it","14":"tag-italia","15":"tag-italy"},"share_on_mastodon":{"url":"","error":""},"_links":{"self":[{"href":"https:\/\/www.europesays.com\/it\/wp-json\/wp\/v2\/posts\/158082","targetHints":{"allow":["GET"]}}],"collection":[{"href":"https:\/\/www.europesays.com\/it\/wp-json\/wp\/v2\/posts"}],"about":[{"href":"https:\/\/www.europesays.com\/it\/wp-json\/wp\/v2\/types\/post"}],"author":[{"embeddable":true,"href":"https:\/\/www.europesays.com\/it\/wp-json\/wp\/v2\/users\/3"}],"replies":[{"embeddable":true,"href":"https:\/\/www.europesays.com\/it\/wp-json\/wp\/v2\/comments?post=158082"}],"version-history":[{"count":0,"href":"https:\/\/www.europesays.com\/it\/wp-json\/wp\/v2\/posts\/158082\/revisions"}],"wp:featuredmedia":[{"embeddable":true,"href":"https:\/\/www.europesays.com\/it\/wp-json\/wp\/v2\/media\/158083"}],"wp:attachment":[{"href":"https:\/\/www.europesays.com\/it\/wp-json\/wp\/v2\/media?parent=158082"}],"wp:term":[{"taxonomy":"category","embeddable":true,"href":"https:\/\/www.europesays.com\/it\/wp-json\/wp\/v2\/categories?post=158082"},{"taxonomy":"post_tag","embeddable":true,"href":"https:\/\/www.europesays.com\/it\/wp-json\/wp\/v2\/tags?post=158082"}],"curies":[{"name":"wp","href":"https:\/\/api.w.org\/{rel}","templated":true}]}}