{"id":158119,"date":"2025-10-10T21:52:11","date_gmt":"2025-10-10T21:52:11","guid":{"rendered":"https:\/\/www.europesays.com\/it\/158119\/"},"modified":"2025-10-10T21:52:11","modified_gmt":"2025-10-10T21:52:11","slug":"victoria-beckham-la-verita-sul-ritorno-con-le-spice-girls-david-mi-ha-ricattata","status":"publish","type":"post","link":"https:\/\/www.europesays.com\/it\/158119\/","title":{"rendered":"Victoria Beckham, la verit\u00e0 sul ritorno con le Spice Girls: &#8220;David mi ha ricattata&#8221;"},"content":{"rendered":"<p>La carriera di Victoria Beckham \u00e8 stata decisamente particolare, se la si guarda sotto l\u2019aspetto dell\u2019apprezzamento da parte del pubblico. Adorata insieme alle <strong>Spice Girls<\/strong>, poi criticata per il suo tentativo di cambio carriera radicale. Generalmente finita nel dimenticatoio per svariati anni, per quanto riguarda il pubblico di massa, \u00e8 poi riuscita a tornare in auge, <strong>fianco a fianco con il marito<\/strong> David Beckham.<\/p>\n<p>Di certo \u201crecentemente\u201d \u00e8 stata aiutata dal <strong>documentario Netflix<\/strong> che ha gettato luce sulla sua vita di coppia, pur concentrandosi per\u00f2 sul percorso del marito. Si pu\u00f2 dire l\u2019abbia resa molto pi\u00f9 \u201cumana\u201d e avvicinabile. Un successo tale da produrre una seconda stagione. Victoria si \u00e8 messa a nudo e ha svelato anche una particolare dinamica con la sua met\u00e0.\n<\/p>\n<p>Il ritorno con le Spice Girls<\/p>\n<p>Nella <strong>nuova docuserie<\/strong> Netflix sulla sua vita, <a href=\"https:\/\/dilei.it\/vip\/anna-wintour-victoria-beckham-cosa-pensa\/1884950\/\" rel=\"nofollow noopener\" target=\"_blank\">Victoria Beckham<\/a> ha affrontato svariati temi. Uno di questi, di certo tra i pi\u00f9 interessanti per i fan, \u00e8 stato il ritorno con le Spice Girls per la <strong>reunion del 2008<\/strong>.<\/p>\n<p>L\u2019ex Posh Spice ha tirato in ballo suo marito David Beckham. \u00c8 stato proprio lui, infatti, a spingerla a gettarsi in quell\u2019avventura. I fan della girl band pi\u00f9 famosa della storia sanno dunque chi ringraziare.<\/p>\n<p>Il confronto tra loro non sembra per\u00f2 essere stato dei pi\u00f9 sereni. La strategia dell\u2019ex calciatore \u00e8 stata infatti molto chiara. Victoria parla di \u201c<strong>ricatto emotivo genitoriale<\/strong>\u201d. Per riuscire a farla tornare in quei panni, infatti, ha tirato in ballo i loro figli.<\/p>\n<p>\u201cDavide mi diceva che era importante per i bambini vedermi farlo. Mi ha fatto il <strong>mum-guilt<\/strong>\u201d. Considerando gli anni, infatti, i <strong>suoi figli<\/strong> <strong>non l\u2019hanno mai vista in quel ruolo<\/strong>, se non da vecchi video. \u00c8 una fase cruciale della vita della madre che manca dai loro ricordi. Avendo la chance di riviverla, sarebbe stato un peccato lasciarla sfuggire cos\u00ec.<\/p>\n<p>Addio alla musica: la scelta giusta<\/p>\n<p>Un passo conclusivo di cui forse aveva bisogno, che \u00e8 servito anche a comprendere come quel capitolo fosse ormai chiuso. Ne ha parlato con una certa nota di sofferenza, spiegando come sia stato tutto tranne che semplice.<\/p>\n<blockquote class=\"instagram-media\" data-instgrm-captioned=\"\" data-instgrm-permalink=\"https:\/\/www.instagram.com\/p\/DPognLIkmIB\/?utm_source=ig_embed&amp;utm_campaign=loading\" data-instgrm-version=\"14\" style=\" background:#FFF; border:0; border-radius:3px; box-shadow:0 0 1px 0 rgba(0,0,0,0.5),0 1px 10px 0 rgba(0,0,0,0.15); margin: 1px; max-width:100%; min-width:326px; padding:0; width:99.375%; width:-webkit-calc(100% - 2px); width:calc(100% - 2px);\"\/>\n<p>\u201cNon ero stata Posh Spice per cos\u00ec tanto tempo\u201d. Ci\u00f2 non vuol dire che non sia stato bello, anzi. Ha potuto ritrovare le amiche di un tempo e sperimentare quegli stessi brividi: \u201c\u00c8 stato bello tornare con loro e celebrare le <a href=\"https:\/\/dilei.it\/vip\/spice-girls-reunion-prima-docuserie-victoria-beckham\/1884629\/\" rel=\"nofollow noopener\" target=\"_blank\">Spice Girls<\/a>, ma \u00e8 stato durante quel tour che ho capito di non appartenere pi\u00f9 a quel palco. \u00c8 stato divertente ma <strong>non era pi\u00f9 quello che amavo<\/strong>\u201d. Ecco il motivo per il quale non ha preso parte alla successiva reunion nel 2019.<\/p>\n<p>Il rapporto con Mel B<\/p>\n<p>Di certo \u00e8 stato divertente ma quel salto nel passato ha anche riaperto una ferita. Nel corso della docuserie ha ammesso d\u2019essersi sentita ferita dalle <strong>parole di Mel B<\/strong>. Un suo commento le ha fatto molto male.<\/p>\n<p>Non molto tempo fa le ha detto: \u201cNon dimenticare da dove vieni\u201d. Qualcosa che l\u2019ha turbata molto, dice. La sua risposta \u00e8 stata netta: \u201cNon ho mai dimenticato da dove vengo. Non ho mai dimenticato che Posh Spice \u00e8 la ragione per cui sono qui ora. Poteva anche essere scontrosa ma in realt\u00e0 era fantastica\u201d.<\/p>\n<p>\t<script async src=\"\/\/www.instagram.com\/embed.js\"><\/script><\/p>\n","protected":false},"excerpt":{"rendered":"La carriera di Victoria Beckham \u00e8 stata decisamente particolare, se la si guarda sotto l\u2019aspetto dell\u2019apprezzamento da parte&hellip;\n","protected":false},"author":3,"featured_media":158120,"comment_status":"","ping_status":"","sticky":false,"template":"","format":"standard","meta":{"footnotes":""},"categories":[1443],"tags":[27087,203,204,1537,90,89,1538,1539,96220,15379,86],"class_list":{"0":"post-158119","1":"post","2":"type-post","3":"status-publish","4":"format-standard","5":"has-post-thumbnail","7":"category-musica","8":"tag-david-beckham","9":"tag-entertainment","10":"tag-intrattenimento","11":"tag-it","12":"tag-italia","13":"tag-italy","14":"tag-music","15":"tag-musica","16":"tag-spice-girls","17":"tag-victoria-beckham","18":"tag-vip"},"share_on_mastodon":{"url":"","error":""},"_links":{"self":[{"href":"https:\/\/www.europesays.com\/it\/wp-json\/wp\/v2\/posts\/158119","targetHints":{"allow":["GET"]}}],"collection":[{"href":"https:\/\/www.europesays.com\/it\/wp-json\/wp\/v2\/posts"}],"about":[{"href":"https:\/\/www.europesays.com\/it\/wp-json\/wp\/v2\/types\/post"}],"author":[{"embeddable":true,"href":"https:\/\/www.europesays.com\/it\/wp-json\/wp\/v2\/users\/3"}],"replies":[{"embeddable":true,"href":"https:\/\/www.europesays.com\/it\/wp-json\/wp\/v2\/comments?post=158119"}],"version-history":[{"count":0,"href":"https:\/\/www.europesays.com\/it\/wp-json\/wp\/v2\/posts\/158119\/revisions"}],"wp:featuredmedia":[{"embeddable":true,"href":"https:\/\/www.europesays.com\/it\/wp-json\/wp\/v2\/media\/158120"}],"wp:attachment":[{"href":"https:\/\/www.europesays.com\/it\/wp-json\/wp\/v2\/media?parent=158119"}],"wp:term":[{"taxonomy":"category","embeddable":true,"href":"https:\/\/www.europesays.com\/it\/wp-json\/wp\/v2\/categories?post=158119"},{"taxonomy":"post_tag","embeddable":true,"href":"https:\/\/www.europesays.com\/it\/wp-json\/wp\/v2\/tags?post=158119"}],"curies":[{"name":"wp","href":"https:\/\/api.w.org\/{rel}","templated":true}]}}