{"id":158214,"date":"2025-10-10T23:10:19","date_gmt":"2025-10-10T23:10:19","guid":{"rendered":"https:\/\/www.europesays.com\/it\/158214\/"},"modified":"2025-10-10T23:10:19","modified_gmt":"2025-10-10T23:10:19","slug":"una-casa-di-95-mq-costruita-in-verticale","status":"publish","type":"post","link":"https:\/\/www.europesays.com\/it\/158214\/","title":{"rendered":"Una casa di 95 mq costruita in verticale"},"content":{"rendered":"<p data-journey-content=\"true\" data-node-id=\"0\" class=\"css-6wxqfj emevuu60\">Su un terreno di appena cinque metri di larghezza per diciassette di profondit\u00e0 sorge questo edificio singolare, progettato dallo studio <strong data-node-id=\"0.1\">TACO Taller de Arquitectura Contextual.<\/strong> Con una superficie costruita di soli<strong data-node-id=\"0.3\"> 95 metri quadrati<\/strong>, il progetto riesce in ci\u00f2 che sembrava improbabile: articolare due abitazioni complete e flessibili in un volume compatto, offrendo allo stesso tempo <a href=\"https:\/\/www.elledecor.com\/it\/arredo-giardino-tendenze\/\" target=\"_blank\" data-vars-ga-outbound-link=\"https:\/\/www.elledecor.com\/it\/arredo-giardino-tendenze\/\" data-vars-ga-ux-element=\"Hyperlink\" data-vars-ga-call-to-action=\"giardini\" data-node-id=\"0.5\" class=\"body-link css-15fjk10 emevuu60\" rel=\"nofollow noopener\">giardini<\/a>, <a href=\"https:\/\/www.elledecor.com\/it\/case\/a65365971\/casa-260-metri-quadrati-costruita-intorno-a-un-cortile\/\" target=\"_blank\" data-vars-ga-outbound-link=\"https:\/\/www.elledecor.com\/it\/case\/a65365971\/casa-260-metri-quadrati-costruita-intorno-a-un-cortile\/\" data-vars-ga-ux-element=\"Hyperlink\" data-vars-ga-call-to-action=\"cortili\" data-node-id=\"0.7\" class=\"body-link css-15fjk10 emevuu60\" rel=\"nofollow noopener\">cortili<\/a>, terrazze e persino due <a href=\"https:\/\/www.elledecor.com\/it\/design\/a39391619\/piscine-interrate-moderne\/\" target=\"_blank\" data-vars-ga-outbound-link=\"https:\/\/www.elledecor.com\/it\/design\/a39391619\/piscine-interrate-moderne\/\" data-vars-ga-ux-element=\"Hyperlink\" data-vars-ga-call-to-action=\"piscine\" data-node-id=\"0.9\" class=\"body-link css-15fjk10 emevuu60\" rel=\"nofollow noopener\">piscine<\/a>. Come? In verticale. Il tutto nel cuore del comune di Progreso, nello Yucat\u00e1n, un ambiente in cui convivono la vita urbana del lungomare e l&#8217;immediata<strong data-node-id=\"0.11\"> vicinanza del mare<\/strong>.<\/p>\n<p><img draggable=\"true\" alt=\"casa de yucatan recibe con jardin, dos alturas y dos piscinas, una en un patio y otra en la azotea\" title=\"Esta casa de Yucat\u00e1n te recibe con un jard\u00edn privado y tiene dos alturas y dos piscinas, una en un patio y otra en la azotea\" loading=\"lazy\" width=\"2126\" height=\"3780\" decoding=\"async\" data-nimg=\"1\" style=\"color:transparent;width:100%;height:auto;\"   src=\"https:\/\/www.europesays.com\/it\/wp-content\/uploads\/2025\/10\/2-casa-en-yucatan-con-dos-piscinas-68bf05eda9b16.jpg\" class=\"css-0 e1g79fud0\"\/><\/p>\n<p>Paulina G\u00f3ngora<\/p>\n<p> <img draggable=\"true\" alt=\"casa de yucatan recibe con jardin, dos alturas y dos piscinas, una en un patio y otra en la azotea\" title=\"Esta casa de Yucat\u00e1n te recibe con un jard\u00edn privado y tiene dos alturas y dos piscinas, una en un patio y otra en la azotea\" loading=\"lazy\" width=\"1772\" height=\"2656\" decoding=\"async\" data-nimg=\"1\" style=\"color:transparent;width:100%;height:auto;\"   src=\"https:\/\/www.europesays.com\/it\/wp-content\/uploads\/2025\/10\/3-casa-en-yucatan-con-dos-piscinas-68bf061a9f2a5.jpg\" class=\"css-0 e1g79fud0\"\/><\/p>\n<p>Paulina G\u00f3ngora<\/p>\n<p data-journey-content=\"true\" data-node-id=\"5\" class=\"css-6wxqfj emevuu60\">L&#8217;edificio \u00e8 composto da <strong data-node-id=\"5.1\">due unit\u00e0 abitative indipendenti <\/strong>che, a seconda delle necessit\u00e0, possono funzionare come abitazioni autonome o essere integrate per diventare un unico spazio. Questa <strong data-node-id=\"5.3\">modularit\u00e0<\/strong> era uno degli obiettivi principali del progetto: creare un alloggio versatile e adattabile, pensato per uso vacanziero, ma con caratteristiche e soluzioni che lo distinguono dai modelli pi\u00f9 convenzionali della zona.<\/p>\n<p><img draggable=\"true\" alt=\"casa de yucatan recibe con jardin, dos alturas y dos piscinas, una en un patio y otra en la azotea\" title=\"Esta casa de Yucat\u00e1n te recibe con un jard\u00edn privado y tiene dos alturas y dos piscinas, una en un patio y otra en la azotea\" loading=\"lazy\" width=\"2953\" height=\"1969\" decoding=\"async\" data-nimg=\"1\" style=\"color:transparent;width:100%;height:auto;\"   src=\"https:\/\/www.europesays.com\/it\/wp-content\/uploads\/2025\/10\/5-casa-en-yucatan-con-dos-piscinas-68bf065728730.jpg\" class=\"css-0 e1g79fud0\"\/><\/p>\n<p>Paulina G\u00f3ngora<\/p>\n<p><img draggable=\"true\" alt=\"casa de yucatan recibe con jardin, dos alturas y dos piscinas, una en un patio y otra en la azotea\" title=\"Esta casa de Yucat\u00e1n te recibe con un jard\u00edn privado y tiene dos alturas y dos piscinas, una en un patio y otra en la azotea\" loading=\"lazy\" width=\"3118\" height=\"2080\" decoding=\"async\" data-nimg=\"1\" style=\"color:transparent;width:100%;height:auto;\"   src=\"https:\/\/www.europesays.com\/it\/wp-content\/uploads\/2025\/10\/4-casa-en-yucatan-con-dos-piscinas-68bf065737f9c.jpg\" class=\"css-0 e1g79fud0\"\/><\/p>\n<p>Paulina G\u00f3ngora<\/p>\n<p><img draggable=\"true\" alt=\"casa de yucatan recibe con jardin, dos alturas y dos piscinas, una en un patio y otra en la azotea\" title=\"Esta casa de Yucat\u00e1n te recibe con un jard\u00edn privado y tiene dos alturas y dos piscinas, una en un patio y otra en la azotea\" loading=\"lazy\" width=\"2362\" height=\"3542\" decoding=\"async\" data-nimg=\"1\" style=\"color:transparent;width:100%;height:auto;\"   src=\"https:\/\/www.europesays.com\/it\/wp-content\/uploads\/2025\/10\/6-casa-en-yucatan-con-dos-piscinas-68bf065832957.jpg\" class=\"css-0 e1g79fud0\"\/><\/p>\n<p>Paulina G\u00f3ngora<\/p>\n<p data-journey-content=\"true\" data-node-id=\"11\" class=\"css-6wxqfj emevuu60\">L&#8217;accesso avviene attraverso uno stretto vicolo pedonale che sbocca in un cortile d&#8217;ingresso. Da qui si organizzano i percorsi: da un lato, il passaggio verso l&#8217;abitazione al piano terra; dall&#8217;altro, la <a href=\"https:\/\/www.elledecor.com\/it\/design\/a39781383\/scale-moderne-per-interni\/\" target=\"_blank\" data-vars-ga-outbound-link=\"https:\/\/www.elledecor.com\/it\/design\/a39781383\/scale-moderne-per-interni\/\" data-vars-ga-ux-element=\"Hyperlink\" data-vars-ga-call-to-action=\"scala\" data-node-id=\"11.1\" class=\"body-link css-15fjk10 emevuu60\" rel=\"nofollow noopener\">scala<\/a> lineare che conduce all&#8217;unit\u00e0 superiore e alla terrazza sul tetto. Questo nucleo di comunicazioni integra anche i servizi, <strong data-node-id=\"11.3\">ottimizzando al massimo ogni metro disponibile<\/strong> e liberando cos\u00ec il resto dello spazio per stanze diafane.<\/p>\n<p><img draggable=\"true\" alt=\"casa de yucatan recibe con jardin, dos alturas y dos piscinas, una en un patio y otra en la azotea\" title=\"Esta casa de Yucat\u00e1n te recibe con un jard\u00edn privado y tiene dos alturas y dos piscinas, una en un patio y otra en la azotea\" loading=\"lazy\" width=\"3543\" height=\"2364\" decoding=\"async\" data-nimg=\"1\" style=\"color:transparent;width:100%;height:auto;\"   src=\"https:\/\/www.europesays.com\/it\/wp-content\/uploads\/2025\/10\/9-casa-en-yucatan-con-dos-piscinas-68bf06bf2fb94.jpg\" class=\"css-0 e1g79fud0\"\/><\/p>\n<p>Paulina G\u00f3ngora<\/p>\n<p><img draggable=\"true\" alt=\"casa de yucatan recibe con jardin, dos alturas y dos piscinas, una en un patio y otra en la azotea\" title=\"Esta casa de Yucat\u00e1n te recibe con un jard\u00edn privado y tiene dos alturas y dos piscinas, una en un patio y otra en la azotea\" loading=\"lazy\" width=\"3543\" height=\"2363\" decoding=\"async\" data-nimg=\"1\" style=\"color:transparent;width:100%;height:auto;\"   src=\"https:\/\/www.europesays.com\/it\/wp-content\/uploads\/2025\/10\/8-casa-en-yucatan-con-dos-piscinas-68bf06bf34721.jpg\" class=\"css-0 e1g79fud0\"\/><\/p>\n<p>Paulina G\u00f3ngora<\/p>\n<p><img draggable=\"true\" alt=\"casa de yucatan recibe con jardin, dos alturas y dos piscinas, una en un patio y otra en la azotea\" title=\"Esta casa de Yucat\u00e1n te recibe con un jard\u00edn privado y tiene dos alturas y dos piscinas, una en un patio y otra en la azotea\" loading=\"lazy\" width=\"3543\" height=\"2363\" decoding=\"async\" data-nimg=\"1\" style=\"color:transparent;width:100%;height:auto;\"   src=\"https:\/\/www.europesays.com\/it\/wp-content\/uploads\/2025\/10\/7-casa-en-yucatan-con-dos-piscinas-68bf06bf515eb.jpg\" class=\"css-0 e1g79fud0\"\/><\/p>\n<p>Paulina G\u00f3ngora<\/p>\n<p data-journey-content=\"true\" data-node-id=\"17\" class=\"css-6wxqfj emevuu60\">Il piano terra si apre su un giardino privato che funge da filtro tra la strada e la casa. Questo primo spazio esterno comprende una piccola piscina per alleviare il calore e un giardino di sabbia seminato con specie endemiche della costa dello Yucatan, che garantisce una manutenzione ridotta e rafforza il rapporto con il paesaggio. Dietro il giardino si accede all&#8217;interno, organizzato tra <strong data-node-id=\"17.1\">due cortili che scandiscono il ritmo della distribuzione<\/strong>. Non ci sono muri divisori rigidi, ma cambiamenti di livello nella pavimentazione che differenziano le zone soggiorno, cucina e riposo, generando <strong data-node-id=\"17.3\">continuit\u00e0 visiva e fluidit\u00e0 spaziale<\/strong>.<\/p>\n<p><img draggable=\"true\" alt=\"casa de yucatan recibe con jardin, dos alturas y dos piscinas, una en un patio y otra en la azotea\" title=\"Esta casa de Yucat\u00e1n te recibe con un jard\u00edn privado y tiene dos alturas y dos piscinas, una en un patio y otra en la azotea\" loading=\"lazy\" width=\"3543\" height=\"2363\" decoding=\"async\" data-nimg=\"1\" style=\"color:transparent;width:100%;height:auto;\"   src=\"https:\/\/www.europesays.com\/it\/wp-content\/uploads\/2025\/10\/10-casa-en-yucatan-con-dos-piscinas-68bf070741268.jpg\" class=\"css-0 e1g79fud0\"\/><\/p>\n<p>Paulina G\u00f3ngora<\/p>\n<p><img draggable=\"true\" alt=\"casa de yucatan recibe con jardin, dos alturas y dos piscinas, una en un patio y otra en la azotea\" title=\"Esta casa de Yucat\u00e1n te recibe con un jard\u00edn privado y tiene dos alturas y dos piscinas, una en un patio y otra en la azotea\" loading=\"lazy\" width=\"2126\" height=\"3187\" decoding=\"async\" data-nimg=\"1\" style=\"color:transparent;width:100%;height:auto;\"   src=\"https:\/\/www.europesays.com\/it\/wp-content\/uploads\/2025\/10\/11-casa-en-yucatan-con-dos-piscinas-68bf072819dd0.jpg\" class=\"css-0 e1g79fud0\"\/><\/p>\n<p>Paulina G\u00f3ngora<\/p>\n<p><img draggable=\"true\" alt=\"casa de yucatan recibe con jardin, dos alturas y dos piscinas, una en un patio y otra en la azotea\" title=\"Esta casa de Yucat\u00e1n te recibe con un jard\u00edn privado y tiene dos alturas y dos piscinas, una en un patio y otra en la azotea\" loading=\"lazy\" width=\"3543\" height=\"2363\" decoding=\"async\" data-nimg=\"1\" style=\"color:transparent;width:100%;height:auto;\"   src=\"https:\/\/www.europesays.com\/it\/wp-content\/uploads\/2025\/10\/12-casa-en-yucatan-con-dos-piscinas-68bf07a6d7aa6.jpg\" class=\"css-0 e1g79fud0\"\/><\/p>\n<p>Paulina G\u00f3ngora<\/p>\n<p data-journey-content=\"true\" data-node-id=\"23\" class=\"css-6wxqfj emevuu60\">La seconda unit\u00e0 si trova al piano superiore e offre un&#8217;esperienza diversa. Dalla scala, che corre lungo il lato ovest dell&#8217;edificio, si sale fino al tetto. Qui si trova una <strong data-node-id=\"23.1\">terrazza attrezzata con piscina<\/strong> e zona barbecue, concepita come un belvedere aperto sul mare e sul lungomare. L&#8217;abitazione superiore dispone inoltre di una grande finestra e di un balcone affacciati sull&#8217;oceano, che consentono di <strong data-node-id=\"23.3\">godere della brezza marina<\/strong> e di una vista diretta sull&#8217;orizzonte. Inoltre, il volume che contiene i bagni e le scale \u00e8 posizionato sul lato ovest, fungendo da cuscinetto termico contro il sole pomeridiano e migliorando il comfort all&#8217;interno delle abitazioni.<\/p>\n<p><img draggable=\"true\" alt=\"casa de yucatan recibe con jardin, dos alturas y dos piscinas, una en un patio y otra en la azotea\" title=\"Esta casa de Yucat\u00e1n te recibe con un jard\u00edn privado y tiene dos alturas y dos piscinas, una en un patio y otra en la azotea\" loading=\"lazy\" width=\"2717\" height=\"4073\" decoding=\"async\" data-nimg=\"1\" style=\"color:transparent;width:100%;height:auto;\"   src=\"https:\/\/www.europesays.com\/it\/wp-content\/uploads\/2025\/10\/13-casa-en-yucatan-con-dos-piscinas-68bf080eb5450.jpg\" class=\"css-0 e1g79fud0\"\/><\/p>\n<p>Paulina G\u00f3ngora<\/p>\n<p><img draggable=\"true\" alt=\"casa de yucatan recibe con jardin, dos alturas y dos piscinas, una en un patio y otra en la azotea\" title=\"Esta casa de Yucat\u00e1n te recibe con un jard\u00edn privado y tiene dos alturas y dos piscinas, una en un patio y otra en la azotea\" loading=\"lazy\" width=\"2268\" height=\"3400\" decoding=\"async\" data-nimg=\"1\" style=\"color:transparent;width:100%;height:auto;\"   src=\"https:\/\/www.europesays.com\/it\/wp-content\/uploads\/2025\/10\/14-casa-en-yucatan-con-dos-piscinas-68bf083cb4ed8.jpg\" class=\"css-0 e1g79fud0\"\/><\/p>\n<p>Paulina G\u00f3ngora<\/p>\n<p><img draggable=\"true\" alt=\"casa de yucatan recibe con jardin, dos alturas y dos piscinas, una en un patio y otra en la azotea\" title=\"Esta casa de Yucat\u00e1n te recibe con un jard\u00edn privado y tiene dos alturas y dos piscinas, una en un patio y otra en la azotea\" loading=\"lazy\" width=\"3543\" height=\"2363\" decoding=\"async\" data-nimg=\"1\" style=\"color:transparent;width:100%;height:auto;\"   src=\"https:\/\/www.europesays.com\/it\/wp-content\/uploads\/2025\/10\/15-casa-en-yucatan-con-dos-piscinas-68bf08dab8355.jpg\" class=\"css-0 e1g79fud0\"\/><\/p>\n<p>Paulina G\u00f3ngora<\/p>\n<p data-journey-content=\"true\" data-node-id=\"29\" class=\"css-6wxqfj emevuu60\">La materialit\u00e0 rafforza l&#8217;identit\u00e0 dell&#8217;insieme. Sono stati conservati i <strong data-node-id=\"29.1\">muri in pietra preesistenti<\/strong> ai confini, che ora fungono da supporto strutturale. I pavimenti in cemento bianco con incrostazioni di <strong data-node-id=\"29.3\">conchiglie marine evocano la tradizione locale<\/strong>. Le finiture in stucco pigmentato, in tonalit\u00e0 che contrastano con l&#8217;azzurro del mare, si combinano con elementi in legno di cedro locale e elementi in acciaio ossidato, materiali che richiamano il carattere portuale e industriale del comune.<\/p>\n<p data-journey-content=\"true\" data-node-id=\"31\" class=\"css-6wxqfj emevuu60\"><a href=\"https:\/\/www.instagram.com\/taco_mx\/?hl=es\" target=\"_blank\" rel=\"nofollow noopener\" data-vars-ga-outbound-link=\"https:\/\/www.instagram.com\/taco_mx\/?hl=es\" data-vars-ga-ux-element=\"Hyperlink\" data-vars-ga-call-to-action=\"@taco_mx\" data-node-id=\"31.0\" class=\"body-link css-15fjk10 emevuu60\">@taco_mx<\/a><\/p>\n<p data-journey-content=\"true\" data-node-id=\"32\" class=\"css-6wxqfj emevuu60\">Da <a href=\"https:\/\/www.elledecor.com\/es\/casas\/a66014325\/casa-estrecha-reformada-yucatan\/\" target=\"_blank\" data-vars-ga-outbound-link=\"https:\/\/www.elledecor.com\/es\/casas\/a66014325\/casa-estrecha-reformada-yucatan\/\" data-vars-ga-ux-element=\"Hyperlink\" data-vars-ga-call-to-action=\"ELLE Decor ES\" data-node-id=\"32.1\" class=\"body-link css-15fjk10 emevuu60\" rel=\"nofollow noopener\">ELLE Decor ES<\/a><\/p>\n<p>Set di bicchieri particolari<a target=\"_blank\" rel=\"nofollow noopener\" data-theme-key=\"product-image-wrapper\" href=\"https:\/\/click.linksynergy.com\/deeplink?id=2fv8O7DnZlc&amp;mid=49049&amp;murl=https%3A%2F%2Fwww.westwing.it%2Fbicchieri-da-vino-in-vetro-soffiato-con-bordo-dorato-aleo-4-pz-159296.html&amp;u1=edcit|xid:{xid}\" aria-label=\"35\u00a0\u20ac su westwing.it per Bicchieri da vino in vetro soffiato con bordo dorato Aleo 4 pz\" data-href=\"https:\/\/www.westwing.it\/bicchieri-da-vino-in-vetro-soffiato-con-bordo-dorato-aleo-4-pz-159296.html\" data-product-url=\"https:\/\/www.westwing.it\/bicchieri-da-vino-in-vetro-soffiato-con-bordo-dorato-aleo-4-pz-159296.html\" data-affiliate=\"true\" data-affiliate-url=\"https:\/\/click.linksynergy.com\/deeplink?id=2fv8O7DnZlc&amp;mid=49049&amp;murl=https%3A%2F%2Fwww.westwing.it%2Fbicchieri-da-vino-in-vetro-soffiato-con-bordo-dorato-aleo-4-pz-159296.html&amp;u1=edcit|xid:{xid}\" data-affiliate-network=\"{&quot;site_id&quot;:&quot;0550d705-7712-4019-a8b2-0f35da30918c&quot;,&quot;metadata&quot;:{&quot;trackonomics&quot;:{&quot;network_name&quot;:&quot;ls&quot;}},&quot;network&quot;:{&quot;name&quot;:&quot;Trackonomics&quot;},&quot;product_metadata&quot;:{&quot;0550d705-7712-4019-a8b2-0f35da30918c&quot;:{&quot;network_name&quot;:&quot;ls&quot;,&quot;link&quot;:&quot;https:\/\/click.linksynergy.com\/deeplink?id=2fv8O7DnZlc&amp;mid=49049&amp;murl=https%3A%2F%2Fwww.westwing.it%2Fbicchieri-da-vino-in-vetro-soffiato-con-bordo-dorato-aleo-4-pz-159296.html&amp;u1={subid}&quot;}},&quot;afflink_redirect&quot;:&quot;\/_p\/afflink\/vX6E\/westwing-bicchieri-da-vino-in-vetro&quot;}\" data-vars-ga-call-to-action=\"35\u00a0\u20ac su westwing.it\" data-vars-ga-media-role=\"1\" data-vars-ga-media-type=\"Embedded Gallery List\" data-vars-ga-outbound-link=\"https:\/\/www.westwing.it\/bicchieri-da-vino-in-vetro-soffiato-con-bordo-dorato-aleo-4-pz-159296.html\" data-vars-ga-product-id=\"3d07faa0-0c3c-4b7a-90ee-f91bfc4e39f5\" data-vars-ga-product-price=\"34,99\u00a0\u20ac\" data-vars-ga-product-retailer-id=\"fa8b4cba-4a86-478b-92ed-97f6259cf767\" data-vars-ga-gallery-display=\"list\" data-vars-ga-link-treatment=\"(not set) | (not set)\" data-vars-ga-sku=\"159296\" data-vars-ga-magento-tracking=\"1\" class=\"product-image-link ebgq4gw2 e1b8bpvs0 css-g6od0w e1c1bym14\"><img  alt=\"Bicchieri da vino in vetro soffiato con bordo dorato Aleo 4 pz\" title=\"Bicchieri da vino in vetro soffiato con bordo dorato Aleo 4 pz\" src=\"https:\/\/www.europesays.com\/it\/wp-content\/uploads\/2025\/10\/1760137818_395_1749725091-DEQ23WES23967-204713_920565c09b1bff0bf2f3b9ba47483fcf_dtl_1.jpg\" width=\"1140\" height=\"1520\" decoding=\"async\" loading=\"lazy\"\/><\/a>Bicchieri da vino in vetro soffiato con bordo dorato Aleo 4 pzCredit: Courtesy photo<a target=\"_blank\" rel=\"nofollow noopener\" data-theme-key=\"product-image-wrapper\" href=\"https:\/\/click.linksynergy.com\/deeplink?id=2fv8O7DnZlc&amp;mid=49049&amp;murl=https%3A%2F%2Fwww.westwing.it%2Fset-4-bicchieri-vino-con-motivo-strutturato-colorado-135790.html&amp;u1=edcit|xid:{xid}\" aria-label=\"24\u00a0\u20ac su westwing.it per Set di 4 bicchieri per vino con motivo strutturato Colorado\" data-href=\"https:\/\/www.westwing.it\/set-4-bicchieri-vino-con-motivo-strutturato-colorado-135790.html\" data-product-url=\"https:\/\/www.westwing.it\/set-4-bicchieri-vino-con-motivo-strutturato-colorado-135790.html\" data-affiliate=\"true\" data-affiliate-url=\"https:\/\/click.linksynergy.com\/deeplink?id=2fv8O7DnZlc&amp;mid=49049&amp;murl=https%3A%2F%2Fwww.westwing.it%2Fset-4-bicchieri-vino-con-motivo-strutturato-colorado-135790.html&amp;u1=edcit|xid:{xid}\" data-affiliate-network=\"{&quot;site_id&quot;:&quot;0550d705-7712-4019-a8b2-0f35da30918c&quot;,&quot;metadata&quot;:{&quot;trackonomics&quot;:{&quot;network_name&quot;:&quot;ls&quot;}},&quot;network&quot;:{&quot;name&quot;:&quot;Trackonomics&quot;},&quot;product_metadata&quot;:{&quot;0550d705-7712-4019-a8b2-0f35da30918c&quot;:{&quot;network_name&quot;:&quot;ls&quot;,&quot;link&quot;:&quot;https:\/\/click.linksynergy.com\/deeplink?id=2fv8O7DnZlc&amp;mid=49049&amp;murl=https%3A%2F%2Fwww.westwing.it%2Fset-4-bicchieri-vino-con-motivo-strutturato-colorado-135790.html&amp;u1={subid}&quot;}},&quot;afflink_redirect&quot;:&quot;\/_p\/afflink\/vX6C\/westwing-set-di-4-bicchieri-per&quot;}\" data-vars-ga-call-to-action=\"24\u00a0\u20ac su westwing.it\" data-vars-ga-media-role=\"1\" data-vars-ga-media-type=\"Embedded Gallery List\" data-vars-ga-outbound-link=\"https:\/\/www.westwing.it\/set-4-bicchieri-vino-con-motivo-strutturato-colorado-135790.html\" data-vars-ga-product-id=\"1c223b43-c80e-4c83-b9ac-515700da01fe\" data-vars-ga-product-price=\"23,99\u00a0\u20ac\" data-vars-ga-product-retailer-id=\"91ee8080-d34c-4eba-8117-fa3a327d0d51\" data-vars-ga-gallery-display=\"list\" data-vars-ga-link-treatment=\"(not set) | (not set)\" class=\"product-image-link ebgq4gw2 e1b8bpvs0 css-g6od0w e1c1bym14\"><img  alt=\"Set di 4 bicchieri per vino con motivo strutturato Colorado\" title=\"Set di 4 bicchieri per vino con motivo strutturato Colorado\" src=\"https:\/\/www.europesays.com\/it\/wp-content\/uploads\/2025\/10\/1760137818_651_1749725069-deq21wes29152-170976-d72a811e70b668280352c9dfb6905933-dtl-8-684aaf597a20e.png\" width=\"2000\" height=\"2667\" decoding=\"async\" loading=\"lazy\"\/><\/a>Set di 4 bicchieri per vino con motivo strutturato ColoradoCredit: Courtesy photo<a target=\"_blank\" rel=\"nofollow noopener\" data-theme-key=\"product-image-wrapper\" href=\"https:\/\/click.linksynergy.com\/deeplink?id=2fv8O7DnZlc&amp;mid=49049&amp;murl=https%3A%2F%2Fwww.westwing.it%2Fcrystal-red-wine-glasses-gwenda-4-piece-en-24wes81063.html&amp;u1=edcit|xid:{xid}\" aria-label=\"35\u00a0\u20ac su westwing.it per Set di 6 bicchieri da vino rosso in cristallo Gwenda\" data-href=\"https:\/\/www.westwing.it\/crystal-red-wine-glasses-gwenda-4-piece-en-24wes81063.html\" data-product-url=\"https:\/\/www.westwing.it\/crystal-red-wine-glasses-gwenda-4-piece-en-24wes81063.html\" data-affiliate=\"true\" data-affiliate-url=\"https:\/\/click.linksynergy.com\/deeplink?id=2fv8O7DnZlc&amp;mid=49049&amp;murl=https%3A%2F%2Fwww.westwing.it%2Fcrystal-red-wine-glasses-gwenda-4-piece-en-24wes81063.html&amp;u1=edcit|xid:{xid}\" data-affiliate-network=\"{&quot;site_id&quot;:&quot;0550d705-7712-4019-a8b2-0f35da30918c&quot;,&quot;metadata&quot;:{&quot;trackonomics&quot;:{&quot;network_name&quot;:&quot;ls&quot;}},&quot;network&quot;:{&quot;name&quot;:&quot;Trackonomics&quot;},&quot;product_metadata&quot;:{&quot;0550d705-7712-4019-a8b2-0f35da30918c&quot;:{&quot;network_name&quot;:&quot;ls&quot;,&quot;link&quot;:&quot;https:\/\/click.linksynergy.com\/deeplink?id=2fv8O7DnZlc&amp;mid=49049&amp;murl=https%3A%2F%2Fwww.westwing.it%2Fcrystal-red-wine-glasses-gwenda-4-piece-en-24wes81063.html&amp;u1={subid}&quot;}},&quot;afflink_redirect&quot;:&quot;\/_p\/afflink\/vX66\/westwing-set-di-6-bicchieri-da&quot;}\" data-vars-ga-call-to-action=\"35\u00a0\u20ac su westwing.it\" data-vars-ga-media-role=\"1\" data-vars-ga-media-type=\"Embedded Gallery List\" data-vars-ga-outbound-link=\"https:\/\/www.westwing.it\/crystal-red-wine-glasses-gwenda-4-piece-en-24wes81063.html\" data-vars-ga-product-id=\"697ab588-eed2-44c1-8fa8-d8f84586f374\" data-vars-ga-product-price=\"34,99\u00a0\u20ac\" data-vars-ga-product-retailer-id=\"edc93126-197b-420f-89fc-fb9b9b038315\" data-vars-ga-gallery-display=\"list\" data-vars-ga-link-treatment=\"sale | (not set)\" data-vars-ga-sku=\"crystal-red-wine-glasses-gwenda-4-piece-en-24wes81063\" data-vars-ga-magento-tracking=\"1\" class=\"product-image-link ebgq4gw2 e1b8bpvs0 css-g6od0w e1c1bym14\"><img  alt=\"Set di 6 bicchieri da vino rosso in cristallo Gwenda\" title=\"Set di 6 bicchieri da vino rosso in cristallo Gwenda\" src=\"https:\/\/www.europesays.com\/it\/wp-content\/uploads\/2025\/10\/1760137819_812_1749724972-DEQ24WES81063-221841_2d6189d473c9283e94c96d329355abde_dtl_1.jpg\" width=\"1140\" height=\"1520\" decoding=\"async\" loading=\"lazy\"\/><\/a>Set di 6 bicchieri da vino rosso in cristallo Gwenda<\/p>\n<p>Ora in sconto del 30%<\/p>\n<p>Credit: Courtesy photo<a target=\"_blank\" rel=\"nofollow noopener\" data-theme-key=\"product-image-wrapper\" href=\"https:\/\/click.linksynergy.com\/deeplink?id=2fv8O7DnZlc&amp;mid=49049&amp;murl=https%3A%2F%2Fwww.westwing.it%2Fbicchiere-vino-in-vetro-soffiato-con-rilievo-scanalato-prince-4-pz-136311.html&amp;u1=edcit|xid:{xid}\" aria-label=\"28\u00a0\u20ac su westwing.it per Bicchieri da vino in vetro soffiato scanalato e lucentezza perlacea Juno 4 pz\" data-href=\"https:\/\/www.westwing.it\/bicchiere-vino-in-vetro-soffiato-con-rilievo-scanalato-prince-4-pz-136311.html\" data-product-url=\"https:\/\/www.westwing.it\/bicchiere-vino-in-vetro-soffiato-con-rilievo-scanalato-prince-4-pz-136311.html\" data-affiliate=\"true\" data-affiliate-url=\"https:\/\/click.linksynergy.com\/deeplink?id=2fv8O7DnZlc&amp;mid=49049&amp;murl=https%3A%2F%2Fwww.westwing.it%2Fbicchiere-vino-in-vetro-soffiato-con-rilievo-scanalato-prince-4-pz-136311.html&amp;u1=edcit|xid:{xid}\" data-affiliate-network=\"{&quot;site_id&quot;:&quot;0550d705-7712-4019-a8b2-0f35da30918c&quot;,&quot;metadata&quot;:{&quot;trackonomics&quot;:{&quot;network_name&quot;:&quot;ls&quot;}},&quot;network&quot;:{&quot;name&quot;:&quot;Trackonomics&quot;},&quot;product_metadata&quot;:{&quot;0550d705-7712-4019-a8b2-0f35da30918c&quot;:{&quot;network_name&quot;:&quot;ls&quot;,&quot;link&quot;:&quot;https:\/\/click.linksynergy.com\/deeplink?id=2fv8O7DnZlc&amp;mid=49049&amp;murl=https%3A%2F%2Fwww.westwing.it%2Fbicchiere-vino-in-vetro-soffiato-con-rilievo-scanalato-prince-4-pz-136311.html&amp;u1={subid}&quot;}},&quot;afflink_redirect&quot;:&quot;\/_p\/afflink\/vX63\/westwing-bicchieri-da-vino-in-vetro&quot;}\" data-vars-ga-call-to-action=\"28\u00a0\u20ac su westwing.it\" data-vars-ga-media-role=\"1\" data-vars-ga-media-type=\"Embedded Gallery List\" data-vars-ga-outbound-link=\"https:\/\/www.westwing.it\/bicchiere-vino-in-vetro-soffiato-con-rilievo-scanalato-prince-4-pz-136311.html\" data-vars-ga-product-id=\"233eae4a-0616-44f1-8067-c4a58ed30168\" data-vars-ga-product-price=\"27,99\u00a0\u20ac\" data-vars-ga-product-retailer-id=\"9aeda239-cd3d-4a5c-9c70-35c6e394ed4c\" data-vars-ga-gallery-display=\"list\" data-vars-ga-link-treatment=\"(not set) | (not set)\" data-vars-ga-sku=\"136311\" data-vars-ga-magento-tracking=\"1\" class=\"product-image-link ebgq4gw2 e1b8bpvs0 css-g6od0w e1c1bym14\"><img  alt=\"Bicchieri da vino in vetro soffiato scanalato e lucentezza perlacea Juno 4 pz\" title=\"Bicchieri da vino in vetro soffiato scanalato e lucentezza perlacea Juno 4 pz\" src=\"https:\/\/www.europesays.com\/it\/wp-content\/uploads\/2025\/10\/1760137819_603_1728463703-DEQ21WES18590-171628_3733264dbeda53e74467b234a2b62294_dtl_1.jpg\" width=\"1140\" height=\"1520\" decoding=\"async\" loading=\"lazy\"\/><\/a>Bicchieri da vino in vetro soffiato scanalato e lucentezza perlacea Juno 4 pzCredit: Courtesy photoRelated Stories<img src=\"https:\/\/www.europesays.com\/it\/wp-content\/uploads\/2025\/10\/1760137819_575_50497c57-8621-4a84-9b8c-4a48e0ae277b_1734433552.jpg\" alt=\"Headshot of Gala Mora\" title=\"Headshot of Gala Mora\" width=\"100%\" height=\"100%\" decoding=\"async\" loading=\"lazy\" class=\"css-o0wq4v ev8dhu53\"\/><\/p>\n<p>Gala Mora \u00e8 specializzata in architettura, design, interior design e lifestyle. Tutto ci\u00f2 che ha a che fare con il concetto di \u00abcasa\u00bb \u00e8 sacro alla sua devozione e persino la sua cerchia pi\u00f9 stretta gli chiede consigli per ristrutturare, acquistare, decorare o apportare alcune modifiche. Ama scrivere e sembra fortunato a poterlo fare sugli argomenti che pi\u00f9 gli appassionano. Ecco perch\u00e9 quando cammina per il mondo \u00e8 sempre attento alle mostre, agli stili di costruzione, all&#8217;urbanistica e, se glielo permettono, sbircia dalle finestre per vedere come le persone guardano le loro case. Un vero voyeur casalingo. Ha scritto due libri di interior design, Barcelona Interiors e Ibiza Interiors, entrambi pubblicati da Lannoo. Con oltre 20 anni di esperienza, si \u00e8 laureato in Scienze dell&#8217;Informazione presso l&#8217;Universit\u00e0 Complutense di Madrid e ha conseguito un Master in Comunicazione Integrale e un altro in Comunicazione e Gestione Politica. \u00c8 stata redattrice capo della rivista Glamour, direttrice di MMModa, responsabile stampa dell&#8217;azienda di abbigliamento Desigual e per diversi anni \u00e8 stata freelance, collaborando con media come AD, Manera, Architecture and Design, gestendo reti immobiliari e scrivendo il blog di aziende automobilistiche. Il suo rapporto con il gruppo Hearst \u00e8 iniziato con Runner&#8217;s e Men&#8217;s Health, testiere con cui continua a collaborare e alle quali ha aggiunto Elle Decor e New Style, con i quali ha iniziato una storia che spera che, come direbbe Humphrey Bogart, sia solo l&#8217;inizio di una bellissima amicizia.<\/p>\n<p><script async src=\"\/\/www.instagram.com\/embed.js\"><\/script><\/p>\n","protected":false},"excerpt":{"rendered":"Su un terreno di appena cinque metri di larghezza per diciassette di profondit\u00e0 sorge questo edificio singolare, progettato&hellip;\n","protected":false},"author":3,"featured_media":158215,"comment_status":"","ping_status":"","sticky":false,"template":"","format":"standard","meta":{"footnotes":""},"categories":[1446],"tags":[1615,1613,1614,1611,1610,2366,1612,1616,203,8369,204,1537,90,89,52905,15027],"class_list":{"0":"post-158214","1":"post","2":"type-post","3":"status-publish","4":"format-standard","5":"has-post-thumbnail","7":"category-arte-e-design","8":"tag-arte","9":"tag-arte-e-design","10":"tag-arteedesign","11":"tag-arts","12":"tag-arts-and-design","13":"tag-casa-bellissima","14":"tag-design","15":"tag-discover","16":"tag-entertainment","17":"tag-giardino","18":"tag-intrattenimento","19":"tag-it","20":"tag-italia","21":"tag-italy","22":"tag-patio","23":"tag-piscina"},"share_on_mastodon":{"url":"","error":""},"_links":{"self":[{"href":"https:\/\/www.europesays.com\/it\/wp-json\/wp\/v2\/posts\/158214","targetHints":{"allow":["GET"]}}],"collection":[{"href":"https:\/\/www.europesays.com\/it\/wp-json\/wp\/v2\/posts"}],"about":[{"href":"https:\/\/www.europesays.com\/it\/wp-json\/wp\/v2\/types\/post"}],"author":[{"embeddable":true,"href":"https:\/\/www.europesays.com\/it\/wp-json\/wp\/v2\/users\/3"}],"replies":[{"embeddable":true,"href":"https:\/\/www.europesays.com\/it\/wp-json\/wp\/v2\/comments?post=158214"}],"version-history":[{"count":0,"href":"https:\/\/www.europesays.com\/it\/wp-json\/wp\/v2\/posts\/158214\/revisions"}],"wp:featuredmedia":[{"embeddable":true,"href":"https:\/\/www.europesays.com\/it\/wp-json\/wp\/v2\/media\/158215"}],"wp:attachment":[{"href":"https:\/\/www.europesays.com\/it\/wp-json\/wp\/v2\/media?parent=158214"}],"wp:term":[{"taxonomy":"category","embeddable":true,"href":"https:\/\/www.europesays.com\/it\/wp-json\/wp\/v2\/categories?post=158214"},{"taxonomy":"post_tag","embeddable":true,"href":"https:\/\/www.europesays.com\/it\/wp-json\/wp\/v2\/tags?post=158214"}],"curies":[{"name":"wp","href":"https:\/\/api.w.org\/{rel}","templated":true}]}}