{"id":158225,"date":"2025-10-10T23:17:10","date_gmt":"2025-10-10T23:17:10","guid":{"rendered":"https:\/\/www.europesays.com\/it\/158225\/"},"modified":"2025-10-10T23:17:10","modified_gmt":"2025-10-10T23:17:10","slug":"cosa-e-successo-in-studio-con-maria-de-filippi","status":"publish","type":"post","link":"https:\/\/www.europesays.com\/it\/158225\/","title":{"rendered":"cosa \u00e8 successo in studio con Maria De Filippi"},"content":{"rendered":"<p>&#13;<br \/>\n                               &#13;<br \/>\n                                                &#13;<br \/>\n                &#13;<\/p>\n<p>A volte ritornano. E nel caso di <strong><a href=\"https:\/\/www.leggo.it\/t\/federico-mastrostefano\" rel=\"nofollow noopener\" target=\"_blank\">Federico Mastrostefano<\/a><\/strong>, il ritorno fa parlare (ma non in positivo). Ex tronista ai tempi del trono giovani \u2014 noto per la sua eterna indecisione\u00a0\u2014 oggi riappare nel parterre dei cavalieri, con qualche anno in pi\u00f9 ma, a quanto pare, gli stessi dubbi di allora. Appena rimesso piede nello studio di <strong><a href=\"https:\/\/www.leggo.it\/t\/uomini-e-donne\" rel=\"nofollow noopener\" target=\"_blank\">Uomini e Donne<\/a><\/strong>, il caos \u00e8 servito: uscite multiple, nessuna scelta chiara e dame confuse. Una dinamica gi\u00e0 vista, che non sorprende chi lo ricorda ai tempi del trono, uno dei pi\u00f9 lunghi nella storia della trasmissione\u00a0per la sua incapacit\u00e0 di decidere. Ma stavolta a non prenderla bene \u00e8 <strong><a href=\"https:\/\/www.leggo.it\/t\/maria-de-filippi\" rel=\"nofollow noopener\" target=\"_blank\">Maria De Filippi<\/a><\/strong> che dice basta e perde la pazienza.\u00a0\u00a0<\/p>\n<p>&#13;<br \/>\n&#13;<br \/>\nCosa \u00e8 successo\u00a0&#13;<br \/>\n&#13;<\/p>\n<p>Nella puntata andata in onda venerd\u00ec 10 ottobre 2025, <strong><a href=\"https:\/\/www.leggo.it\/t\/federico-mastrostefano\" rel=\"nofollow noopener\" target=\"_blank\">Federico Mastrostefano<\/a><\/strong> si trova a parlare delle sue (numerose) frequentazioni. Come fa notare <strong><a href=\"https:\/\/www.leggo.it\/t\/maria-de-filippi\" rel=\"nofollow noopener\" target=\"_blank\">Maria De Filippi<\/a><\/strong>, il cavaliere sembra gestirsi piuttosto bene il calendario settimanale: un\u2019uscita con Agnese, una con Veronica, una con Rosanna.\u00a0A finire sotto i riflettori \u00e8 Veronica, sorpresa in lacrime. La conduttrice non pu\u00f2 ignorarlo e lo incalza, cercando di spingerlo a esporsi. Lui si mostra dispiaciuto, ma non va oltre. E intanto viene fuori un dettaglio non da poco: il cavaliere avrebbe baciato anche un\u2019altra dama, oltre ad Agnese. Il nome? Veronica.\u00a0Ma il cavaliere\u00a0lo definisce un \u201cpiccolo bacetto\u201d.\u00a0<\/p>\n<p>&#13;<br \/>\n&#13;<br \/>\nLe parole di Maria De Filippi&#13;<br \/>\n&#13;<br \/>\n&#13;<br \/>\n&#13;<\/p>\n<p><strong><a href=\"https:\/\/www.leggo.it\/t\/maria-de-filippi\" rel=\"nofollow noopener\" target=\"_blank\">Maria De Filippi<\/a><\/strong> per\u00f2 non ci sta: \u00ab<strong>Non \u00e8 vero che hai baciato solo Agnese<\/strong>, Fede. Tu non hai detto alla redazione che hai dato un bacetto a stampo a Veronica. No, no, no\u00bb, sbotta.\u00a0 A quel punto il cavaliere non pu\u00f2 smentire. La conduttrice parla con cognizione di causa: la redazione la informa di tutto\u00a0\u00a0e le mezze verit\u00e0 non passano. <strong><a href=\"https:\/\/www.leggo.it\/t\/federico-mastrostefano\" rel=\"nofollow noopener\" target=\"_blank\">Federico Mastrostefano<\/a><\/strong> prova a svicolare: \u00ab<strong>Io non mi ricordo&#8230; troppe informazioni<\/strong>\u00bb, ammette.\u00a0Una scusa poco credibile, che in studio suona pi\u00f9 come un goffo tentativo di salvarsi.\u00a0<\/p>\n<p>&#13;<br \/>\n&#13;<br \/>\nChi \u00e8 Federico Mastrostefano\u00a0&#13;<br \/>\n&#13;<\/p>\n<p>Classe 1987, <strong><a href=\"https:\/\/www.leggo.it\/t\/federico-mastrostefano\" rel=\"nofollow noopener\" target=\"_blank\">Federico Mastrostefano<\/a><\/strong> debutta a <strong><a href=\"https:\/\/www.leggo.it\/t\/uomini-e-donne\" rel=\"nofollow noopener\" target=\"_blank\">Uomini e Donne<\/a><\/strong> nel 2008 come corteggiatore di <strong><a href=\"https:\/\/www.leggo.it\/t\/paola-frizziero\" rel=\"nofollow noopener\" target=\"_blank\">Paola Frizziero<\/a><\/strong>. L\u2019anno dopo conquista il trono e sceglie <strong><a href=\"https:\/\/www.leggo.it\/t\/pamela-compagnucci\" rel=\"nofollow noopener\" target=\"_blank\">Pamela Compagnucci<\/a><\/strong>, ma la loro storia si chiude in fretta. <\/p>\n<p>Subito dopo, lui sparisce dai riflettori dedicandosi alla carriera di istruttore di nuoto. Ora \u00e8 pronto a tornare nel dating show, ma questa volta nel parterre dei cavalieri, deciso a rimettersi in gioco.\u00a0                                &#13;<br \/>\n                &#13;<br \/>\n&#13;<br \/>\n                Ultimo aggiornamento: venerd\u00ec 10 ottobre 2025, 20:22&#13;<br \/>\n                <br \/>&#13;<br \/>\n                &#13;<br \/>\n                  &#13;<br \/>\n                    &#13;<br \/>\n                        \u00a9 RIPRODUZIONE RISERVATA&#13;<\/p>\n<p>&#13;<\/p>\n<p>                    &#13;<\/p>\n","protected":false},"excerpt":{"rendered":"&#13; &#13; &#13; &#13; A volte ritornano. E nel caso di Federico Mastrostefano, il ritorno fa parlare (ma&hellip;\n","protected":false},"author":3,"featured_media":158226,"comment_status":"","ping_status":"","sticky":false,"template":"","format":"standard","meta":{"footnotes":""},"categories":[174],"tags":[203,97604,204,1537,90,89,5602,9240],"class_list":{"0":"post-158225","1":"post","2":"type-post","3":"status-publish","4":"format-standard","5":"has-post-thumbnail","7":"category-intrattenimento","8":"tag-entertainment","9":"tag-federico-mastrostefano","10":"tag-intrattenimento","11":"tag-it","12":"tag-italia","13":"tag-italy","14":"tag-maria-de-filippi","15":"tag-uomini-e-donne"},"share_on_mastodon":{"url":"","error":""},"_links":{"self":[{"href":"https:\/\/www.europesays.com\/it\/wp-json\/wp\/v2\/posts\/158225","targetHints":{"allow":["GET"]}}],"collection":[{"href":"https:\/\/www.europesays.com\/it\/wp-json\/wp\/v2\/posts"}],"about":[{"href":"https:\/\/www.europesays.com\/it\/wp-json\/wp\/v2\/types\/post"}],"author":[{"embeddable":true,"href":"https:\/\/www.europesays.com\/it\/wp-json\/wp\/v2\/users\/3"}],"replies":[{"embeddable":true,"href":"https:\/\/www.europesays.com\/it\/wp-json\/wp\/v2\/comments?post=158225"}],"version-history":[{"count":0,"href":"https:\/\/www.europesays.com\/it\/wp-json\/wp\/v2\/posts\/158225\/revisions"}],"wp:featuredmedia":[{"embeddable":true,"href":"https:\/\/www.europesays.com\/it\/wp-json\/wp\/v2\/media\/158226"}],"wp:attachment":[{"href":"https:\/\/www.europesays.com\/it\/wp-json\/wp\/v2\/media?parent=158225"}],"wp:term":[{"taxonomy":"category","embeddable":true,"href":"https:\/\/www.europesays.com\/it\/wp-json\/wp\/v2\/categories?post=158225"},{"taxonomy":"post_tag","embeddable":true,"href":"https:\/\/www.europesays.com\/it\/wp-json\/wp\/v2\/tags?post=158225"}],"curies":[{"name":"wp","href":"https:\/\/api.w.org\/{rel}","templated":true}]}}