{"id":158426,"date":"2025-10-11T02:43:11","date_gmt":"2025-10-11T02:43:11","guid":{"rendered":"https:\/\/www.europesays.com\/it\/158426\/"},"modified":"2025-10-11T02:43:11","modified_gmt":"2025-10-11T02:43:11","slug":"palou-sostiene-che-la-mclaren-gli-avesse-promesso-la-f1-e-poi-abbia-bloccato-un-altro-ingaggio","status":"publish","type":"post","link":"https:\/\/www.europesays.com\/it\/158426\/","title":{"rendered":"Palou sostiene che la McLaren gli avesse promesso la F1 e poi abbia bloccato un altro ingaggio"},"content":{"rendered":"<p>Il processo tra la McLaren F1 e Alex Palou si sta svolgendo in Inghilterra questa settimana dopo che la scuderia britannica ha citato in giudizio il pilota del 2023 per violazione del contratto. Lo spagnolo aveva firmato con la McLaren per il 2022 e avrebbe gareggiato con il suo team IndyCar oltre a partecipare al programma di test di F1 come riserva, con il grande obiettivo di raggiungere la Formula 1. Tuttavia, nell&#8217;agosto del 2023 ha deciso di non proseguire, inducendo la scuderia britannica a citare in giudizio Alex Palou. Tuttavia, nell&#8217;agosto 2023 ha deciso di non proseguire, spingendo la McLaren a fargli causa.<\/p>\n<p>La McLaren chiede al pilota 20,7 milioni di dollari, poco meno di 18 milioni di euro, presso il tribunale commerciale del Regno Unito.\u00a0Fin dall&#8217;inizio, la difesa di Palou ha sostenuto che ha deciso di rimanere con il Chip Ganassi Racing dopo aver perso la fiducia che la McLaren lo avrebbe portato in F1, quindi, ammettendo la violazione del contratto, la questione potrebbe essere l&#8217;importo da pagare. La difesa del pilota sostiene che la somma richiesta dalla McLaren \u00e8 &#8220;sbagliata sotto diversi aspetti e grossolanamente sovrastimata&#8221; e fa pensare a un&#8217;estorsione da parte del team.<\/p>\n<p>Uno degli avvocati di Palou, Nick De Marco, ha sostenuto all&#8217;inizio del processo che Brown ha fatto &#8220;false promesse di gloria in F1&#8221;. Secondo il legale, Palou ha firmato il contratto con l&#8217;intenzione di entrare in F1, ma quando ha visto l&#8217;annuncio di Oscar Piastri come titolare per il 2023, ha perso fiducia in ci\u00f2 che gli era stato detto. &#8220;Hanno ingannato il signor Palou per tutto questo tempo&#8221;, ha detto l&#8217;avvocato secondo un testimone. Inoltre, l&#8217;avvocato ha riferito che\u00a0ha accusato Brown di essere evasivo e disonesto, citando la cancellazione di messaggi WhatsApp, conversazioni con altri piloti, come Pato O&#8217;Ward, attuale pilota Indy della McLaren, e una serie di e-mail.<\/p>\n<p>I toni si sono alzati, con la difesa e l&#8217;accusa che hanno etichettato le affermazioni della controparte come &#8220;sciocchezze inventate&#8221;. Brown afferma che a Palou non \u00e8 mai stato promesso un pilota di F1 nel 2023, e che in realt\u00e0 si trattava solo di un &#8220;piano B&#8221; nel caso in cui uno dei piloti in carica si fosse infortunato o Piastri avesse fallito. Durante l&#8217;udienza di mercoled\u00ec 8 ottobre, Brown ha negato in tribunale di aver promesso a Palou un posto in F1, e nell&#8217;udienza di gioved\u00ec 9 ottobre il pilota si \u00e8 difeso.<\/p>\n<p>Alex Palou si difende dalla McLaren che prima gli aveva promesso la F1 e poi gli ha precluso la possibilit\u00e0 di partecipare al campionato.<\/p>\n<p>Come riportato da MotorSport Magazine, Palou ha difeso in tribunale, in qualit\u00e0 di testimone, di aver firmato con la McLaren solo per finire con loro in Formula 1, ma che tutto \u00e8 andato storto quando la McLaren ha ingaggiato Oscar Piastri e ha perso la fiducia nel fatto che potesse arrivare nella massima serie.<\/p>\n<p>Palou ha rivelato una telefonata tra la sua agenzia di management, Monaco Increase Management (MIM) e Brown, in cui il CEO della McLaren avrebbe assicurato che l&#8217;arrivo di Piastri non avrebbe interferito con le possibilit\u00e0 dello spagnolo di arrivare in F1.<\/p>\n<p>Come riportato dai media citati, nella sua apparizione Palou ha assicurato che Brown gli aveva detto che credeva che potessero arrivare in F1, che avrebbero avuto una possibilit\u00e0 e che la decisione di ingaggiare Piastri non era stata sua ma dell&#8217;allora direttore, Andreas Seidl.<\/p>\n<p>Ma al di l\u00e0 delle promesse della F1 (che Brown nega), Palou ha rivelato che non gli era stato permesso di andare in un&#8217;altra squadra. Nell&#8217;estate del 2023, il team B della Red Bull Racing\u00a0(AlphaTauri, ora Racing Bulls), era alla ricerca di un pilota per sostituire Nyck de Vries (alla fine fu Daniel Ricciardo). Palou sostiene di aver parlato con Helmut Marko\u00a0di questa possibilit\u00e0, ma dopo che Brown lo ha scoperto, c&#8217;\u00e8 stata una telefonata tra Brown e Marko e il possibile ingaggio non \u00e8 andato avanti&#8230;<\/p>\n<p>Venerd\u00ec prossimo sar\u00e0 la volta di Palou in tribunale, dopo due giorni di comparizione di Brown.<\/p>\n<p>Leggi anche:<\/p>\n<p>            Vogliamo la vostra opinione!<\/p>\n<p class=\"mt-auto\">Cosa vorresti vedere su Motorsport.com?<\/p>\n<p>            <a href=\"#\" class=\"ms-link text-link font-bold\">Partecipate al nostro sondaggio di 5 minuti.<\/a><\/p>\n<p class=\"mt-1 font-info text-body\">&#8211; Il team di Motorsport.com<\/p>\n","protected":false},"excerpt":{"rendered":"Il processo tra la McLaren F1 e Alex Palou si sta svolgendo in Inghilterra questa settimana dopo che&hellip;\n","protected":false},"author":3,"featured_media":158427,"comment_status":"","ping_status":"","sticky":false,"template":"","format":"standard","meta":{"footnotes":""},"categories":[1454],"tags":[1770,683,1771,60838,1537,90,89,5993,97640,245,244,97641],"class_list":{"0":"post-158426","1":"post","2":"type-post","3":"status-publish","4":"format-standard","5":"has-post-thumbnail","7":"category-f1","8":"tag-f1","9":"tag-formula-1","10":"tag-formula1","11":"tag-indycar","12":"tag-it","13":"tag-italia","14":"tag-italy","15":"tag-mclaren","16":"tag-palou-sostiene-che-la-mclaren-gli-avesse-promesso-la-f1-e-poi-abbia-bloccato-un-altro-ingaggio","17":"tag-sport","18":"tag-sports","19":"tag-u00c1lex-palou"},"share_on_mastodon":{"url":"","error":""},"_links":{"self":[{"href":"https:\/\/www.europesays.com\/it\/wp-json\/wp\/v2\/posts\/158426","targetHints":{"allow":["GET"]}}],"collection":[{"href":"https:\/\/www.europesays.com\/it\/wp-json\/wp\/v2\/posts"}],"about":[{"href":"https:\/\/www.europesays.com\/it\/wp-json\/wp\/v2\/types\/post"}],"author":[{"embeddable":true,"href":"https:\/\/www.europesays.com\/it\/wp-json\/wp\/v2\/users\/3"}],"replies":[{"embeddable":true,"href":"https:\/\/www.europesays.com\/it\/wp-json\/wp\/v2\/comments?post=158426"}],"version-history":[{"count":0,"href":"https:\/\/www.europesays.com\/it\/wp-json\/wp\/v2\/posts\/158426\/revisions"}],"wp:featuredmedia":[{"embeddable":true,"href":"https:\/\/www.europesays.com\/it\/wp-json\/wp\/v2\/media\/158427"}],"wp:attachment":[{"href":"https:\/\/www.europesays.com\/it\/wp-json\/wp\/v2\/media?parent=158426"}],"wp:term":[{"taxonomy":"category","embeddable":true,"href":"https:\/\/www.europesays.com\/it\/wp-json\/wp\/v2\/categories?post=158426"},{"taxonomy":"post_tag","embeddable":true,"href":"https:\/\/www.europesays.com\/it\/wp-json\/wp\/v2\/tags?post=158426"}],"curies":[{"name":"wp","href":"https:\/\/api.w.org\/{rel}","templated":true}]}}