{"id":158503,"date":"2025-10-11T04:02:12","date_gmt":"2025-10-11T04:02:12","guid":{"rendered":"https:\/\/www.europesays.com\/it\/158503\/"},"modified":"2025-10-11T04:02:12","modified_gmt":"2025-10-11T04:02:12","slug":"goinup-2025-filippo-curtoni-e-sveva-della-pedrina-dominano-larz-up","status":"publish","type":"post","link":"https:\/\/www.europesays.com\/it\/158503\/","title":{"rendered":"Goinup 2025: Filippo Curtoni e Sveva Della Pedrina dominano l&#8217;Arz-Up"},"content":{"rendered":"<p>Filippo Curtoni fulmina tutti alla 9\u00aa Arz-up, Sveva Della Pedrina si conferma la donna pi\u00f9 veloce del circuito 2025. 430 iscritti e 380 partenti all\u2019ultima prova del circuito GoInUp enuovo record di partecipanti per questa prova ch\u00e8 \u00e8 stata anche l\u2019ultima della stagione. Dalla centralissima Via Garibaldi a Morbegno alle 20 \u00e8 partita la carica dei verticalisti del mercoled\u00ec sera. Da percorrere vi erano 2,45km e 460m dislivello positivo che portavano gli atleti da Morbegno alla frazione di Arzo, salendo per la prima parte dalla storica via Priula e successivamente percorrendo a ritroso la discesa del mitico Trofeo Vanoni.<\/p>\n<p>Gara aperta con molti pretendenti alla vittoria<\/p>\n<p>E\u2019 stata una gara aperta con molti pretendenti alla vittoria, con Francesco Bongio e il ciclista Daniele Gusmeroli davanti a dettare il ritmo sino in localit\u00e0 Bellini (met\u00e0 gara). Alle loro spalle inseguivano Davide Zugnoni e Filippo Curtoni. Proprio quest\u2019ultimo nella seconda parte di salita, riusciva a rimontare i battistrada e portarsi in testa. Sul traguardo di Arzo lo scalatore di Gerola Alta tagliava il traguardo per primo con il crono di 17\u201932\u201d. Seconda posizione per Davide Zugnoni (Team Valtellina) a soli 3\u201d di distacco, completava il podio Daniele Gusmeroli a 11\u201d da Curtoni. Pi\u00f9 staccato chiudeva quarto Matteo Corazza (Team Valtellina) davanti a Francesco Bongio (Team Scarpa) alla fine solo quinto. Completano la top ten nell\u2019ordine Guido Rovedatti (Team Valtellina), Giacomo Canzi, Massimo Triulzi (Valchiavenna), Mattia Curtoni (Team Valtellina) e Marco Previsdomini (Albosaggia).<\/p>\n<p>Al femminile, le due protagoniste del circuito Sveva Della Pedrina e Barbara Sangalli si presentavano al via con un solo punto di differenza nella classifica del circuito. La sfida \u00e8 stata combattuta anche in questa occasione, con Sveva Della Pedrina che si portata per\u00f2 fin dalle prime battute davanti alla sua avversaria e lungo l\u2019impegnativa salita dell\u2019Arz-Up riusciva a resistere alla rimonta di Sangalli. Successo quindi di serata per la giovane Sveva Della Pedrina (Valchiavenna) con il crono di 21\u201949\u201d, seconda posizione con il tempo di 22\u201926\u201d per Barbara Sangalli (As Premana), completa il podio di serata Raffaella Rossi (Team Valtellina).<\/p>\n<p>Alle loro spalle chiude al quarto posto Emma Grace Bouycher e al quinto Racheal Skye Sturm (Team Valtellina). Il circuito Goinup 2025 non termina per\u00f2 con l\u2019ultima prova \u201cagonistica\u201d, ma terminer\u00e0 venerd\u00ec 17 ottobre con la consueta cena, premiazione e festa di fino stagione, che si svolger\u00e0 a Rasura presso il polifunzionale. Le prenotazione della cena si accettano online al sito www.goinupvertical.it entro mercoled\u00ec 15 ottobre.<\/p>\n","protected":false},"excerpt":{"rendered":"Filippo Curtoni fulmina tutti alla 9\u00aa Arz-up, Sveva Della Pedrina si conferma la donna pi\u00f9 veloce del circuito&hellip;\n","protected":false},"author":3,"featured_media":158504,"comment_status":"","ping_status":"","sticky":false,"template":"","format":"standard","meta":{"footnotes":"","_share_on_mastodon":"0"},"categories":[1456],"tags":[1824,1825,1537,90,89,64190,245,244],"class_list":["post-158503","post","type-post","status-publish","format-standard","has-post-thumbnail","category-ciclismo","tag-ciclismo","tag-cycling","tag-it","tag-italia","tag-italy","tag-morbegno","tag-sport","tag-sports"],"share_on_mastodon":{"url":"","error":""},"_links":{"self":[{"href":"https:\/\/www.europesays.com\/it\/wp-json\/wp\/v2\/posts\/158503","targetHints":{"allow":["GET"]}}],"collection":[{"href":"https:\/\/www.europesays.com\/it\/wp-json\/wp\/v2\/posts"}],"about":[{"href":"https:\/\/www.europesays.com\/it\/wp-json\/wp\/v2\/types\/post"}],"author":[{"embeddable":true,"href":"https:\/\/www.europesays.com\/it\/wp-json\/wp\/v2\/users\/3"}],"replies":[{"embeddable":true,"href":"https:\/\/www.europesays.com\/it\/wp-json\/wp\/v2\/comments?post=158503"}],"version-history":[{"count":0,"href":"https:\/\/www.europesays.com\/it\/wp-json\/wp\/v2\/posts\/158503\/revisions"}],"wp:featuredmedia":[{"embeddable":true,"href":"https:\/\/www.europesays.com\/it\/wp-json\/wp\/v2\/media\/158504"}],"wp:attachment":[{"href":"https:\/\/www.europesays.com\/it\/wp-json\/wp\/v2\/media?parent=158503"}],"wp:term":[{"taxonomy":"category","embeddable":true,"href":"https:\/\/www.europesays.com\/it\/wp-json\/wp\/v2\/categories?post=158503"},{"taxonomy":"post_tag","embeddable":true,"href":"https:\/\/www.europesays.com\/it\/wp-json\/wp\/v2\/tags?post=158503"}],"curies":[{"name":"wp","href":"https:\/\/api.w.org\/{rel}","templated":true}]}}