{"id":158634,"date":"2025-10-11T06:04:12","date_gmt":"2025-10-11T06:04:12","guid":{"rendered":"https:\/\/www.europesays.com\/it\/158634\/"},"modified":"2025-10-11T06:04:12","modified_gmt":"2025-10-11T06:04:12","slug":"i-luoghi-migliori-per-osservarle-in-viaggio","status":"publish","type":"post","link":"https:\/\/www.europesays.com\/it\/158634\/","title":{"rendered":"i luoghi migliori per osservarle in viaggio"},"content":{"rendered":"<p>Le <strong>eclissi solari totali<\/strong> sono fenomeni di grande impatto emotivo e scientifico: il giorno diventa quasi notte per qualche minuto, si ha la visione della corona solare e il cielo assume atmosfere irreali.<\/p>\n<p>Per gli amanti dell\u2019astronomia e del turismo esperienziale, le eclissi del <strong>2026<\/strong> e del <strong>2027<\/strong> rappresentano occasioni imperdibili per viaggiare verso luoghi strategici e vivere un\u2019esperienza indimenticabile.<\/p>\n<p>In particolare, queste due date saranno tra le poche nel prossimo decennio in cui la totalit\u00e0 sar\u00e0 visibile in zone accessibili dall\u2019Europa, rendendo possibili itinerari dedicati all\u2019<strong>astroturismo<\/strong>.\n<\/p>\n<p>Date delle eclissi solari del 2026 e 2027<\/p>\n<p>L\u2019eclissi solare totale del <strong>12 agosto 2026<\/strong> si verificher\u00e0 al tramonto e avr\u00e0 una durata massima della totalit\u00e0 di 2 minuti e 18 secondi. La traiettoria dell\u2019ombra entrer\u00e0 nell\u2019Atlantico, attraverser\u00e0 la Penisola Iberica, da sud-ovest a nord-est, e continuer\u00e0 poi verso Turchia, Russia, Artico.<\/p>\n<p>In <strong>Italia<\/strong> l\u2019eclissi sar\u00e0 visibile solo in forma parziale, con il sole oscurato per circa il 74% al tramonto.<\/p>\n<p>L\u2019eclissi del <strong>2 agosto 2027<\/strong> avr\u00e0 la particolarit\u00e0 di attraversare il sud della Spagna in totalit\u00e0, toccando la zona da Siviglia a Gibilterra. L\u2019evento \u00e8 previsto la mattina, intorno alle 10:50, e la totalit\u00e0 avr\u00e0 una durata massima di 6 minuti e 23 secondi.<\/p>\n<p>In <strong>Italia<\/strong> il fenomeno sar\u00e0 visto come eclissi parziale con percentuali per\u00f2 elevate soprattutto al sud e nelle isole.<\/p>\n<p>Queste due <a href=\"https:\/\/siviaggia.it\/varie\/luoghi-dove-osservare-eclissi-totali\/300104\/\" rel=\"nofollow noopener\" target=\"_blank\">eclissi<\/a>, vicine nel tempo e geograficamente rilevanti, rappresentano un\u2019occasione rara da non perdere.<\/p>\n<p>Per tutti quelli che amano i fenomeni astrologici ecco una serie di luoghi tra Spagna e Italia<strong> dove andare nel 2026 e 2027<\/strong> per godere, sotto un cielo limpido estivo, di questo spettacolo.<\/p>\n<p>Dove viaggiare per vedere l\u2019eclissi del 2026<\/p>\n<p>Per assistere alla totalit\u00e0 del <strong>12 agosto 2026<\/strong>, la <a href=\"https:\/\/siviaggia.it\/destinazioni\/europa\/spagna\/\" rel=\"nofollow noopener\" target=\"_blank\">Spagna<\/a> \u00e8 la meta ideale. La fascia di totalit\u00e0 attraverser\u00e0 regioni come la Aragona, le Asturie, le <a href=\"https:\/\/siviaggia.it\/idee-di-viaggio\/viaggio-isole-baleari-quale-scegliere-vostre-vacanze\/183598\/\" rel=\"nofollow noopener\" target=\"_blank\">Isole Baleari<\/a>, Cantabria, Castiglia e Le\u00f3n, Castiglia-La Mancia, Catalogna, Comunidad Valenciana, Navarra, Galizia, La Rioja e Paesi Baschi.<\/p>\n<p>Citt\u00e0 come <a href=\"https:\/\/siviaggia.it\/notizie\/video\/viaggio-oviedo-capitale-spagnola-gastronomia\/424151\/\" rel=\"nofollow noopener\" target=\"_blank\">Oviedo<\/a>, Santander, Le\u00f3n, <a href=\"https:\/\/siviaggia.it\/idee-di-viaggio\/valencia-spagna\/216478\/\" rel=\"nofollow noopener\" target=\"_blank\">Valencia<\/a>, <a href=\"https:\/\/siviaggia.it\/idee-di-viaggio\/un-viaggio-nellantico-regno-daragona-saragozza\/196154\/\" rel=\"nofollow noopener\" target=\"_blank\">Saragozza<\/a>, <a href=\"https:\/\/siviaggia.it\/idee-di-viaggio\/bilbao-10-tappe-musei-palazzi-monumenti-citta-basca\/180384\/\" rel=\"nofollow noopener\" target=\"_blank\">Bilbao<\/a> e Palma avranno l\u2019opportunit\u00e0 di godere di un\u2019indimenticabile <strong>eclissi totale<\/strong>. Queste sono quindi le destinazioni e le cittadine perfette da visitare in Spagna durante il fenomeno del 2026.<\/p>\n<p>In <strong>Italia<\/strong> il fenomeno sar\u00e0 solo parziale e sar\u00e0 pi\u00f9 visibile al Nord Italia e meno al Sud. Nelle citt\u00e0 di Milano, <a href=\"https:\/\/siviaggia.it\/idee-di-viaggio\/torino-cosa-vedere-3-giorni\/533134\/\" rel=\"nofollow noopener\" target=\"_blank\">Torino<\/a>, <a href=\"https:\/\/siviaggia.it\/idee-di-viaggio\/cosa-vedere-genova-un-giorno\/537586\/\" rel=\"nofollow noopener\" target=\"_blank\">Genova<\/a> e Venezia, oltre il 90% del disco solare scomparir\u00e0 dietro la Luna.<\/p>\n<p>Dove viaggiare per vedere l\u2019eclissi del 2027<\/p>\n<p>Per il<strong> 2 agosto 2027<\/strong>, la zona migliore in Europa per ammirare l\u2019<strong>eclissi totale<\/strong> sar\u00e0 sempre la Spagna. La fascia di totalit\u00e0 comprender\u00e0: le citt\u00e0 autonome di\u00a0<a href=\"https:\/\/siviaggia.it\/idee-di-viaggio\/ceuta-poco-nota-citta-europea-lungo-costa-africa\/393809\/\" rel=\"nofollow noopener\" target=\"_blank\">Ceuta<\/a>\u00a0e\u00a0<a href=\"https:\/\/siviaggia.it\/idee-di-viaggio\/melilla-angolo-spagna-marocco\/412470\/\" rel=\"nofollow noopener\" target=\"_blank\">Melilla<\/a>, quasi tutta la provincia di Cadice, buona parte della provincia di Malaga e il sud delle province di Granada e Almer\u00eda.<\/p>\n<p>In alcune cittadine, come <a href=\"https:\/\/siviaggia.it\/idee-di-viaggio\/viaggio-tarifa-meta-europea-inverno-non-esiste\/425235\/\" rel=\"nofollow noopener\" target=\"_blank\">Tarifa<\/a>, Ceuta e Melilla sar\u00e0 addirittura visibile per p<strong>i\u00f9 di quattro minuti e mezzo<\/strong>, mentre Cadice e <a href=\"https:\/\/siviaggia.it\/idee-di-viaggio\/cosa-vedere-malaga\/527895\/\" rel=\"nofollow noopener\" target=\"_blank\">Malaga<\/a> offriranno durate pi\u00f9 contenute ma ancora impressionanti.<\/p>\n<p>In <strong>Italia<\/strong>, il 2 agosto 2027, il Sud sar\u00e0 testimone di un\u2019eclissi totale: il Sole sparir\u00e0 per <strong>oltre sei minuti<\/strong>. La totalit\u00e0 sar\u00e0 visibile soprattutto a <a href=\"https:\/\/siviaggia.it\/idee-di-viaggio\/isola-lampedusa-sicilia\/536421\/\" rel=\"nofollow noopener\" target=\"_blank\">Lampedusa<\/a>. La citt\u00e0 di Palermo sar\u00e0 poi vicinissima al buio completo (circa 99%), cos\u00ec come in Sardegna a Cagliari con oltre il 95% \u2013 a seguire anche Bari, Napoli e Roma godranno del fenomeno parziale.<\/p>\n","protected":false},"excerpt":{"rendered":"Le eclissi solari totali sono fenomeni di grande impatto emotivo e scientifico: il giorno diventa quasi notte per&hellip;\n","protected":false},"author":3,"featured_media":158635,"comment_status":"","ping_status":"","sticky":false,"template":"","format":"standard","meta":{"footnotes":""},"categories":[173],"tags":[1537,90,89,5857,15,195,198,199,197,200,201,194,196,6276],"class_list":{"0":"post-158634","1":"post","2":"type-post","3":"status-publish","4":"format-standard","5":"has-post-thumbnail","7":"category-scienza-e-tecnologia","8":"tag-it","9":"tag-italia","10":"tag-italy","11":"tag-itinerari-culturali","12":"tag-notizie","13":"tag-science","14":"tag-science-and-technology","15":"tag-scienceandtechnology","16":"tag-scienza","17":"tag-scienza-e-tecnologia","18":"tag-scienzaetecnologia","19":"tag-technology","20":"tag-tecnologia","21":"tag-viaggi-avventura"},"share_on_mastodon":{"url":"","error":""},"_links":{"self":[{"href":"https:\/\/www.europesays.com\/it\/wp-json\/wp\/v2\/posts\/158634","targetHints":{"allow":["GET"]}}],"collection":[{"href":"https:\/\/www.europesays.com\/it\/wp-json\/wp\/v2\/posts"}],"about":[{"href":"https:\/\/www.europesays.com\/it\/wp-json\/wp\/v2\/types\/post"}],"author":[{"embeddable":true,"href":"https:\/\/www.europesays.com\/it\/wp-json\/wp\/v2\/users\/3"}],"replies":[{"embeddable":true,"href":"https:\/\/www.europesays.com\/it\/wp-json\/wp\/v2\/comments?post=158634"}],"version-history":[{"count":0,"href":"https:\/\/www.europesays.com\/it\/wp-json\/wp\/v2\/posts\/158634\/revisions"}],"wp:featuredmedia":[{"embeddable":true,"href":"https:\/\/www.europesays.com\/it\/wp-json\/wp\/v2\/media\/158635"}],"wp:attachment":[{"href":"https:\/\/www.europesays.com\/it\/wp-json\/wp\/v2\/media?parent=158634"}],"wp:term":[{"taxonomy":"category","embeddable":true,"href":"https:\/\/www.europesays.com\/it\/wp-json\/wp\/v2\/categories?post=158634"},{"taxonomy":"post_tag","embeddable":true,"href":"https:\/\/www.europesays.com\/it\/wp-json\/wp\/v2\/tags?post=158634"}],"curies":[{"name":"wp","href":"https:\/\/api.w.org\/{rel}","templated":true}]}}