{"id":158717,"date":"2025-10-11T07:15:11","date_gmt":"2025-10-11T07:15:11","guid":{"rendered":"https:\/\/www.europesays.com\/it\/158717\/"},"modified":"2025-10-11T07:15:11","modified_gmt":"2025-10-11T07:15:11","slug":"milan-se-maignan-parte-atubolu-nuovo-portiere","status":"publish","type":"post","link":"https:\/\/www.europesays.com\/it\/158717\/","title":{"rendered":"Milan, se Maignan parte Atubolu nuovo portiere"},"content":{"rendered":"<p>                                Il francese non firma: su di lui Juve, Chelsea e Bayern. Tare guarda anche a Suzuki, giapponese del Parma<\/p>\n<p>            <a class=\"image is-50x50\" href=\"https:\/\/www.gazzetta.it\/redazione\/alessandra-gozzini\/\" rel=\"nofollow noopener\" target=\"_blank\"><br \/>\n                <img decoding=\"async\" class=\"is-rounded\" src=\"https:\/\/www.europesays.com\/it\/wp-content\/uploads\/2025\/10\/1760166911_443_omino.png\" alt=\"Alessandra Gozzini\"\/><br \/>\n            <\/a><\/p>\n<p>Giornalista<\/p>\n<p>                    11 ottobre 2025 (modifica alle 08:06)  &#8211; MILANO<\/p>\n<p class=\"paragraph\" spellcheck=\"true\">Finita l\u2019estate \u00e8 gi\u00e0 tempo di pensare agli affari invernali o alle trattative della prossima stagione: il calciomercato non va in vacanza. In attesa che si riapra la finestra per nuovi trasferimenti, \u00e8 il momento di appoggiarsi al davanzale e guardarsi intorno tra rinnovi di contratto, possibili addii e prossimi arrivi.\u00a0\u00c8 quello che presto far\u00e0 il Milan che oggi si limita a osservare la situazione Maignan: quel che appare \u00e8 gi\u00e0 chiaro, un portiere in scadenza di contratto in scadenza a giugno 2026 e le trattative per un eventuale rinnovo rinviate a data da destinarsi. Nel frattempo  nuovi eventi potrebbero intervenire a cambiare la scena, magari un ritorno della squadra ai vertici del calcio nazionale, l\u2019ambizione di riproporsi in Champions da protagonista e un allenatore, Allegri, che diventa sempre pi\u00f9 centrale e convince Mike a rimanere rossonero.\u00a0<\/p>\n<p>    svincolo\u2014 \u00a0<\/p>\n<p class=\"paragraph is-inline\" spellcheck=\"true\">Il quadro che oggi  appare \u00e8 diverso: Maignan, gli agenti e il club non si sono dati appuntamento per discutere del possibile prolungamento di contratto. Quando era successo, mesi fa, le richieste del francese puntavano a un ricco aumento di ingaggio. Dall\u2019altra parte la societ\u00e0 restava fredda di fronte all\u2019idea di un investimento pesante per un atleta di trent\u2019anni compiuti: in pi\u00f9 le prestazioni di Mike non scaldavano la dirigenza. Oggi il rendimento \u00e8 cresciuto ma nulla \u00e8 cambiato fuori dal campo. Tutto succede con serenit\u00e0, senza che si registrino tensioni nel rapporto tra il Milan e il suo portiere. E con la stessa pace le strade potrebbero  dividersi a fine stagione, con Maignan che a sua volta si guarder\u00e0 intorno: l\u2019orizzonte italiano \u00e8 rappresentato dalla Juve, all\u2019estero si intravedono Chelsea e Bayern Monaco. Per il Milan attento all\u2019equilibrio di bilancio, lo svincolo gratuito sarebbe tutto tranne che un dramma finanziario: la spesa per Maignan dell\u2019estate 2021, tredici milioni, \u00e8 stata nel frattempo ammortizzata. Investire sull\u2019ingaggio pesante di un giocatore che compir\u00e0 31 anni a luglio non \u00e8 economicamente saggio. Meglio puntare su un giovane che potr\u00e0 valorizzare il patrimonio tecnico rossonero.\u00a0<\/p>\n<p>    sostituti\u2014 \u00a0<\/p>\n<p class=\"paragraph is-inline\" spellcheck=\"true\">Anche il Milan guarda sia in A che fuori. In Italia guarda con interesse a Zion Suzuki, portiere del Parma e della nazionale giapponese. Ventitr\u00e9 anni, dal luglio 2024 \u00e8 in Italia: 45 presenze in giallobl\u00f9, tra Serie A (43) e Coppa Italia, 2. Gli esordi in Giappone prima dell\u2019arrivo in Europa con scalo in Belgio: un campionato con il Sint-Truiden. Al Parma era costato circa 8 milioni, valore che oggi \u00e8 almeno raddoppiato. Un\u2019altra pista conduce invece in Bundesliga, precisamente a Friburgo: Noah Atubolu, classe 2002, reduce dalla prima convocazione con la Germania. Merito delle buonissime partite con il club tra campionato ed Europa League. E\u2019 primatista di rigori parati, 5, tra l\u2019ultima Bundesliga e quella appena iniziata: un record per la massima serie tedesca. Valore attuale di circa 18 milioni.<\/p>\n<p class=\"is-copyright\">\u00a9 RIPRODUZIONE RISERVATA<\/p>\n","protected":false},"excerpt":{"rendered":"Il francese non firma: su di lui Juve, Chelsea e Bayern. Tare guarda anche a Suzuki, giapponese del&hellip;\n","protected":false},"author":3,"featured_media":158718,"comment_status":"","ping_status":"","sticky":false,"template":"","format":"standard","meta":{"footnotes":""},"categories":[1452],"tags":[2537,1420,90484,8486,8237,721,1856,5368,97775,554,6693,1533,3085,1740,3368,5945,5181,7183,1537,90,89,565,426,13200,14827,553,4483,6301,2892,2855,10422,9611,1438,1821,1739,245,244,577],"class_list":{"0":"post-158717","1":"post","2":"type-post","3":"status-publish","4":"format-standard","5":"has-post-thumbnail","7":"category-calcio","8":"tag-altra","9":"tag-appare","10":"tag-atubolu","11":"tag-bayern","12":"tag-bundesliga","13":"tag-calcio","14":"tag-campionato","15":"tag-chelsea","16":"tag-chelsea-bayern","17":"tag-club","18":"tag-contratto","19":"tag-estate","20":"tag-europa","21":"tag-football","22":"tag-francese","23":"tag-giapponese","24":"tag-guarda","25":"tag-ingaggio","26":"tag-it","27":"tag-italia","28":"tag-italy","29":"tag-juve","30":"tag-luglio","31":"tag-maignan","32":"tag-mike","33":"tag-milan","34":"tag-nuovi","35":"tag-parma","36":"tag-pesante","37":"tag-portiere","38":"tag-potrebbero","39":"tag-rossonero","40":"tag-scadenza","41":"tag-serie","42":"tag-soccer","43":"tag-sport","44":"tag-sports","45":"tag-stagione"},"share_on_mastodon":{"url":"","error":""},"_links":{"self":[{"href":"https:\/\/www.europesays.com\/it\/wp-json\/wp\/v2\/posts\/158717","targetHints":{"allow":["GET"]}}],"collection":[{"href":"https:\/\/www.europesays.com\/it\/wp-json\/wp\/v2\/posts"}],"about":[{"href":"https:\/\/www.europesays.com\/it\/wp-json\/wp\/v2\/types\/post"}],"author":[{"embeddable":true,"href":"https:\/\/www.europesays.com\/it\/wp-json\/wp\/v2\/users\/3"}],"replies":[{"embeddable":true,"href":"https:\/\/www.europesays.com\/it\/wp-json\/wp\/v2\/comments?post=158717"}],"version-history":[{"count":0,"href":"https:\/\/www.europesays.com\/it\/wp-json\/wp\/v2\/posts\/158717\/revisions"}],"wp:featuredmedia":[{"embeddable":true,"href":"https:\/\/www.europesays.com\/it\/wp-json\/wp\/v2\/media\/158718"}],"wp:attachment":[{"href":"https:\/\/www.europesays.com\/it\/wp-json\/wp\/v2\/media?parent=158717"}],"wp:term":[{"taxonomy":"category","embeddable":true,"href":"https:\/\/www.europesays.com\/it\/wp-json\/wp\/v2\/categories?post=158717"},{"taxonomy":"post_tag","embeddable":true,"href":"https:\/\/www.europesays.com\/it\/wp-json\/wp\/v2\/tags?post=158717"}],"curies":[{"name":"wp","href":"https:\/\/api.w.org\/{rel}","templated":true}]}}