{"id":158747,"date":"2025-10-11T07:40:21","date_gmt":"2025-10-11T07:40:21","guid":{"rendered":"https:\/\/www.europesays.com\/it\/158747\/"},"modified":"2025-10-11T07:40:21","modified_gmt":"2025-10-11T07:40:21","slug":"domina-la-ducati-con-marc-marquez","status":"publish","type":"post","link":"https:\/\/www.europesays.com\/it\/158747\/","title":{"rendered":"domina la Ducati con Marc Marquez"},"content":{"rendered":"<p>            <img loading=\"lazy\" decoding=\"async\" width=\"696\" height=\"425\" class=\"entry-thumb\" src=\"https:\/\/www.europesays.com\/it\/wp-content\/uploads\/2025\/10\/888-1-696x425.jpg\"   alt=\"motogp\" title=\"888\"\/>\u00a9Ducati Lenovo Team<\/p>\n<p>Marc M\u00e1rquez e il Ducati Lenovo Team continuano a dominare la stagione MotoGP 2025.<\/p>\n<p>Con quella di oggi a Spielberg, il pilota spagnolo \u00e8 al sesto successo consecutivo e ormai si pu\u00f2 dire che il titolo mondiale, il nono, sia vicinissimo.<\/p>\n<p>Francesco Bagnaia, invece, continua la serie negativa e anche oggi ha concluso la gara al di sotto delle aspettative, in ottava posizione.<\/p>\n<p><strong>Moto perfetta, pilota perfetto: tutto cos\u00ec diventa facile<\/strong><\/p>\n<p>M\u00e1rquez, quarto in griglia, conquista la seconda posizione gi\u00e0 al secondo passaggio dietro il leader Bezzecchi.<\/p>\n<p>Dopo aver preso le misure dell\u2019avversario, valutando da dietro il degrado della gomma posteriore dell\u2019Aprilia, supera Bezzecchi al ventesimo giro.<\/p>\n<p>Nel finale, Marc ha saputo difendersi dal ritorno di Fermin Aldeguer, con la Ducati del Team BK8 Gresini, compagno di squadra di Alex Marquez, penalizzato da un long-lap-penalty.<\/p>\n<p>Aldeguer \u00e8 un pilota serio e veloce oltrech\u00e9 giovane ed \u00e8 ideale per Ducati che, parole di Dall\u2019Igna, punta su di lui per il futuro.<\/p>\n<p><img fetchpriority=\"high\" decoding=\"async\" class=\"size-large wp-image-113759\" src=\"https:\/\/www.europesays.com\/it\/wp-content\/uploads\/2025\/10\/8-2-1024x660.jpg\" alt=\"\" width=\"696\" height=\"449\"  \/>\u00a9Team BK8 Gresini Racing<br \/>\n<strong>Bagnaia, tutto da rifare<\/strong><\/p>\n<p>Bagnaia \u00e8 partito bene, ha perfino accennato a un duello con Marc Marquez per tenere la posizione, \u00e8 rimasto in terza posizione per due terzi di gara, ma si \u00e8 poi perso dopo aver subito un sorpasso deciso da parte di Pedro Acosta con la KTM.<\/p>\n<p>Incassato il sorpasso non \u00e8 stato in grado di reagire ed \u00e8 addirittura sceso in ottava posizione, superato da Bastianini, Mir e Binder.<\/p>\n<p>I rapporti del pilota italiano con la Ducati sembrano piuttosto tesi.<\/p>\n<p><img loading=\"lazy\" decoding=\"async\" class=\"wp-image-113762 size-large\" src=\"https:\/\/www.europesays.com\/it\/wp-content\/uploads\/2025\/10\/8888-1-1024x642.jpg\" alt=\"motogp\" width=\"696\" height=\"436\"  \/>\u00a9 Ducati Lenovo Team\u00a0<\/p>\n<p>Marc M\u00e1rquez sale a quota 418, portando a 142 punti il suo vantaggio su Alex M\u00e1rquez.<\/p>\n<p>Francesco Bagnaia resta terzo, a 197 lunghezze di distacco dal compagno di squadra, ma perde terreno da Bezzecchi che pu\u00f2 puntare al terzo posto nel mondiale.<\/p>\n<p><strong>Marc M\u00e1rquez (#93 Ducati Lenovo Team) \u2013 1\u00ba<\/strong><\/p>\n<p>\u201cOvviamente la voglia di vincere qui era tanta. Quando il gioved\u00ec mi \u00e8 stato chiesto quale fosse l\u2019obiettivo su questa pista, ho risposto che, con la moto rossa, l\u2019obiettivo era la vittoria, visto che \u00e8 la moto contro cui ho perso tante volte in passato su questa pista\u201d.<\/p>\n<p>\u201cSapevo che Marco (Bezzecchi) e Pecco sarebbero stati i principali avversari sulla lunga distanza, in quanto Alex doveva scontare il long-lap penalty, e dopo \u00e8 sempre difficile risalire\u201d. <\/p>\n<p>\u201cGi\u00e0 da ieri avevamo notato che, tra tutti i piloti Ducati, Ferm\u00edn (Aldeguer) era quello che gestiva meglio l\u2019usura delle gomme\u201d. <\/p>\n<p>\u201cQuando ho visto il suo nome, ho capito che dovevo tornare a spingere, e abbiamo chiuso con un buon passo. Sono felice, stiamo lavorando davvero bene e ora ci aspetta Balaton\u201d.<\/p>\n<p><img loading=\"lazy\" decoding=\"async\" class=\"size-large wp-image-113758\" src=\"https:\/\/www.europesays.com\/it\/wp-content\/uploads\/2025\/10\/0-1024x679.jpg\" alt=\"motogp\" width=\"696\" height=\"462\"  \/>\u00a9 Ducati Lenovo Team\u00a0<br \/>\n<strong>Francesco Bagnaia (#63 Ducati Lenovo Team) \u2013 8\u00ba<\/strong><\/p>\n<p>\u201c\u00c8 difficile spiegare il perch\u00e9 di questo tipo di rendimento, soprattutto su questa pista dove sono sempre andato forte\u201d. <\/p>\n<p>\u201cSono partito bene e nei primi giri sembrava tutto a posto, anche se non avevo il passo dei primi\u201d. <\/p>\n<p>\u201cLa mia intenzione era di rimanere calmo e portare a casa il miglior risultato possibile, ma poi ho iniziato a rallentare quando il posteriore ha smesso di darmi supporto\u201d.<\/p>\n<p>\u201cOggi mi sono ritrovato a lottare per l\u2019ottavo posto, prendendo 12 secondi dal primo e girando piano\u201d. <\/p>\n<p>\u201c\u00c8 stato un weekend iniziato molto positivamente e il passo mostrato sia venerd\u00ec che sabato mattina era buono\u201d. <\/p>\n<p>\u201cPoi sappiamo com\u2019\u00e8 andata la Sprint e in gara, ed \u00e8 un peccato. Il potenziale c\u2019\u00e8, ma purtroppo in gara, al momento, non siamo in grado di esprimerlo\u201d.<\/p>\n<p><strong>Luigi Dall\u2019Igna (Direttore Generale di Ducati Corse)<\/strong><\/p>\n<p>\u201cOggi abbiamo assistito a un\u2019altra incredibile performance di Marc, che \u00e8 finalmente riuscito a sfatare il tab\u00f9 di Spielberg\u201d. <\/p>\n<p>2La sua capacit\u00e0 di essere veloce e di gestire la gara quasi a suo piacimento \u00e8 davvero unica, e siamo estremamente felici che faccia parte della famiglia Ducati\u201d. <\/p>\n<p>\u201cCongratulazioni anche a Ferm\u00edn, autore di una gara straordinaria: se fosse stato pi\u00f9 vicino ai primi nelle fasi iniziali, chiss\u00e0 che battaglia avremmo visto\u201d. <\/p>\n<p>\u201cMa \u00e8 solo questione di tempo per lui, perch\u00e9 \u00e8 un talento eccezionale\u201d. <\/p>\n<p>\u201cMi dispiace per Pecco, che ha faticato, soprattutto su una pista dove in passato aveva ottenuto grandi risultati.\u201d <\/p>\n<p>\u201cNon ci arrendiamo comunque, e spero di rivederlo presto ai livelli di forma del recente passato\u201d.<\/p>\n","protected":false},"excerpt":{"rendered":"\u00a9Ducati Lenovo Team Marc M\u00e1rquez e il Ducati Lenovo Team continuano a dominare la stagione MotoGP 2025. Con&hellip;\n","protected":false},"author":3,"featured_media":158748,"comment_status":"","ping_status":"","sticky":false,"template":"","format":"standard","meta":{"footnotes":""},"categories":[1455],"tags":[15518,8236,3654,3438,1537,90,89,3442,1783,1785,1784,245,244],"class_list":{"0":"post-158747","1":"post","2":"type-post","3":"status-publish","4":"format-standard","5":"has-post-thumbnail","7":"category-moto","8":"tag-aldeguer","9":"tag-austria","10":"tag-bagnaia","11":"tag-ducati","12":"tag-it","13":"tag-italia","14":"tag-italy","15":"tag-marquez","16":"tag-moto","17":"tag-motogp","18":"tag-motorcycle","19":"tag-sport","20":"tag-sports"},"share_on_mastodon":{"url":"","error":""},"_links":{"self":[{"href":"https:\/\/www.europesays.com\/it\/wp-json\/wp\/v2\/posts\/158747","targetHints":{"allow":["GET"]}}],"collection":[{"href":"https:\/\/www.europesays.com\/it\/wp-json\/wp\/v2\/posts"}],"about":[{"href":"https:\/\/www.europesays.com\/it\/wp-json\/wp\/v2\/types\/post"}],"author":[{"embeddable":true,"href":"https:\/\/www.europesays.com\/it\/wp-json\/wp\/v2\/users\/3"}],"replies":[{"embeddable":true,"href":"https:\/\/www.europesays.com\/it\/wp-json\/wp\/v2\/comments?post=158747"}],"version-history":[{"count":0,"href":"https:\/\/www.europesays.com\/it\/wp-json\/wp\/v2\/posts\/158747\/revisions"}],"wp:featuredmedia":[{"embeddable":true,"href":"https:\/\/www.europesays.com\/it\/wp-json\/wp\/v2\/media\/158748"}],"wp:attachment":[{"href":"https:\/\/www.europesays.com\/it\/wp-json\/wp\/v2\/media?parent=158747"}],"wp:term":[{"taxonomy":"category","embeddable":true,"href":"https:\/\/www.europesays.com\/it\/wp-json\/wp\/v2\/categories?post=158747"},{"taxonomy":"post_tag","embeddable":true,"href":"https:\/\/www.europesays.com\/it\/wp-json\/wp\/v2\/tags?post=158747"}],"curies":[{"name":"wp","href":"https:\/\/api.w.org\/{rel}","templated":true}]}}