{"id":15881,"date":"2025-07-29T12:01:11","date_gmt":"2025-07-29T12:01:11","guid":{"rendered":"https:\/\/www.europesays.com\/it\/15881\/"},"modified":"2025-07-29T12:01:11","modified_gmt":"2025-07-29T12:01:11","slug":"la-hf355-e-viva-ecco-il-video-della-moto-con-il-v8-ferrari-video-news","status":"publish","type":"post","link":"https:\/\/www.europesays.com\/it\/15881\/","title":{"rendered":"La HF355 \u00e8 viva! Ecco il video della moto con il V8 Ferrari [VIDEO] &#8211; News"},"content":{"rendered":"<p>\n            L&#8217;ultima creazione del folle preparatore americano Maxwell Hazan \u00e8 finalmente realt\u00e0. Positivo l&#8217;esito del primo test &#8220;su strada&#8221;\n        <\/p>\n<p>              29 luglio 2025<\/p>\n<p>La HF355 non \u00e8 solo completa&#8230; <strong>\u00e8 viva!<\/strong> L&#8217;ultima estravagante e pazza creazione di Max Hazan \u00e8 finalmente terminata. La particolarit\u00e0 di questa moto? Lo si pu\u00f2 facilmente dedurre dal nome. <strong>355.<\/strong> Deriva, infatti, proprio dalla <strong>Ferrari F355<\/strong> il propulsore che \u00e8 stato montato da Hazan su questa &#8220;moto&#8221;.\u00a0<\/p>\n<p>V8 Ferrari, 3500 cc, 380 cavalli e 360 Nm di coppia. Servono davvero altri dati per comprendere la <strong>follia<\/strong> di tale creazione!?\u00a0<\/p>\n<p>Dopo una lunga e complicata fase di progettazione, prototipazione e assemblaggio\u00a0la <strong>HF355 <\/strong>\u00e8 finalmente pronta per essere utilizzata. Sempre che qualcuno abbia il coraggio di saltarci in sella.\u00a0<\/p>\n<p>                            <img decoding=\"async\" class=\"img-fluid\" loading=\"lazy\" data-zoomable=\"\" src=\"https:\/\/img.stcrm.it\/images\/45709898\/800x\/20250729-130818303-5237.jpeg\" data-zoom-src=\"https:\/\/www.europesays.com\/it\/wp-content\/uploads\/2025\/07\/20250729-130818303-5237.jpeg\" width=\"1200\" height=\"675\" alt=\"\"\/><\/p>\n<p>Il sound \u00e8 qualcosa di unico e lo potremmo definire <strong>&#8220;demoniaco&#8221;.<\/strong> Lo scarico, che \u00e8 a tutti gli effetti un&#8217;opera d&#8217;arte in bella mostra, \u00e8 stato curato dall&#8217;italianissima SC Project. Due silenziatori in stile Moto2 che hanno pi\u00f9 una funzione stilistica che funzionale. Immaginatevi che terminale sarebbe necessario per silenziare tale V8. Ma poi: perch\u00e8 silenziarlo?<br \/>La caption del post che potete vedere qui sopra \u00e8 inequivocabile &#8220;hitting the streets&#8221; che potremmo tradurre con un semplice <strong>&#8220;pronta per la strada&#8221;.<\/strong> E tra i commenti c&#8217;\u00e8 gi\u00e0 qualcuno che &#8211; colpito dall&#8217;interasse molto lungo &#8211; la associa alla moto usata da <strong>Batman<\/strong> nelle pellicole pi\u00f9 famose della serie. Niente Gotham City questa volta per\u00f2. Se vi doveste, per caso, trovare nei paraggi di <strong>Los Angeles,<\/strong> magari, potreste essere cos\u00ec fortunati\u00a0da\u00a0vederla scorrazzare con in sella il suo creatore Max Hazan.<\/p>\n","protected":false},"excerpt":{"rendered":"L&#8217;ultima creazione del folle preparatore americano Maxwell Hazan \u00e8 finalmente realt\u00e0. Positivo l&#8217;esito del primo test &#8220;su strada&#8221;&hellip;\n","protected":false},"author":3,"featured_media":15882,"comment_status":"","ping_status":"","sticky":false,"template":"","format":"standard","meta":{"footnotes":""},"categories":[1455],"tags":[368,18856,1537,90,89,18857,1783,1784,245,244],"class_list":{"0":"post-15881","1":"post","2":"type-post","3":"status-publish","4":"format-standard","5":"has-post-thumbnail","7":"category-moto","8":"tag-ferrari","9":"tag-hf355","10":"tag-it","11":"tag-italia","12":"tag-italy","13":"tag-maxwell-hazan","14":"tag-moto","15":"tag-motorcycle","16":"tag-sport","17":"tag-sports"},"share_on_mastodon":{"url":"","error":""},"_links":{"self":[{"href":"https:\/\/www.europesays.com\/it\/wp-json\/wp\/v2\/posts\/15881","targetHints":{"allow":["GET"]}}],"collection":[{"href":"https:\/\/www.europesays.com\/it\/wp-json\/wp\/v2\/posts"}],"about":[{"href":"https:\/\/www.europesays.com\/it\/wp-json\/wp\/v2\/types\/post"}],"author":[{"embeddable":true,"href":"https:\/\/www.europesays.com\/it\/wp-json\/wp\/v2\/users\/3"}],"replies":[{"embeddable":true,"href":"https:\/\/www.europesays.com\/it\/wp-json\/wp\/v2\/comments?post=15881"}],"version-history":[{"count":0,"href":"https:\/\/www.europesays.com\/it\/wp-json\/wp\/v2\/posts\/15881\/revisions"}],"wp:featuredmedia":[{"embeddable":true,"href":"https:\/\/www.europesays.com\/it\/wp-json\/wp\/v2\/media\/15882"}],"wp:attachment":[{"href":"https:\/\/www.europesays.com\/it\/wp-json\/wp\/v2\/media?parent=15881"}],"wp:term":[{"taxonomy":"category","embeddable":true,"href":"https:\/\/www.europesays.com\/it\/wp-json\/wp\/v2\/categories?post=15881"},{"taxonomy":"post_tag","embeddable":true,"href":"https:\/\/www.europesays.com\/it\/wp-json\/wp\/v2\/tags?post=15881"}],"curies":[{"name":"wp","href":"https:\/\/api.w.org\/{rel}","templated":true}]}}