{"id":158827,"date":"2025-10-11T08:41:11","date_gmt":"2025-10-11T08:41:11","guid":{"rendered":"https:\/\/www.europesays.com\/it\/158827\/"},"modified":"2025-10-11T08:41:11","modified_gmt":"2025-10-11T08:41:11","slug":"bryant-dunston-e-il-tetto-dei-tesseramenti-in-lba-il-grande-dubbio-di-ettore-messina","status":"publish","type":"post","link":"https:\/\/www.europesays.com\/it\/158827\/","title":{"rendered":"Bryant Dunston e il tetto dei tesseramenti in LBA. Il grande dubbio di Ettore Messina"},"content":{"rendered":"<p>\t\t<img loading=\"lazy\" data-recalc-dims=\"1\" decoding=\"async\" width=\"640\" height=\"427\" src=\"https:\/\/www.europesays.com\/it\/wp-content\/uploads\/2025\/10\/G05Ne9GWMAAXwZx.jpg\" class=\"attachment-post-thumbnail size-post-thumbnail wp-post-image\" alt=\"Bryant Dunston\" style=\"object-fit:cover;\"   data-attachment-id=\"127979\" data-permalink=\"https:\/\/realolimpiamilano.com\/2025\/09\/16\/bryant-dunston-sto-entrando-nella-mia-18a-stagione-ma-mi-sento-benissimo\/g05ne9gwmaaxwzx\/\" data-orig-file=\"https:\/\/i0.wp.com\/realolimpiamilano.com\/wp-content\/uploads\/2025\/09\/G05Ne9GWMAAXwZx.jpg?fit=1200%2C800&amp;ssl=1\" data-orig-size=\"1200,800\" data-comments-opened=\"1\" data-image-meta=\"{&quot;aperture&quot;:&quot;0&quot;,&quot;credit&quot;:&quot;&quot;,&quot;camera&quot;:&quot;&quot;,&quot;caption&quot;:&quot;&quot;,&quot;created_timestamp&quot;:&quot;0&quot;,&quot;copyright&quot;:&quot;&quot;,&quot;focal_length&quot;:&quot;0&quot;,&quot;iso&quot;:&quot;0&quot;,&quot;shutter_speed&quot;:&quot;0&quot;,&quot;title&quot;:&quot;&quot;,&quot;orientation&quot;:&quot;0&quot;}\" data-image-title=\"Bryant Dunston\" data-image-description=\"&lt;p&gt;Bryant Dunston&lt;\/p&gt;&#10;\" data-image-caption=\"&lt;p&gt;Bryant Dunston&lt;\/p&gt;&#10;\" data-medium-file=\"https:\/\/i0.wp.com\/realolimpiamilano.com\/wp-content\/uploads\/2025\/09\/G05Ne9GWMAAXwZx.jpg?fit=300%2C200&amp;ssl=1\" data-large-file=\"https:\/\/i0.wp.com\/realolimpiamilano.com\/wp-content\/uploads\/2025\/09\/G05Ne9GWMAAXwZx.jpg?fit=640%2C427&amp;ssl=1\"\/><\/p>\n<p>Olimpia Milano che si avvicina all\u2019evento di oggi pomeriggio, ore 18.15, con la Pallacanestro Varese. E il tema tesseramenti diventa d\u2019attualit\u00e0.<\/p>\n<p>C\u2019\u00e8 infatti emergenza nel reparto lunghi. Ettore Messina non potr\u00e0 contare su Josh Nebo, Vlatko Cancar e, a meno di colpi di scena, Zach LeDay. Oltre ovviamente a Leonardo Tot\u00e8, che potrebbe tornare ad allenarsi con i compagni settimana prossima.<\/p>\n<p>Di fatto, tra gli elementi gi\u00e0 utilizzati in LBA, e dunque tesserati, ci saranno tra i lunghi solo Pippo Ricci, Devin Booker e Ousmane Diop. Il centro ex Bayern ha vissuto un\u2019ottima serata contro il Monaco da ala grande, ma il reparto resta pesantemente limitato.<\/p>\n<p>Possibile un esordio in LBA per Bryant Dunston, che gioved\u00ec sera ha ottenuto i primi minuti da quando \u00e8 arrivato in Olimpia Milano. Utilizzando l\u2019ex Varese e Virtus Bologna, Ettore Messina spenderebbe il 15esimo tesserato in LBA dei 18 massimi in una stagione.<\/p>\n<p>Quando sar\u00e0 disponibile Leonardo Tot\u00e8, e utilizzato, saliranno a 17, lasciando quindi un solo tesseramento per il resto della stagione. Qui vive il dubbio sul roster di questa sera: utilizzare Bryant Dunston e allargare un reparto lunghi menomato, o preservare il tetto dei tesseramenti?<\/p>\n<p>Mi piace:<\/p>\n<p>Mi piace Caricamento&#8230;<\/p>\n<p><a class=\"sd-link-color\"\/><\/p>\n<p>\n\tCorrelati<\/p>\n","protected":false},"excerpt":{"rendered":"Olimpia Milano che si avvicina all\u2019evento di oggi pomeriggio, ore 18.15, con la Pallacanestro Varese. E il tema&hellip;\n","protected":false},"author":3,"featured_media":158828,"comment_status":"","ping_status":"","sticky":false,"template":"","format":"standard","meta":{"footnotes":""},"categories":[1453],"tags":[1756,1757,90964,1537,90,89,83802,5126,245,244],"class_list":{"0":"post-158827","1":"post","2":"type-post","3":"status-publish","4":"format-standard","5":"has-post-thumbnail","7":"category-basket","8":"tag-basket","9":"tag-basketball","10":"tag-bryant-dunston","11":"tag-it","12":"tag-italia","13":"tag-italy","14":"tag-olimpia-milano-serie-a","15":"tag-pallacanestro-varese","16":"tag-sport","17":"tag-sports"},"share_on_mastodon":{"url":"","error":""},"_links":{"self":[{"href":"https:\/\/www.europesays.com\/it\/wp-json\/wp\/v2\/posts\/158827","targetHints":{"allow":["GET"]}}],"collection":[{"href":"https:\/\/www.europesays.com\/it\/wp-json\/wp\/v2\/posts"}],"about":[{"href":"https:\/\/www.europesays.com\/it\/wp-json\/wp\/v2\/types\/post"}],"author":[{"embeddable":true,"href":"https:\/\/www.europesays.com\/it\/wp-json\/wp\/v2\/users\/3"}],"replies":[{"embeddable":true,"href":"https:\/\/www.europesays.com\/it\/wp-json\/wp\/v2\/comments?post=158827"}],"version-history":[{"count":0,"href":"https:\/\/www.europesays.com\/it\/wp-json\/wp\/v2\/posts\/158827\/revisions"}],"wp:featuredmedia":[{"embeddable":true,"href":"https:\/\/www.europesays.com\/it\/wp-json\/wp\/v2\/media\/158828"}],"wp:attachment":[{"href":"https:\/\/www.europesays.com\/it\/wp-json\/wp\/v2\/media?parent=158827"}],"wp:term":[{"taxonomy":"category","embeddable":true,"href":"https:\/\/www.europesays.com\/it\/wp-json\/wp\/v2\/categories?post=158827"},{"taxonomy":"post_tag","embeddable":true,"href":"https:\/\/www.europesays.com\/it\/wp-json\/wp\/v2\/tags?post=158827"}],"curies":[{"name":"wp","href":"https:\/\/api.w.org\/{rel}","templated":true}]}}