{"id":158843,"date":"2025-10-11T08:49:09","date_gmt":"2025-10-11T08:49:09","guid":{"rendered":"https:\/\/www.europesays.com\/it\/158843\/"},"modified":"2025-10-11T08:49:09","modified_gmt":"2025-10-11T08:49:09","slug":"fabio-capello-cassano-e-quello-che-mi-ha-fatto-arrabbiare-piu-di-tutti-per-certi-aspetti-era-piu-forte-di-totti-pirlo-non-era-pronto-per-la-juventus","status":"publish","type":"post","link":"https:\/\/www.europesays.com\/it\/158843\/","title":{"rendered":"Fabio Capello: \u00abCassano \u00e8 quello che mi ha fatto arrabbiare pi\u00f9 di tutti, per certi aspetti era pi\u00f9 forte di Totti. Pirlo non era pronto per la Juventus\u00bb"},"content":{"rendered":"<p>    di<br \/>\n    Marco Vigarani<\/p>\n<p class=\"summary-art is-line-h-12\">Il dialogo con Gianni Valenti e Giovanni Floris: \u00abRonaldo resta il pi\u00f9 grande giocatore che abbia mai allenato ma chiesi di mandarlo via dal Real Madrid. In Italia ormai insegnano tutti la tattica ma nessuno conosce la tecnica e i risultati della Nazionale si vedono\u00bb<\/p>\n<p class=\"chapter-paragraph\">Due giornalisti e una leggenda della panchina, insieme sul palco di un teatro. Sono gli ingredienti insoliti e vincenti che ieri, 10 ottobre, hanno dato vita al Teatro Sociale a<b> \u00abUna panchina per due\u00bb<\/b> che ha avuto come protagonisti <b><a href=\"https:\/\/www.corriere.it\/sport\/calcio\/25_settembre_11\/capello-intervista-juve-inter-milan-napoli-bff0af3c-72a2-4696-ba4b-81d824642xlk.shtml\" title=\"Fabio Capello: \u00abIl Milan \u00e8 un albero senza tronco. Inter, problema Calhanoglu: deambula in campo. La Juve pu\u00f2 ambire al titolo\u00bb\" rel=\"nofollow noopener\" target=\"_blank\">Fabio Capello<\/a><\/b> e <b><a href=\"https:\/\/corrieredeltrentino.corriere.it\/notizie\/sport\/25_settembre_12\/trento-diventa-la-capitale-dello-sport-in-citta-arrivano-tra-gli-altri-velasco-tamberi-e-platini-bf2bde5b-778d-4529-9dff-536811dbfxlk.shtml\" title=\"Trento diventa la capitale dello sport: in citt\u00e0 arrivano (tra gli altri) Velasco, Tamberi e Platini\" rel=\"nofollow noopener\" target=\"_blank\">Giovanni Floris<\/a>,<\/b> accompagnati nella loro chiacchierata da<b> Gianni Valenti,<\/b> vicedirettore vicario della Gazzetta dello Sport e direttore scientifico del <b><a href=\"https:\/\/corrieredeltrentino.corriere.it\/notizie\/sport\/25_ottobre_07\/festival-dello-sport-a-trento-le-piazze-come-palestre-a-cielo-aperto-dal-basket-alle-bocce-dal-curling-all-arrampicata-75a79766-7ee8-439e-935e-a78ae28dexlk.shtml\" title=\"Festival dello Sport, a Trento le piazze come palestre a cielo aperto: dal basket alle bocce, dal curling all\u2019arrampicata\" rel=\"nofollow noopener\" target=\"_blank\">Festival<\/a><\/b>. Un evento sorprendente in cui l\u2019ex calciatore e allenatore si \u00e8 aperto senza freni, stuzzicato dal confronto con Floris, formalmente un suo collega visto che in possesso del patentino Uefa B.<\/p>\n<p>    Un commento sulla nazionale azzurra<\/p>\n<p class=\"chapter-paragraph\">\u00abIl primo consiglio che voglio darti \u00e8 iniziare a lavorare nei settori giovanili \u2014 ha detto Capello, rivolgendosi al noto giornalista e conduttore televisivo \u2014 perch\u00e9 ho visto troppi allenatori partire da un livello per il quale non erano pronti. Ad esempio<b> Pirlo con la Juventus. <\/b>Nei settori giovanili comprendi tutte le difficolt\u00e0, a partire dai <b>genitori <\/b>che sono il primo problema visto che spesso <b>pensano <\/b>di avere in casa dei fenomeni. Servirebbe sempre un <b>cinema <\/b>vicino al campetto per mandarli a guardare un film\u00bb. E con Floris a ricordare la sua passione per la <b>Roma <\/b>(aveva tavoli a tema giallorosso al suo matrimonio) ma anche quanto sia cambiato il mondo rispetto a quando si giocava tutti a calcio rispetto all\u2019attualit\u00e0 che vede scuole calcio con rette da 1.000 euro, ecco servito un assist prezioso a Capello che non si \u00e8 trattenuto: \u00abIn Italia ormai insegnano tutti la tattica e nessuno conosce la tecnica. I <b>risultati <\/b>della <b>Nazionale <\/b>sono davanti agli occhi di tutti. Ho un invito per i genitori in sala. Se avete figli di 11-12 anni e allenatori che vogliono impartire loro degli schemi dovete farli licenziare\u00bb.    &#13;<br \/>\n&#13;<br \/>\n&#13;<br \/>\n&#13;<br \/>\n&#13;<br \/>\n&#13;<br \/>\n&#13;<br \/>\n&#13;<br \/>\n&#13;<br \/>\n&#13;<br \/>\n&#13;<br \/>\n&#13;<br \/>\n&#13;<br \/>\n&#13;<br \/>\n&#13;<br \/>\n&#13;<br \/>\n&#13;<br \/>\n&#13;<br \/>\n&#13;<br \/>\n&#13;<br \/>\n&#13;<br \/>\n&#13;<br \/>\n&#13;<br \/>\n&#13;<br \/>\n&#13;<br \/>\n&#13;<br \/>\n&#13;<br \/>\n&#13;<br \/>\n&#13;<br \/>\n&#13;<br \/>\n&#13;<br \/>\n&#13;<br \/>\n&#13;<br \/>\n&#13;<br \/>\n&#13;<br \/>\n&#13;<br \/>\n&#13;<br \/>\n&#13;<br \/>\n&#13;<br \/>\n&#13;<br \/>\n&#13;<br \/>\n&#13;<br \/>\n&#13;<br \/>\n&#13;<br \/>\n&#13;<br \/>\n&#13;<br \/>\n&#13;<br \/>\n&#13;<br \/>\n&#13;<br \/>\n&#13;<br \/>\n&#13;<br \/>\n&#13;<br \/>\n&#13;\n<\/p>\n<p>    Ronaldo il fenomeno<\/p>\n<p class=\"chapter-paragraph\">Schietto, senza peli sulla lingua, l\u2019ex allenatore ha proseguito raccontando le fondamenta del suo lavoro: \u00abDevi capire quali sono i tre tipi di <b>leader <\/b>in <b>squadra<\/b>. Quelli in campo che trascinano con l\u2019esempio come Baresi e Maldini, quelli in spogliatoio che hanno grande carisma anche se giocano poco ma soprattutto quelli negativi che trascinano gli scontenti. Ad esempio <b>Ronaldo <\/b>al Real Madrid: pesava 94 kg, faceva festa tutte le sere cos\u00ec a un certo punto ho chiesto al presidente di mandarlo via. E resta il pi\u00f9 grande giocatore che abbia mai allenato\u00bb.<\/p>\n<p>    \u00abCassano e\u00a0<b>Seedorf mi hanno fatto arrabbiare\u00bb<\/b><\/p>\n<p class=\"chapter-paragraph\">Si \u00e8 arrivati cos\u00ec al momento succoso dei ricordi individuali, quelli positivi quanto quelli negativi. Senza che Capello si sottraesse a nulla: \u00ab<b>Riva <\/b>e <b>Batistuta <\/b>sono stati quelli che mi hanno impressionato di pi\u00f9 per come calciavano: ce ne fossero oggi di attaccanti cos\u00ec! Bati non dribblava ma sui cross chiamava il gol ancora prima di colpire il pallone. Quelli che mi hanno fatto arrabbiare? Su tutti <b>Cassano<\/b>, ma mi dispiaceva pure vederlo cos\u00ec perch\u00e9 sotto certi punti di vista <b>era anche pi\u00f9 forte di Totti.<\/b> Anche <b>Seedorf <\/b>per\u00f2 mi fece infuriare quando inizi\u00f2 a dare pi\u00f9 indicazioni di me in spogliatoio: gli diedi la mia giacca e uscii dallo spogliatoio. <b>Papin<\/b>? Era fortissimo ma forse per lui San Siro era troppo\u00bb.<\/p>\n<p class=\"is-mr-t-20 is-mr-b-20\"><b><br \/>\n                    <a href=\"https:\/\/corrieredeltrentino.corriere.it\/?intcmp=Notizielocali_nd_010623_corriere_ss_trento\" target=\"_blank\" rel=\"nofollow noopener\">Vai a tutte le notizie di Trento<\/a><br \/>\n            <\/b><\/p>\n<p class=\"chapter-paragraph\"><b><a href=\"https:\/\/www.corriere.it\/newsletter\/?theme=60&amp;intcmp=NL-artic_nd_050624_corriere_ss_trento\" target=\"_blank\" rel=\"nofollow noopener\">Iscriviti alla newsletter del Corriere del Trentino<\/a><\/b><\/p>\n<p class=\"is-last-update\" datetime=\"2025-10-11T08:41:47+02:00\">11 ottobre 2025<\/p>\n<p class=\"is-copyright\">\n            \u00a9 RIPRODUZIONE RISERVATA\n        <\/p>\n","protected":false},"excerpt":{"rendered":"di Marco Vigarani Il dialogo con Gianni Valenti e Giovanni Floris: \u00abRonaldo resta il pi\u00f9 grande giocatore che&hellip;\n","protected":false},"author":3,"featured_media":158844,"comment_status":"","ping_status":"","sticky":false,"template":"","format":"standard","meta":{"footnotes":""},"categories":[176],"tags":[25261,1960,6095,28272,721,30465,15706,4022,97965,97966,15504,73744,92898,3440,97967,2753,11405,97968,564,97969,11370,2759,78139,21592,97970,97971,1537,90,57669,97972,89,558,1956,26936,245,244],"class_list":{"0":"post-158843","1":"post","2":"type-post","3":"status-publish","4":"format-standard","5":"has-post-thumbnail","7":"category-sport","8":"tag-allenato","9":"tag-allenatore","10":"tag-allenatori","11":"tag-arrabbiare","12":"tag-calcio","13":"tag-capello","14":"tag-cassano","15":"tag-conosce","16":"tag-conosce-tecnica","17":"tag-conosce-tecnica-risultati","18":"tag-fabio","19":"tag-fabio-capello","20":"tag-floris","21":"tag-forte","22":"tag-forte-totti","23":"tag-genitori","24":"tag-gianni","25":"tag-gianni-valenti","26":"tag-giocatore","27":"tag-giocatore-allenato","28":"tag-giovanili","29":"tag-giovanni","30":"tag-giovanni-floris","31":"tag-insegnano","32":"tag-insegnano-tattica","33":"tag-insegnano-tattica-conosce","34":"tag-it","35":"tag-italia","36":"tag-italia-ormai","37":"tag-italia-ormai-insegnano","38":"tag-italy","39":"tag-juventus","40":"tag-ronaldo","41":"tag-spogliatoio","42":"tag-sport","43":"tag-sports"},"share_on_mastodon":{"url":"","error":""},"_links":{"self":[{"href":"https:\/\/www.europesays.com\/it\/wp-json\/wp\/v2\/posts\/158843","targetHints":{"allow":["GET"]}}],"collection":[{"href":"https:\/\/www.europesays.com\/it\/wp-json\/wp\/v2\/posts"}],"about":[{"href":"https:\/\/www.europesays.com\/it\/wp-json\/wp\/v2\/types\/post"}],"author":[{"embeddable":true,"href":"https:\/\/www.europesays.com\/it\/wp-json\/wp\/v2\/users\/3"}],"replies":[{"embeddable":true,"href":"https:\/\/www.europesays.com\/it\/wp-json\/wp\/v2\/comments?post=158843"}],"version-history":[{"count":0,"href":"https:\/\/www.europesays.com\/it\/wp-json\/wp\/v2\/posts\/158843\/revisions"}],"wp:featuredmedia":[{"embeddable":true,"href":"https:\/\/www.europesays.com\/it\/wp-json\/wp\/v2\/media\/158844"}],"wp:attachment":[{"href":"https:\/\/www.europesays.com\/it\/wp-json\/wp\/v2\/media?parent=158843"}],"wp:term":[{"taxonomy":"category","embeddable":true,"href":"https:\/\/www.europesays.com\/it\/wp-json\/wp\/v2\/categories?post=158843"},{"taxonomy":"post_tag","embeddable":true,"href":"https:\/\/www.europesays.com\/it\/wp-json\/wp\/v2\/tags?post=158843"}],"curies":[{"name":"wp","href":"https:\/\/api.w.org\/{rel}","templated":true}]}}