{"id":15885,"date":"2025-07-29T12:03:12","date_gmt":"2025-07-29T12:03:12","guid":{"rendered":"https:\/\/www.europesays.com\/it\/15885\/"},"modified":"2025-07-29T12:03:12","modified_gmt":"2025-07-29T12:03:12","slug":"basket-il-calendario-di-serie-a-le-sfide-piu-importanti","status":"publish","type":"post","link":"https:\/\/www.europesays.com\/it\/15885\/","title":{"rendered":"Basket, il calendario di Serie A: le sfide pi\u00f9 importanti"},"content":{"rendered":"<p>                                Il 5 ottobre esordio casalingo per le contendenti sxcudetto. Si inizier\u00e0 dopo l&#8217;Eurolega, che parte la settimana precedente con un doppio impegno<\/p>\n<p>            <a class=\"image is-50x50\" href=\"https:\/\/www.gazzetta.it\/redazione\/luca-taidelli\/\" rel=\"nofollow noopener\" target=\"_blank\"><br \/>\n                <img decoding=\"async\" class=\"is-rounded\" src=\"https:\/\/www.europesays.com\/it\/wp-content\/uploads\/2025\/07\/luca_taidelli.png\" alt=\"Luca Taidelli\"\/><br \/>\n            <\/a><\/p>\n<p>Giornalista<\/p>\n<p>                    29 luglio 2025 (modifica alle 12:55)  &#8211; MILANO<\/p>\n<p class=\"paragraph\" spellcheck=\"true\">\u00c9 stato stilato in mattinata il calendario (ancora asimmetrico tra andata e ritorno) della Serie A Unipol che scatter\u00e0 il 5 ottobre con i campioni d&#8217;Italia della Virtus Olidata Bologna che ospiteranno Napoli, mentre la grande rivale Milano ricever\u00e0 la Bertram Derthona Tortona. La sfida tra le due squadre che da anni si spartiscono lo scudetto e giocano in Eurolega \u00e8 in programma il 14 dicembre a Milano (ritorno il 15 marzo a Bologna).<\/p>\n<p>    le date\u2014 \u00a0<\/p>\n<p class=\"paragraph\" spellcheck=\"true\">Il campionato scatter\u00e0 ad ottobre a causa degli impegni della Nazionale che dal 28 agosto (esordio contro la Grecia di Antetokounmpo) sar\u00e0 impegnata all&#8217;Europeo, la cui finale \u00e8 in programma il 14 settembre. L&#8217;antipasto della Serie A sar\u00e0 invece costituito dalla Supercoppa italiana che il 27 settembre all&#8217;Unipol Forum di Assago vedr\u00e0 opposte in semifinale da un lato proprio Bologna e Milano, dall&#8217;altro Brescia e Trento (finale il 28). Per EA7 e Virtus sar\u00e0 un avvio senza respiro, visto che la nuova Eurolega a 20 squadre impone tanti doppi turni e scatter\u00e0 in anticipo rispetto al solito. Squadre in campo per la prima doppietta gi\u00e0 il 30 settembre e il 2 ottobre. Tanto per gradire.<\/p>\n<p>    la prima giornata\u2014 \u00a0<\/p>\n<p class=\"paragraph\" spellcheck=\"true\">5 ottobre: Virtus-Napoli; Milano-Tortona; Trento-Cant\u00f9; Trieste-Trapani; Treviso-Brescia; Venezia-Cremona; Sassari-Varese; Reggio Emilia-Udine<\/p>\n<p class=\"is-copyright\">\u00a9 RIPRODUZIONE RISERVATA<\/p>\n","protected":false},"excerpt":{"rendered":"Il 5 ottobre esordio casalingo per le contendenti sxcudetto. Si inizier\u00e0 dopo l&#8217;Eurolega, che parte la settimana precedente&hellip;\n","protected":false},"author":3,"featured_media":15886,"comment_status":"","ping_status":"","sticky":false,"template":"","format":"standard","meta":{"footnotes":""},"categories":[1453],"tags":[1756,1757,586,6073,8597,1888,11125,18858,1537,90,89,28,248,893,18859,407,245,244,10976,11117,5284],"class_list":{"0":"post-15885","1":"post","2":"type-post","3":"status-publish","4":"format-standard","5":"has-post-thumbnail","7":"category-basket","8":"tag-basket","9":"tag-basketball","10":"tag-bologna","11":"tag-brescia","12":"tag-calendario","13":"tag-dicembre","14":"tag-esordio","15":"tag-eurolega","16":"tag-it","17":"tag-italia","18":"tag-italy","19":"tag-milano","20":"tag-napoli","21":"tag-ottobre","22":"tag-scattera","23":"tag-settembre","24":"tag-sport","25":"tag-sports","26":"tag-squadre","27":"tag-tortona","28":"tag-virtus"},"share_on_mastodon":{"url":"","error":""},"_links":{"self":[{"href":"https:\/\/www.europesays.com\/it\/wp-json\/wp\/v2\/posts\/15885","targetHints":{"allow":["GET"]}}],"collection":[{"href":"https:\/\/www.europesays.com\/it\/wp-json\/wp\/v2\/posts"}],"about":[{"href":"https:\/\/www.europesays.com\/it\/wp-json\/wp\/v2\/types\/post"}],"author":[{"embeddable":true,"href":"https:\/\/www.europesays.com\/it\/wp-json\/wp\/v2\/users\/3"}],"replies":[{"embeddable":true,"href":"https:\/\/www.europesays.com\/it\/wp-json\/wp\/v2\/comments?post=15885"}],"version-history":[{"count":0,"href":"https:\/\/www.europesays.com\/it\/wp-json\/wp\/v2\/posts\/15885\/revisions"}],"wp:featuredmedia":[{"embeddable":true,"href":"https:\/\/www.europesays.com\/it\/wp-json\/wp\/v2\/media\/15886"}],"wp:attachment":[{"href":"https:\/\/www.europesays.com\/it\/wp-json\/wp\/v2\/media?parent=15885"}],"wp:term":[{"taxonomy":"category","embeddable":true,"href":"https:\/\/www.europesays.com\/it\/wp-json\/wp\/v2\/categories?post=15885"},{"taxonomy":"post_tag","embeddable":true,"href":"https:\/\/www.europesays.com\/it\/wp-json\/wp\/v2\/tags?post=15885"}],"curies":[{"name":"wp","href":"https:\/\/api.w.org\/{rel}","templated":true}]}}