{"id":158857,"date":"2025-10-11T08:56:10","date_gmt":"2025-10-11T08:56:10","guid":{"rendered":"https:\/\/www.europesays.com\/it\/158857\/"},"modified":"2025-10-11T08:56:10","modified_gmt":"2025-10-11T08:56:10","slug":"sempio-non-lascio-la-sua-difesa-gli-ho-promesso-una-sentenza-di-proscioglimento","status":"publish","type":"post","link":"https:\/\/www.europesays.com\/it\/158857\/","title":{"rendered":"\u00abSempio? Non lascio la sua difesa, gli ho promesso una sentenza di proscioglimento\u00bb"},"content":{"rendered":"<p>\n                            Il punto serale sulle notizie del giorno<br \/>\n                            <b>Iscriviti<\/b> e ricevi le notizie via email\n                        <\/p>\n<p>Alla luce delle polemiche emerse negli ultimi giorni, <strong><a href=\"https:\/\/www.ilmessaggero.it\/t\/massimo-lovati\" rel=\"nofollow noopener\" target=\"_blank\">Massimo\u00a0Lovati<\/a>, avvocato di <a href=\"https:\/\/www.ilmessaggero.it\/t\/andrea-sempio\" rel=\"nofollow noopener\" target=\"_blank\">Andrea Sempio<\/a><\/strong>,\u00a0intende mantenere il suo mandato: \u00abOvviamente, se poi mi revoca, io non ci posso fare niente\u00bb. Il legale interviene\u00a0in collegamento con\u00a0Ignoto X, su La7.\u00a0Per Lovati sono giorni difficili: non solo la bufera scoppiata dopo il caso\u00a0Falsissimo, ma anche le distanze prese dalla collega\u00a0Angela Taccia\u00a0nonch\u00e9 la\u00a0querela\u00a0da parte dello studio legale Giarda.<\/p>\n<p>&#13;<br \/>\n    APPROFONDIMENTI&#13;<br \/>\n    &#13;<\/p>\n<p>La promessa di Massimo Lovati <\/p>\n<p>In collegamento da Vigevano Massimo Lovati dice: \u00abIo voglio rimanere, voglio condurre in porto questa vicenda che ho sposato nel 2017\u00bb. <\/p>\n<p>Da quell\u2019anno l\u2019avvocato ha \u201cpreso a braccetto la posizione di Andrea Sempio\u201d che considera \u201cinnocente\u201d ed \u201cestraneo al fatto\u201d. \u00abHo\u00a0promesso\u00a0a lui che lo porter\u00f2 fino alla fine con una sentenza di proscioglimento\u00bb, dice\u00a0alle telecamere di\u00a0Ignoto X.\u00a0Lovati, quindi, dice fermamente che non lascer\u00e0 la difesa di Andrea Sempio che condivide con la collega Angela Taccia. \u201cIo voglio rimanere\u201d, ma non esclude una scelta diversa da parte del suo assistito. \u00abOvviamente, se poi mi revoca, io non ci posso fare niente\u201d, dice, e conclude: \u201cMetter\u00e0 un altro avvocato meglio di me. Che devo fare?\u00a0Io non me ne vado\u00bb. A portare Lovati all\u2019ipotesi di un dietrofront di Andrea Sempio sono gli episodi che negli ultimi giorni hanno portato nuove ombre sul caso Garlasco. Tutto \u00e8 esploso luned\u00ec 6 ottobre, quando\u00a0Fabrizio Corona\u00a0ha pubblicato la terza parte del suo\u00a0Speciale Garlasco\u00a0del format\u00a0Falsissimo. In una sequenza Lovati parla del procuratore\u00a0Fabio Napoleone\u00a0e dell\u2019aggiunto\u00a0Stefano Civardi, chiamando quest\u2019ultimo \u201cquel maledetto\u201d e fa riferimenti anche a\u00a0Yara Gambirasio\u00a0e\u00a0Massimo Bossetti.Il caso Corona <\/p>\n<p>Lovati, gi\u00e0 indagato per diffamazione nei confronti dello studio legale Giarda che difendeva Sempio, \u00e8 tornato a\u00a0parlare ieri su Rai 2 a Ore 14, riguardo alcune frasi che ha rilasciato a Corona sul caso Garlasco ma anche su Yara Gambirasio e Bossetti che hanno scatenato una vera e propria bufera. \u00abCorona \u00e8 venuto luned\u00ec, molto tardi, e mi ha proposto di fare un serial, un film &#8211; &#8211; racconta\u00a0Lovati all&#8217;inviata del programma Ore 14 di Rai due- Mi ha detto, tu sei Gerry La Rana, perch\u00e9 hai questa pronuncia con la &#8220;r&#8221; arrotata e sembri un personaggio dei cartoni animati. Mi dice di parlare a ruota libera, intanto mi versa da bere. L\u2019importante, mi dice, \u00e8 che lo\u00a0intermezzi tutto con volgarit\u00e0, che poi lui avrebbe tagliato. Mi ha tradito, perch\u00e9 poi lo ha diffuso con altre finalit\u00e0\u00bb. Ma poi Lovati continua: \u00abChe poi cos&#8217;ho detto? Ho detto che l&#8217;ex pm Mario Venditti giocava ai cavalli? In quel periodo andavo a San Siro, sono sempre stato appassionato di ippica, che problema c&#8217;\u00e8? Non so che cos&#8217;ho detto, a furia di bere&#8230;\u00bb.<\/p>\n<p>Cosa ha detto <\/p>\n<p>Ma non solo. Nella puntata di &#8216;Falsissimo&#8217; dedicata all&#8217;omicidio Poggi,\u00a0Lovati\u00a0ha fatto intendere che la riapertura del caso sia stata volont\u00e0 del procuratore aggiunto Stefano Civardi. \u00abNapoleone, da quello che mi hanno riferito, voleva chiedere l&#8217;archiviazione &#8211; ha detto &#8211;\u00a0Quell&#8217;altro invece, quel Civardi\u00bb, sono le parole dell&#8217;avvocato, condite da diversi epiteti, che hanno scatenato la reazione della Procura di Pavia.\u00a0\u00a0Lovati, passato alla ribalta delle cronache per le sue dichiarazioni ai media e per aver ipotizzato ricostruzioni degne di un romanzo, era stato denunciato dopo la riapertura della nuova indagine su Sempio dopo due archiviazioni<\/p>\n<p>\u00a0<\/p>\n<p>&#13;<br \/>\n                            \u00a9 RIPRODUZIONE RISERVATA&#13;<\/p>\n<p>&#13;<\/p>\n","protected":false},"excerpt":{"rendered":"Il punto serale sulle notizie del giorno Iscriviti e ricevi le notizie via email Alla luce delle polemiche&hellip;\n","protected":false},"author":3,"featured_media":158858,"comment_status":"","ping_status":"","sticky":false,"template":"","format":"standard","meta":{"footnotes":""},"categories":[6],"tags":[12754,11083,6056,14,6057,8,1537,90,89,19732,7,15,82,9,83,10,13,243,11,80,84,12,81,85],"class_list":{"0":"post-158857","1":"post","2":"type-post","3":"status-publish","4":"format-standard","5":"has-post-thumbnail","7":"category-ultime-notizie","8":"tag-alberto-stasi","9":"tag-andrea-sempio","10":"tag-chiara-poggi","11":"tag-cronaca","12":"tag-garlasco","13":"tag-headlines","14":"tag-it","15":"tag-italia","16":"tag-italy","17":"tag-massimo-lovati","18":"tag-news","19":"tag-notizie","20":"tag-notizie-di-cronaca","21":"tag-notizie-principali","22":"tag-notiziedicronaca","23":"tag-notizieprincipali","24":"tag-titoli","25":"tag-ultima-ora","26":"tag-ultime-notizie","27":"tag-ultime-notizie-di-cronaca","28":"tag-ultime-notizie-e-news-di-oggi","29":"tag-ultimenotizie","30":"tag-ultimenotiziedicronaca","31":"tag-ultimenotizieenewsdioggi"},"share_on_mastodon":{"url":"","error":""},"_links":{"self":[{"href":"https:\/\/www.europesays.com\/it\/wp-json\/wp\/v2\/posts\/158857","targetHints":{"allow":["GET"]}}],"collection":[{"href":"https:\/\/www.europesays.com\/it\/wp-json\/wp\/v2\/posts"}],"about":[{"href":"https:\/\/www.europesays.com\/it\/wp-json\/wp\/v2\/types\/post"}],"author":[{"embeddable":true,"href":"https:\/\/www.europesays.com\/it\/wp-json\/wp\/v2\/users\/3"}],"replies":[{"embeddable":true,"href":"https:\/\/www.europesays.com\/it\/wp-json\/wp\/v2\/comments?post=158857"}],"version-history":[{"count":0,"href":"https:\/\/www.europesays.com\/it\/wp-json\/wp\/v2\/posts\/158857\/revisions"}],"wp:featuredmedia":[{"embeddable":true,"href":"https:\/\/www.europesays.com\/it\/wp-json\/wp\/v2\/media\/158858"}],"wp:attachment":[{"href":"https:\/\/www.europesays.com\/it\/wp-json\/wp\/v2\/media?parent=158857"}],"wp:term":[{"taxonomy":"category","embeddable":true,"href":"https:\/\/www.europesays.com\/it\/wp-json\/wp\/v2\/categories?post=158857"},{"taxonomy":"post_tag","embeddable":true,"href":"https:\/\/www.europesays.com\/it\/wp-json\/wp\/v2\/tags?post=158857"}],"curies":[{"name":"wp","href":"https:\/\/api.w.org\/{rel}","templated":true}]}}