{"id":159005,"date":"2025-10-11T10:58:10","date_gmt":"2025-10-11T10:58:10","guid":{"rendered":"https:\/\/www.europesays.com\/it\/159005\/"},"modified":"2025-10-11T10:58:10","modified_gmt":"2025-10-11T10:58:10","slug":"ho-tradito-mio-marito-con-adriano-celentano-montezemolo-il-mio-primo-amore-ho-provato-llsd-oggi-ce-dio-sopra-di-me","status":"publish","type":"post","link":"https:\/\/www.europesays.com\/it\/159005\/","title":{"rendered":"\u00abHo tradito mio marito con Adriano Celentano, Montezemolo il mio primo amore. Ho provato l&#8217;Lsd, oggi c\u2019\u00e8 Dio sopra di me\u00bb"},"content":{"rendered":"<p>&#13;<br \/>\n                               &#13;<br \/>\n                                                &#13;<br \/>\n                &#13;<\/p>\n<p>Un\u2019infanzia segnata dallo sgomento, un amore clandestino con <a href=\"https:\/\/www.leggo.it\/t\/adriano-celentano\" rel=\"nofollow noopener\" target=\"_blank\">Adriano Celentano<\/a>, e un cinema che l\u2019ha amata e ferita: <strong><a href=\"https:\/\/www.leggo.it\/t\/ornella-muti\" rel=\"nofollow noopener\" target=\"_blank\">Ornella Muti<\/a><\/strong> si racconta senza filtri nella sua autobiografia &#8220;<strong>Questa non \u00e8 Ornella Muti<\/strong>&#8220;, in uscita il 14 ottobre per La Nave di Teseo. L&#8217;attrice sar\u00e0 ospite a <a href=\"https:\/\/www.leggo.it\/t\/verissimo\" rel=\"nofollow noopener\" target=\"_blank\">Verissimo<\/a> domenica 12 ottobre in una lunga intervista con Silvia Toffanin.<\/p>\n<p>&#13;<br \/>\n&#13;<br \/>\n&#13;<br \/>\n&#13;<br \/>\n&#13;<br \/>\n&#13;<br \/>\n\u00a0&#13;<br \/>\n&#13;<br \/>\n<strong>L&#8217;abbandono<\/strong>&#13;<br \/>\n&#13;<\/p>\n<p>L&#8217;incipit? D&#8217;impatto:\u00a0\u00abSgomento&#8230; Non ricordo un giorno in cui non l\u2019abbia provato\u00bb, scrive. \u00abCredo inizi a quattro anni, quando mamma mi porta in <a href=\"https:\/\/www.leggo.it\/t\/svizzera\" rel=\"nofollow noopener\" target=\"_blank\">Svizzera<\/a> dalla zia e mi lascia l\u00ec per un anno e mezzo, senza spiegarmi il motivo. L\u00ec, parlavano solo tedesco e francese, non capivo una parola. E tornata a Roma, non conoscevo pi\u00f9 l\u2019italiano. Mi chiedevo: ma che succede? Non fu un abbandono, ma lo vissi come tale\u00bb, rivela <strong>Ornella Muti<\/strong> in un&#8217;intervista al Corriere della Sera.\u00a0<\/p>\n<p>&#13;<br \/>\n&#13;<br \/>\n&#13;<br \/>\n&#13;<br \/>\n<strong>\u00abTradii mio marito con Celentano\u00bb<\/strong>&#13;<br \/>\n&#13;<\/p>\n<p>Uomini calcolatori, relazioni tossiche e passioni ardenti: \u00ab\u00c8 facile manipolare una donna che vede in te quello che vuole vedere. Quando sei ferita, metti troppe aspettative e voglia di riscatto e diventi un po\u2019 cieca\u00bb, dichiara <strong><a href=\"https:\/\/www.leggo.it\/t\/ornella-muti\" rel=\"nofollow noopener\" target=\"_blank\">Ornella Muti<\/a><\/strong>. Il primo fidanzato? <strong><a href=\"https:\/\/www.leggo.it\/t\/luca-di-montezemolo\" rel=\"nofollow noopener\" target=\"_blank\">Luca di Montezemolo<\/a><\/strong>. \u00abAvevo 16 anni. Ho un ricordo di Luca meraviglioso, perch\u00e9 era pazzo, pazzo: correva in mezzo alla strada all\u2019improvviso e mi urlava &#8216;Ti amo!'&#8221;. <\/p>\n<p>Eppure, la relazione fin\u00ec: lui aveva un\u2019altra, \u00abPi\u00f9 altolocata. Scelse lei, Sandra. Poi, la spos\u00f2&#8221;.\u00a0&#13;<br \/>\n&#13;<\/p>\n<p>Tra le confessioni pi\u00f9 intime, la verit\u00e0 su <strong><a href=\"https:\/\/www.leggo.it\/t\/adriano-celentano\" rel=\"nofollow noopener\" target=\"_blank\">Adriano Celentano<\/a><\/strong>: \u00abChe\u00a0fossimo stati insieme l\u2019ha detto lui, senza chiedermi il permesso.\u00a0<strong>Una violenza<\/strong>. Io aggiungo che \u00e8 stata una storia breve, ma d\u2019amore. Non concepisco il <a href=\"https:\/\/www.leggo.it\/t\/sesso\" rel=\"nofollow noopener\" target=\"_blank\">sesso<\/a> per il sesso. L\u2019ho detto: ci casco sempre quando uno \u00e8 divertente. E lui lo era, molto. Ho tradito mio marito, che era ai tempi <strong><a href=\"https:\/\/www.leggo.it\/t\/federico-facchinetti\" rel=\"nofollow noopener\" target=\"_blank\">Federico Facchinetti<\/a><\/strong>, una cosa orribile. Forse, ho tradito perch\u00e9 ero stata tradita, ma a volte, \u00e8 una scusa che uno si d\u00e0. E poi con Adriano \u00e8 finita. Io ci sarei anche rimasta. Ma \u00e8 andata cos\u00ec ed \u00e8 stato meglio\u00bb, ammette.<\/p>\n<p>&#13;<br \/>\n&#13;<br \/>\n&#13;<br \/>\n&#13;<br \/>\n<strong>\u00abMi diede un ceffone per farmi piangere\u00bb<\/strong>&#13;<br \/>\n&#13;<\/p>\n<p>Anche il set ha lasciato ferite profonde: \u00abDamiani mi gir\u00f2 la testa con un ceffone. Cos\u00ec almeno avrei pianto. Io, per dispetto, non piansi. Un\u2019altra volta mi ha scudisciato le gambe con un frustino. Il medico vide i lividi e mi mise a riposo per quindici giorni\u00bb. La risposta della produzione? \u00abDovete ringraziare il cielo che la facciamo lavorare\u00bb. Poi rivela:\u00a0\u00abAvevo provato l\u2019Lsd, un\u2019amica l\u2019ha preso e si \u00e8 buttata dalla finestra. Ma avendo Naike, non potevo bere, drogarmi, perdermi\u00bb<\/p>\n<p>&#13;<br \/>\n&#13;<br \/>\n<strong>La ricerca spirituale\u00a0<\/strong>&#13;<br \/>\n&#13;<\/p>\n<p>La ricerca spirituale \u00e8 stata lunga e tormentata:\u00a0\u00abNel buddismo devi esprimere tre desideri, a breve, medio e lungo termine, e a me non si \u00e8 realizzato niente. Invece, pregando Dio, dopo una settimana, le cose si sono sciolte. <strong>Mi sento pi\u00f9 al sicuro sapendo che c\u2019\u00e8 Dio sopra di me<\/strong>\u00bb.<\/p>\n<p>                                &#13;<br \/>\n                &#13;<br \/>\n&#13;<br \/>\n                Ultimo aggiornamento: sabato 11 ottobre 2025, 12:35&#13;<br \/>\n                <br \/>&#13;<br \/>\n                &#13;<br \/>\n                  &#13;<br \/>\n                    &#13;<br \/>\n                        \u00a9 RIPRODUZIONE RISERVATA&#13;<\/p>\n<p>&#13;<\/p>\n<p>                    &#13;<\/p>\n","protected":false},"excerpt":{"rendered":"&#13; &#13; &#13; &#13; Un\u2019infanzia segnata dallo sgomento, un amore clandestino con Adriano Celentano, e un cinema che&hellip;\n","protected":false},"author":3,"featured_media":159006,"comment_status":"","ping_status":"","sticky":false,"template":"","format":"standard","meta":{"footnotes":""},"categories":[1451],"tags":[61089,1621,1620,203,204,1537,90,89,98049,12838,98050],"class_list":{"0":"post-159005","1":"post","2":"type-post","3":"status-publish","4":"format-standard","5":"has-post-thumbnail","7":"category-celebrita","8":"tag-adriano-celentano","9":"tag-celebrita","10":"tag-celebrities","11":"tag-entertainment","12":"tag-intrattenimento","13":"tag-it","14":"tag-italia","15":"tag-italy","16":"tag-luca-di-montezemolo","17":"tag-ornella-muti","18":"tag-questa-non-e-ornella-muti"},"share_on_mastodon":{"url":"","error":""},"_links":{"self":[{"href":"https:\/\/www.europesays.com\/it\/wp-json\/wp\/v2\/posts\/159005","targetHints":{"allow":["GET"]}}],"collection":[{"href":"https:\/\/www.europesays.com\/it\/wp-json\/wp\/v2\/posts"}],"about":[{"href":"https:\/\/www.europesays.com\/it\/wp-json\/wp\/v2\/types\/post"}],"author":[{"embeddable":true,"href":"https:\/\/www.europesays.com\/it\/wp-json\/wp\/v2\/users\/3"}],"replies":[{"embeddable":true,"href":"https:\/\/www.europesays.com\/it\/wp-json\/wp\/v2\/comments?post=159005"}],"version-history":[{"count":0,"href":"https:\/\/www.europesays.com\/it\/wp-json\/wp\/v2\/posts\/159005\/revisions"}],"wp:featuredmedia":[{"embeddable":true,"href":"https:\/\/www.europesays.com\/it\/wp-json\/wp\/v2\/media\/159006"}],"wp:attachment":[{"href":"https:\/\/www.europesays.com\/it\/wp-json\/wp\/v2\/media?parent=159005"}],"wp:term":[{"taxonomy":"category","embeddable":true,"href":"https:\/\/www.europesays.com\/it\/wp-json\/wp\/v2\/categories?post=159005"},{"taxonomy":"post_tag","embeddable":true,"href":"https:\/\/www.europesays.com\/it\/wp-json\/wp\/v2\/tags?post=159005"}],"curies":[{"name":"wp","href":"https:\/\/api.w.org\/{rel}","templated":true}]}}