{"id":159026,"date":"2025-10-11T11:10:11","date_gmt":"2025-10-11T11:10:11","guid":{"rendered":"https:\/\/www.europesays.com\/it\/159026\/"},"modified":"2025-10-11T11:10:11","modified_gmt":"2025-10-11T11:10:11","slug":"attese-otto-mesi-lesame-istologico-morta-maria-cristina-gallo-la-prof-che-denuncio-i-ritardi-altri-due-decessi-sospetti-i-referti-bloccati-erano-3300","status":"publish","type":"post","link":"https:\/\/www.europesays.com\/it\/159026\/","title":{"rendered":"Attese otto mesi l\u2019esame istologico. Morta Maria Cristina Gallo, la prof che denunci\u00f2 i ritardi. Altri due decessi sospetti, i referti bloccati erano 3300"},"content":{"rendered":"<p>    di<br \/>\n    Lara Sirignano<\/p>\n<p class=\"summary-art is-line-h-12\">Trapani, l&#8217;insegnante aveva 57 anni: il caso arriv\u00f2 in Parlamento, 19 sanitari   indagati. Con la sua battaglia si  \u00e8 scoperto che i referti bloccati erano 3300. Altri due pazienti deceduti<\/p>\n<p class=\"chapter-paragraph\"><b>Per avere l\u2019esito di un esame istologico era stata costretta a ricorrere a un avvocato. <\/b>Non erano servite le telefonate continue all\u2019ospedale di Mazara del Vallo.\u00a0<b>E solo le carte bollate e una diffida avevano sbloccato la situazione.<\/b> Dopo otto mesi dall\u2019intervento di isterectomia subito per la rimozione di un apparente fibroma, Maria Cristina Gallo, ad agosto del 2024, aveva avuto il \u00abverdetto\u00bb e scoperto di avere un cancro al quarto stadio. Le sue battaglie, contro un tumore molto aggressivo e contro la malasanit\u00e0, sono cominciate allora. <b>Quella contro la malattia Maria Cristina, <\/b>morta ieri nella sua casa dopo mesi di viaggi a Milano per la chemioterapia, l\u2019ha persa.<a href=\"https:\/\/palermo.corriere.it\/notizie\/cronaca\/25_ottobre_10\/mazara-del-vallo-morta-cristina-gallo-attese-otto-mesi-la-consegna-degli-esami-istologici-e-denuncio-il-ritardo-6bc07b04-6f1a-4310-95ff-816b733dbxlk.shtml\" title=\"Cristina Gallo morta a Mazara del Vallo: attese otto mesi il referto degli esami istologici e denunci\u00f2 il ritardo\" rel=\"nofollow noopener\" target=\"_blank\"> Quella contro le sconcertanti inefficienze dell\u2019Asp di Trapani \u00e8 appena iniziata.<\/a><\/p>\n<p class=\"chapter-paragraph\"><b>Dopo la denuncia dell\u2019insegnante 57enne<\/b>,<a href=\"https:\/\/palermo.corriere.it\/notizie\/cronaca\/25_ottobre_10\/chi-era-cristina-gallo-la-donna-morta-a-mazara-del-vallo-insegnante-realizzo-il-sogno-di-una-biblioteca-per-bambini-b1a29fe4-157f-441f-b741-b1e740aabxlk.shtml\" title=\"Chi era Cristina Gallo, la donna morta a Mazara del Vallo: insegnante, realizz\u00f2 il sogno di una biblioteca per bambini\" rel=\"nofollow noopener\" target=\"_blank\"> che lascia un marito e due figli di 25 e 17 anni, si \u00e8 scoperto che i referti rimasti per mesi nei laboratori e<\/a> consegnati con imperdonabile ritardo erano 3300. <b>Ne \u00e8 nata una inchiesta: la Procura di Trapani, coordinata da Gabriele Paci, <\/b>ha iscritto nel registro degli indagati per omicidio colposo, lesioni colpose e omissione d\u2019atti d\u2019ufficio 19 tra medici, infermieri e tecnici di laboratorio dell\u2019azienda sanitaria. I<b>l procedimento \u00e8 in fase di incidente probatorio davanti al Gip.\u00a0<\/b>    &#13;<br \/>\n&#13;<br \/>\n&#13;<br \/>\n&#13;<br \/>\n&#13;<br \/>\n&#13;<br \/>\n&#13;<br \/>\n&#13;<br \/>\n&#13;<br \/>\n&#13;<br \/>\n&#13;<br \/>\n&#13;<br \/>\n&#13;<br \/>\n&#13;<br \/>\n&#13;<br \/>\n&#13;<br \/>\n&#13;<br \/>\n&#13;<br \/>\n&#13;<br \/>\n&#13;<br \/>\n&#13;<br \/>\n&#13;<br \/>\n&#13;<br \/>\n&#13;<br \/>\n&#13;<br \/>\n&#13;<br \/>\n&#13;<br \/>\n&#13;<br \/>\n&#13;<br \/>\n&#13;<br \/>\n&#13;<br \/>\n&#13;<br \/>\n&#13;<br \/>\n&#13;<br \/>\n&#13;<br \/>\n&#13;<br \/>\n&#13;<br \/>\n&#13;<br \/>\n&#13;<br \/>\n&#13;<br \/>\n&#13;<br \/>\n&#13;<br \/>\n&#13;<br \/>\n&#13;<br \/>\n&#13;<br \/>\n&#13;<br \/>\n&#13;<br \/>\n&#13;<br \/>\n&#13;<br \/>\n&#13;<br \/>\n&#13;<br \/>\n&#13;<br \/>\n&#13;\n<\/p>\n<p class=\"chapter-paragraph\"><b>Ai giudici il compito di accertare<\/b> se i ritardi nelle consegne degli esami abbiano aggravato le condizioni di salute di sei pazienti e provocato la morte di altri tre, tra cui Maria Cristina. <b>All\u2019ultima udienza, che si \u00e8 svolta il 26 settembre, il magistrato ha nominato i periti <\/b>e respinto l\u2019istanza dell\u2019avvocato Niccol\u00f2 Grossi, legale della 57enne, che chiedeva di considerare l\u2019Asp responsabile civile, quindi non vittima. Al momento le parti offese sono sei malati, i familiari dei tre pazienti deceduti, l\u2019azienda sanitaria di Trapani e l\u2019assessorato siciliano alla Salute.<\/p>\n<p class=\"chapter-paragraph\"><b>Parallelamente la Regione ha inviato all\u2019Asp gli ispettori.<\/b> Sconcertante il quadro dipinto: nel servizio di Anatomia patologica c\u2019erano gravi disfunzioni organizzative: il sistema informatico di tracciamento non \u00e8 mai entrato in funzione e mancavano protocolli <b>per gestire l\u2019arretrato che \u00e8 stato smaltito solo dopo la denuncia della professoressa.<\/b><\/p>\n<p class=\"chapter-paragraph\"><b>\u00abLa mia battaglia \u00e8 duplice<\/b>, per la mia salute e per tanti altri che aspettano i risultati da mesi. Per me \u00e8 un dovere morale e civile\u00bb, <b>aveva detto Maria Cristina qualche mese fa. <\/b>Nelle sue parole non c\u2019erano rancore o sete di vendetta ma solo l\u2019auspicio che nessuno fosse pi\u00f9 costretto a vivere quel che lei stava vivendo.<\/p>\n<p class=\"chapter-paragraph\"><b>Laureata in Storia e Filosofia, la passione per i bambini,<\/b> una fede che viveva impegnandosi nel sociale, aveva realizzato il sogno di creare una biblioteca per i pi\u00f9 piccoli. L\u2019aveva chiamata \u00abL\u2019isola che non c\u2019\u00e8\u00bb. \u00abEra dolce e nello stesso tempo combattiva e forte, pronta a battersi per le cause giuste\u00bb, racconta la cugina Annalisa.<b> E a ricordare l\u2019insegnante \u00e8 anche Giorgio Mul\u00e8, vicepresidente della Camera e deputato di FI <\/b>che nei mesi scorsi sulla sconcertante storia aveva presentato una interrogazione.\u00a0<\/p>\n<p class=\"chapter-paragraph\"><b>\u00ab\u00c8 stata una combattente irriducibile.<\/b> Non il caso e neppure la fatalit\u00e0 hanno deviato il corso della sua esistenza: Cristina \u00e8 diventata simbolo, suo malgrado, di uno di quei casi che si definiscono di malasanit\u00e0\u00bb. Il leader di Azione Carlo Calenda punta il dito contro \u00abla sanit\u00e0 di Schifani dove si discute solo per spartirsi le poltrone\u00bb.<b> Polemiche che il funerale di Maria Cristina, che verr\u00e0 celebrato oggi, c<\/b>ertamente non spegneranno.<\/p>\n<p class=\"is-last-update\" datetime=\"2025-10-11T10:58:29+02:00\">11 ottobre 2025<\/p>\n<p class=\"is-copyright\">\n            \u00a9 RIPRODUZIONE RISERVATA\n        <\/p>\n","protected":false},"excerpt":{"rendered":"di Lara Sirignano Trapani, l&#8217;insegnante aveva 57 anni: il caso arriv\u00f2 in Parlamento, 19 sanitari indagati. Con la&hellip;\n","protected":false},"author":3,"featured_media":159027,"comment_status":"","ping_status":"","sticky":false,"template":"","format":"standard","meta":{"footnotes":""},"categories":[79],"tags":[9375,98057,98058,13573,98059,302,1239,4072,24299,2233,37303,425,10091,98052,14,93,94,82420,821,5286,96937,8033,5539,4505,98053,1537,90,89,21955,1259,98051,98002,3600,7,15,10225,98054,28324,98055,32665,240,4206,93856,5243,98056,1567,10671,11,84,91,12,85,92],"class_list":{"0":"post-159026","1":"post","2":"type-post","3":"status-publish","4":"format-standard","5":"has-post-thumbnail","7":"category-italia","8":"tag-accertare","9":"tag-accertare-ritardi","10":"tag-accertare-ritardi-consegne","11":"tag-aggravato","12":"tag-aggravato-condizioni","13":"tag-asp","14":"tag-avvocato","15":"tag-azienda","16":"tag-azienda-sanitaria","17":"tag-battaglia","18":"tag-bloccati","19":"tag-civile","20":"tag-cristina","21":"tag-cristina-gallo","22":"tag-cronaca","23":"tag-cronaca-italiana","24":"tag-cronacaitaliana","25":"tag-deceduti","26":"tag-denuncia","27":"tag-esame","28":"tag-esame-istologico","29":"tag-gallo","30":"tag-indagati","31":"tag-insegnante","32":"tag-istologico","33":"tag-it","34":"tag-italia","35":"tag-italy","36":"tag-malasanita","37":"tag-maria","38":"tag-maria-cristina","39":"tag-maria-cristina-gallo","40":"tag-morta","41":"tag-news","42":"tag-notizie","43":"tag-pazienti","44":"tag-pazienti-deceduti","45":"tag-referti","46":"tag-referti-bloccati","47":"tag-ritardi","48":"tag-salute","49":"tag-sanitaria","50":"tag-sconcertante","51":"tag-scoperto","52":"tag-scoperto-referti","53":"tag-storia","54":"tag-trapani","55":"tag-ultime-notizie","56":"tag-ultime-notizie-e-news-di-oggi","57":"tag-ultime-notizie-italia","58":"tag-ultimenotizie","59":"tag-ultimenotizieenewsdioggi","60":"tag-ultimenotizieitalia"},"share_on_mastodon":{"url":"","error":""},"_links":{"self":[{"href":"https:\/\/www.europesays.com\/it\/wp-json\/wp\/v2\/posts\/159026","targetHints":{"allow":["GET"]}}],"collection":[{"href":"https:\/\/www.europesays.com\/it\/wp-json\/wp\/v2\/posts"}],"about":[{"href":"https:\/\/www.europesays.com\/it\/wp-json\/wp\/v2\/types\/post"}],"author":[{"embeddable":true,"href":"https:\/\/www.europesays.com\/it\/wp-json\/wp\/v2\/users\/3"}],"replies":[{"embeddable":true,"href":"https:\/\/www.europesays.com\/it\/wp-json\/wp\/v2\/comments?post=159026"}],"version-history":[{"count":0,"href":"https:\/\/www.europesays.com\/it\/wp-json\/wp\/v2\/posts\/159026\/revisions"}],"wp:featuredmedia":[{"embeddable":true,"href":"https:\/\/www.europesays.com\/it\/wp-json\/wp\/v2\/media\/159027"}],"wp:attachment":[{"href":"https:\/\/www.europesays.com\/it\/wp-json\/wp\/v2\/media?parent=159026"}],"wp:term":[{"taxonomy":"category","embeddable":true,"href":"https:\/\/www.europesays.com\/it\/wp-json\/wp\/v2\/categories?post=159026"},{"taxonomy":"post_tag","embeddable":true,"href":"https:\/\/www.europesays.com\/it\/wp-json\/wp\/v2\/tags?post=159026"}],"curies":[{"name":"wp","href":"https:\/\/api.w.org\/{rel}","templated":true}]}}