{"id":159033,"date":"2025-10-11T11:19:09","date_gmt":"2025-10-11T11:19:09","guid":{"rendered":"https:\/\/www.europesays.com\/it\/159033\/"},"modified":"2025-10-11T11:19:09","modified_gmt":"2025-10-11T11:19:09","slug":"vacherot-batte-djokovic-ed-e-in-finale-a-shanghai-chi-e-il-monegasco-numero-204-del-mondo","status":"publish","type":"post","link":"https:\/\/www.europesays.com\/it\/159033\/","title":{"rendered":"Vacherot batte Djokovic ed \u00e8 in finale a Shanghai: chi \u00e8 il monegasco numero 204 del mondo"},"content":{"rendered":"<p class=\"chapter-paragraph\">Sorpresa in semifinale nel Masters-1000 di Shanghai. Djokovic ha perso contro Valentin Vacherot, monegasco, numero 204 del mondo, protagonista di un torneo da favola. Il serbo ha perso in due set con il punteggio di 6-3 6-4, per Vacherot \u00e8 la prima finale in un 1000. Sfider\u00e0 uno tra Medvedev e Rinderknech: quest&#8217;ultimo \u00e8 suo cugino.<br \/>Articolo in aggiornamento&#8230;    &#13;<br \/>\n&#13;<br \/>\n&#13;<br \/>\n&#13;<br \/>\n&#13;<br \/>\n&#13;<br \/>\n&#13;<br \/>\n&#13;<br \/>\n&#13;<br \/>\n&#13;<br \/>\n&#13;<br \/>\n&#13;<br \/>\n&#13;<br \/>\n&#13;<br \/>\n&#13;<br \/>\n&#13;<br \/>\n&#13;<br \/>\n&#13;<br \/>\n&#13;<br \/>\n&#13;<br \/>\n&#13;<br \/>\n&#13;<br \/>\n&#13;<br \/>\n&#13;<br \/>\n&#13;<br \/>\n&#13;<br \/>\n&#13;<br \/>\n&#13;<br \/>\n&#13;<br \/>\n&#13;<br \/>\n&#13;<br \/>\n&#13;<br \/>\n&#13;<br \/>\n&#13;<br \/>\n&#13;<br \/>\n&#13;<br \/>\n&#13;<br \/>\n&#13;<br \/>\n&#13;<br \/>\n&#13;<br \/>\n&#13;<br \/>\n&#13;<br \/>\n&#13;<br \/>\n&#13;<br \/>\n&#13;<br \/>\n&#13;<br \/>\n&#13;<br \/>\n&#13;<br \/>\n&#13;<br \/>\n&#13;<br \/>\n&#13;<br \/>\n&#13;<br \/>\n&#13;\n<\/p>\n<p class=\"is-last-update\" datetime=\"2025-10-11T12:40:06+02:00\">11 ottobre 2025<\/p>\n<p class=\"is-copyright\">\n            \u00a9 RIPRODUZIONE RISERVATA\n        <\/p>\n","protected":false},"excerpt":{"rendered":"Sorpresa in semifinale nel Masters-1000 di Shanghai. Djokovic ha perso contro Valentin Vacherot, monegasco, numero 204 del mondo,&hellip;\n","protected":false},"author":3,"featured_media":159034,"comment_status":"","ping_status":"","sticky":false,"template":"","format":"standard","meta":{"footnotes":""},"categories":[1457],"tags":[26568,1426,1537,90,89,22782,3386,245,244,1273,95221],"class_list":{"0":"post-159033","1":"post","2":"type-post","3":"status-publish","4":"format-standard","5":"has-post-thumbnail","7":"category-tennis","8":"tag-djokovic","9":"tag-finale","10":"tag-it","11":"tag-italia","12":"tag-italy","13":"tag-monegasco","14":"tag-perso","15":"tag-sport","16":"tag-sports","17":"tag-tennis","18":"tag-vacherot"},"share_on_mastodon":{"url":"","error":""},"_links":{"self":[{"href":"https:\/\/www.europesays.com\/it\/wp-json\/wp\/v2\/posts\/159033","targetHints":{"allow":["GET"]}}],"collection":[{"href":"https:\/\/www.europesays.com\/it\/wp-json\/wp\/v2\/posts"}],"about":[{"href":"https:\/\/www.europesays.com\/it\/wp-json\/wp\/v2\/types\/post"}],"author":[{"embeddable":true,"href":"https:\/\/www.europesays.com\/it\/wp-json\/wp\/v2\/users\/3"}],"replies":[{"embeddable":true,"href":"https:\/\/www.europesays.com\/it\/wp-json\/wp\/v2\/comments?post=159033"}],"version-history":[{"count":0,"href":"https:\/\/www.europesays.com\/it\/wp-json\/wp\/v2\/posts\/159033\/revisions"}],"wp:featuredmedia":[{"embeddable":true,"href":"https:\/\/www.europesays.com\/it\/wp-json\/wp\/v2\/media\/159034"}],"wp:attachment":[{"href":"https:\/\/www.europesays.com\/it\/wp-json\/wp\/v2\/media?parent=159033"}],"wp:term":[{"taxonomy":"category","embeddable":true,"href":"https:\/\/www.europesays.com\/it\/wp-json\/wp\/v2\/categories?post=159033"},{"taxonomy":"post_tag","embeddable":true,"href":"https:\/\/www.europesays.com\/it\/wp-json\/wp\/v2\/tags?post=159033"}],"curies":[{"name":"wp","href":"https:\/\/api.w.org\/{rel}","templated":true}]}}