{"id":159035,"date":"2025-10-11T11:20:13","date_gmt":"2025-10-11T11:20:13","guid":{"rendered":"https:\/\/www.europesays.com\/it\/159035\/"},"modified":"2025-10-11T11:20:13","modified_gmt":"2025-10-11T11:20:13","slug":"andorra-cycling-masters-quattro-campioni-per-una-sfida-inedita","status":"publish","type":"post","link":"https:\/\/www.europesays.com\/it\/159035\/","title":{"rendered":"ANDORRA CYCLING MASTERS, QUATTRO CAMPIONI PER UNA SFIDA INEDITA"},"content":{"rendered":"<p>            <a class=\"category\" href=\"https:\/\/www.tuttobiciweb.it\/articles\/category\/PROFESSIONISTI\" itemprop=\"about\" rel=\"nofollow noopener\" target=\"_blank\">PROFESSIONISTI<\/a> | 11\/10\/2025 | 10:04<br \/>\n            <a class=\"author\" href=\"https:\/\/www.tuttobiciweb.it\/articles\/author\/Francesca%20Monzone\" rel=\"nofollow noopener\" target=\"_blank\">di Francesca Monzone<\/a><\/p>\n<p>Le telecamere non si spengeranno tanto velocemente sul mondo del ciclismo e <strong>la prossima settimana ad Andorra si celebrer\u00e0 una sfida veramente unica, che diventer\u00e0 anche un documentario.<\/strong>\n            <\/p>\n<p>Tadej Pogacar, Jonas Vingegaard, Primoz Roglic e Isaac Del Toro si sfideranno domenica 19 ottobre nell&#8217;Andorra Cycling Masters, un&#8217;impresa ciclistica che si trasformer\u00e0 in un documentario.\n            <\/p>\n<p>I magnifici 4, cos\u00ec come sono stati definiti dagli organizzatori, <strong>si sfideranno in una cronometro di 8,23 chilometri e una gara in linea di 32 chilometri.<\/strong> Non sono le distanze pi\u00f9 lunghe e impegnative della loro carriera, ma quando a gareggiare si \u00e8 solo in quattro, allora le cose posso cambiare e una breve distanza, pu\u00f2 trasformarsi in un terreno da fuoco e fiamme.<\/p>\n<p>In questo elenco manca Remco Evenepoel, che sicuramente non ha meno potenziale rispetto ai 4 invitati, ma gli organizzatori hanno voluto puntare su uomini da grandi giri e se con Pogacar, Vingegaard e Roglic, abbiamo dei vincitori di grandi giri, Isaac Del Toro, ancora non ha vinto, ma ha sicuramente mostrato tutto il suo valore.<\/p>\n<p><strong>\u00abQuattro campioni uno contro l&#8217;altro. Nessuna squadra, nessuna scusa. Uno scontro senza precedenti\u00bb.<\/strong> Questo \u00e8 lo slogan proclamato gli organizzatori dell&#8217;Andorra Cycling Masters, anche se alla fine Pogacar e Del Toro della stessa squadra fanno parte&#8230; Si tratta di un&#8217;impresa ciclistica che non sar\u00e0 trasmessa in televisione, ma verr\u00e0 mandata in onda in seguito come documentario.<\/p>\n<p>\u00abUna cronoscalata esigente sul Coll de la Gallina e un percorso emozionante ad Andorra la Vella e Escaldes-Engordany decideranno chi sar\u00e0 il vero dominatore delle montagne\u00bb.\u00a0<\/p>\n<p>Sar\u00e0 battaglia vera e se per il momento non si potr\u00e0 apprezzare in diretta lo spettacolo, gli appassionati aspettano di vedere chi sar\u00e0 il vincitore e seguire con attenzione il documentario.\u00a0<\/p>\n<p>\n    <a href=\"https:\/\/www.tuttobiciweb.it\/article\/2025\/10\/11\/1760170247\/cycling-andorra-cycling-masters-time-trial-grand-tours?lang=en\" rel=\"nofollow noopener\" target=\"_blank\"><img decoding=\"async\" src=\"https:\/\/www.europesays.com\/it\/wp-content\/uploads\/2025\/07\/enver.png\"\/><\/a><\/p>\n<p>Copyright &amp;copy TBW<\/p>\n","protected":false},"excerpt":{"rendered":"PROFESSIONISTI | 11\/10\/2025 | 10:04 di Francesca Monzone Le telecamere non si spengeranno tanto velocemente sul mondo del&hellip;\n","protected":false},"author":3,"featured_media":159036,"comment_status":"","ping_status":"","sticky":false,"template":"","format":"standard","meta":{"footnotes":""},"categories":[1456],"tags":[98060,1824,3435,1825,30375,1537,90,89,245,244],"class_list":{"0":"post-159035","1":"post","2":"type-post","3":"status-publish","4":"format-standard","5":"has-post-thumbnail","7":"category-ciclismo","8":"tag-andorra-cycling-masters","9":"tag-ciclismo","10":"tag-cronometro","11":"tag-cycling","12":"tag-grandi-giri","13":"tag-it","14":"tag-italia","15":"tag-italy","16":"tag-sport","17":"tag-sports"},"share_on_mastodon":{"url":"","error":""},"_links":{"self":[{"href":"https:\/\/www.europesays.com\/it\/wp-json\/wp\/v2\/posts\/159035","targetHints":{"allow":["GET"]}}],"collection":[{"href":"https:\/\/www.europesays.com\/it\/wp-json\/wp\/v2\/posts"}],"about":[{"href":"https:\/\/www.europesays.com\/it\/wp-json\/wp\/v2\/types\/post"}],"author":[{"embeddable":true,"href":"https:\/\/www.europesays.com\/it\/wp-json\/wp\/v2\/users\/3"}],"replies":[{"embeddable":true,"href":"https:\/\/www.europesays.com\/it\/wp-json\/wp\/v2\/comments?post=159035"}],"version-history":[{"count":0,"href":"https:\/\/www.europesays.com\/it\/wp-json\/wp\/v2\/posts\/159035\/revisions"}],"wp:featuredmedia":[{"embeddable":true,"href":"https:\/\/www.europesays.com\/it\/wp-json\/wp\/v2\/media\/159036"}],"wp:attachment":[{"href":"https:\/\/www.europesays.com\/it\/wp-json\/wp\/v2\/media?parent=159035"}],"wp:term":[{"taxonomy":"category","embeddable":true,"href":"https:\/\/www.europesays.com\/it\/wp-json\/wp\/v2\/categories?post=159035"},{"taxonomy":"post_tag","embeddable":true,"href":"https:\/\/www.europesays.com\/it\/wp-json\/wp\/v2\/tags?post=159035"}],"curies":[{"name":"wp","href":"https:\/\/api.w.org\/{rel}","templated":true}]}}