{"id":159106,"date":"2025-10-11T12:14:12","date_gmt":"2025-10-11T12:14:12","guid":{"rendered":"https:\/\/www.europesays.com\/it\/159106\/"},"modified":"2025-10-11T12:14:12","modified_gmt":"2025-10-11T12:14:12","slug":"visma-lease-a-bike-daniel-mclay-appende-la-bici-al-chiodo-non-posso-che-provare-gratitudine-per-questi-11-anni-in-cui-ho-potuto-trasformare-la-mia-passione-in-professione","status":"publish","type":"post","link":"https:\/\/www.europesays.com\/it\/159106\/","title":{"rendered":"Visma | Lease a Bike, Daniel McLay appende la bici al chiodo: &#8220;Non posso che provare gratitudine per questi 11 anni in cui ho potuto trasformare la mia passione in professione&#8221;"},"content":{"rendered":"<p>\t\t<img width=\"1200\" height=\"800\" src=\"https:\/\/www.europesays.com\/it\/wp-content\/uploads\/2025\/10\/Daniel-McLay-Giro-di-Romandia-2025.jpg\" class=\"attachment-full size-full wp-post-image\" alt=\"\" data-main-img=\"1\" decoding=\"async\" fetchpriority=\"high\"  \/><\/p>\n<p>\t\t\t\t\t\t\t \u00a9 Sirotti<\/p>\n<p>\t\t\t\t\t<a href=\"https:\/\/cyclingpro.net\/spaziociclismo\/altro\/scopri-lapp-ufficiale-di-spaziociclismo\/\" title=\"\" rel=\"nofollow noopener\" target=\"_blank\"><br \/>\n\t\t\t\t\t\t<img loading=\"lazy\" decoding=\"async\" src=\"https:\/\/www.europesays.com\/it\/wp-content\/uploads\/2025\/09\/1758060682_662_Banner-App-SpazioCiclismo.png\" alt=\"\" width=\"728\" height=\"91\"\/><br \/>\n\t\t\t\t\t<\/a><\/p>\n<p><strong>Daniel McLay<\/strong> non sar\u00e0 pi\u00f9 in gruppo il prossimo anno. <a href=\"https:\/\/cyclingpro.net\/spaziociclismo\/ciclomercato\/ciclomercato-2026-adne-holter-rinnova-con-la-uno-x-fino-al-2028-daniel-mclay-lascera-la-visma-a-fine-stagione\/\" rel=\"nofollow noopener\" target=\"_blank\">Non confermato dalla <strong>Visma | Lease a Bike<\/strong><\/a>, il corridore britannico ha annunciato sui propri profili social che appender\u00e0 la bici al chiodo al termine di questo 2025, dopo undici stagioni tra i professionisti. Il 33enne, che come ultima gara affronter\u00e0 il <strong>Tour of Guangxi<\/strong> della prossima settimana, ha iniziato la carriera nel 2015 con la Bretagne \u2013 S\u00e9ch\u00e9 Environnement, poi diventata Fortuneo \u2013 Vital Concept e infine Ark\u00e9a-B&amp;B Hotels, squadra dove ha quasi sempre corso a eccezione di una parentesi con la EF nel 2018-2019 e quest\u2019ultimo anno con la formazione neerlandese. In tutto, il classe 1992 ha ottenuto dieci vittorie e ha partecipato a cinque Grandi Giri e a 14 Classiche Monumento.<\/p>\n<p>\u201cChe viaggio \u00e8 stato \u2013 ha scritto McLay sul proprio profilo Instagram \u2013 <strong>Non posso che provare gratitudine per questi 11 anni in cui ho potuto trasformare la mia passione in professione<\/strong>, e ancora di pi\u00f9 per gli amici che ho incontrato lungo il percorso. Grazie a tutte le squadre per cui ho corso, dalle categorie giovanili fino al professionismo. <strong>Un ringraziamento speciale va a Emmanuel Hubert, che mi ha offerto la mia prima opportunit\u00e0 tra i professionisti<\/strong>, in una squadra che ho finito per considerare come la mia casa [\u2026] Non ho idea di cosa mi riserver\u00e0 il futuro, o meglio, ho troppe idee e nessuna decisione, ma <strong>sono entusiasta di ci\u00f2 che verr\u00e0 e sono sicuro che rimarr\u00f2 sempre legato al ciclismo, in un modo o nell\u2019altro<\/strong>. Ma prima, ancora una gara in Cina per chiudere in bellezza\u201d.<\/p>\n<p>Seguici<\/p>\n<p>\t\t\t\t\t\t\t\t\t\t<a href=\"https:\/\/news.google.com\/publications\/CAAqBwgKMNaVhQswhaiCAw?hl=it&amp;gl=IT&amp;ceid=IT%3Ait\" title=\"Google News\" target=\"_blank\" rel=\"nofollow noopener\" class=\"post-followus-btn google-new-btn\"><br \/>\n\t\t\t\t\t\t<img decoding=\"async\" src=\"https:\/\/cyclingpro.net\/spaziociclismo\/wp-content\/themes\/jannah\/assets\/images\/google-news.svg\" alt=\"Google News\" loading=\"lazy\" width=\"120\" height=\"22\"\/><br \/>\n\t\t\t\t\t<\/a><br \/>\n\t\t\t\t\t\t\t\t\t\t<a href=\"https:\/\/flipboard.com\/@SpazioCiclismo\" title=\"Flipboard\" target=\"_blank\" rel=\"nofollow noopener\" class=\"post-followus-btn flipboard-btn\"><br \/>\n\t\t\t\t\t\t<img decoding=\"async\" src=\"https:\/\/cyclingpro.net\/spaziociclismo\/wp-content\/themes\/jannah\/assets\/images\/flipboard.svg\" alt=\"Flipboard\" loading=\"lazy\" width=\"152\" height=\"30\"\/><br \/>\n\t\t\t\t\t<\/a><\/p>\n","protected":false},"excerpt":{"rendered":"\u00a9 Sirotti Daniel McLay non sar\u00e0 pi\u00f9 in gruppo il prossimo anno. Non confermato dalla Visma | Lease&hellip;\n","protected":false},"author":3,"featured_media":159107,"comment_status":"","ping_status":"","sticky":false,"template":"","format":"standard","meta":{"footnotes":""},"categories":[1456],"tags":[1824,1849,1825,34589,1537,90,89,245,244,7821],"class_list":{"0":"post-159106","1":"post","2":"type-post","3":"status-publish","4":"format-standard","5":"has-post-thumbnail","7":"category-ciclismo","8":"tag-ciclismo","9":"tag-ciclomercato-2026","10":"tag-cycling","11":"tag-daniel-mclay","12":"tag-it","13":"tag-italia","14":"tag-italy","15":"tag-sport","16":"tag-sports","17":"tag-team-visma-lease-a-bike-2025"},"share_on_mastodon":{"url":"","error":""},"_links":{"self":[{"href":"https:\/\/www.europesays.com\/it\/wp-json\/wp\/v2\/posts\/159106","targetHints":{"allow":["GET"]}}],"collection":[{"href":"https:\/\/www.europesays.com\/it\/wp-json\/wp\/v2\/posts"}],"about":[{"href":"https:\/\/www.europesays.com\/it\/wp-json\/wp\/v2\/types\/post"}],"author":[{"embeddable":true,"href":"https:\/\/www.europesays.com\/it\/wp-json\/wp\/v2\/users\/3"}],"replies":[{"embeddable":true,"href":"https:\/\/www.europesays.com\/it\/wp-json\/wp\/v2\/comments?post=159106"}],"version-history":[{"count":0,"href":"https:\/\/www.europesays.com\/it\/wp-json\/wp\/v2\/posts\/159106\/revisions"}],"wp:featuredmedia":[{"embeddable":true,"href":"https:\/\/www.europesays.com\/it\/wp-json\/wp\/v2\/media\/159107"}],"wp:attachment":[{"href":"https:\/\/www.europesays.com\/it\/wp-json\/wp\/v2\/media?parent=159106"}],"wp:term":[{"taxonomy":"category","embeddable":true,"href":"https:\/\/www.europesays.com\/it\/wp-json\/wp\/v2\/categories?post=159106"},{"taxonomy":"post_tag","embeddable":true,"href":"https:\/\/www.europesays.com\/it\/wp-json\/wp\/v2\/tags?post=159106"}],"curies":[{"name":"wp","href":"https:\/\/api.w.org\/{rel}","templated":true}]}}