{"id":15912,"date":"2025-07-29T12:17:09","date_gmt":"2025-07-29T12:17:09","guid":{"rendered":"https:\/\/www.europesays.com\/it\/15912\/"},"modified":"2025-07-29T12:17:09","modified_gmt":"2025-07-29T12:17:09","slug":"praia-a-mare-il-sindaco-impone-il-coprifuoco-agli-under-14-il-loro-gioco-e-aggredire-e-fare-danni-troppi-in-giro-con-i-monopattini","status":"publish","type":"post","link":"https:\/\/www.europesays.com\/it\/15912\/","title":{"rendered":"Praia a Mare, il sindaco impone il coprifuoco agli under 14: \u00abIl loro gioco \u00e8 aggredire e fare danni. Troppi in giro con i monopattini\u00bb"},"content":{"rendered":"<p>    di<br \/>\n    Carlo Macr\u00ec<\/p>\n<p class=\"summary-art is-line-h-12\">La decisione presa da Antonino De Lorenzo: a casa da mezzanotte e mezza alle 7 del mattino. Multe di 100 euro per i ragazzini e 250 per i genitori. Il primo cittadino: \u00abPronto a revocarla se le famiglie fanno il loro dovere\u00bb<\/p>\n<p class=\"chapter-paragraph\"><b>Praia a Mare (Cosenza)<\/b>\u00a0 Coprifuoco per\u00a0 ragazzini dai 14 anni in gi\u00f9 a Praa a Mare, Cosenza.\u00a0<b>Un\u2019ordinanza del sindaco Antonino De Lorenzo vieta ai giovanissimi di uscire da mezzanotte e mezza alle 7 del mattino: pena una multa di 100 euro per i ragazzini e di 250 euro per i genitori o per chi ne esercita la vigilanza.<\/b> La multa aumenta del 50% in caso di recidiva e pu\u00f2 portare anche alla sospensione dei minori dagli eventi pubblici organizzati dal Comune. A vigilare saranno gli agenti della Polizia locale e i carabinieri.<br \/>\u00abUn atto dovuto\u00a0\u2014 spiega il sindaco Antonino De Lorenzo \u2014 legato ai problemi di sicurezza\u00bb.\u00a0<\/p>\n<p class=\"chapter-paragraph\">Nella cittadina rivierasca del Tirreno cosentino, nota per l\u2019isola di Dino che si staglia di fronte all\u2019abitato praiese, le notti sono diventate un vero incubo per i residenti. I cittadini di Praia sono costretti a subire schiamazzi notturni, liti tra giovanissimi spesso sotto l\u2019effetti di alcol e droga.\u00a0\u00ab<b>\u00c8 l\u2019ordinanza della  discordia e dell\u2019essenzialit\u00e0\u00a0\u2014 ripete il primo cittadino \u2014<\/b>. Sono pronto a revocarla se solo i genitori facessero per intero il loro dovere. Noi l\u2019abbiamo pensata e attuata per proteggere i 14enni che girano in maniera incontrollata per tutta la notte cercando di aggredire i loro coetanei o arrecare danno alle strutture balneari. Sembra che sia il loro gioco preferito\u00bb afferma il primo cittadino.    &#13;<br \/>\n&#13;<br \/>\n&#13;<br \/>\n&#13;<br \/>\n&#13;<br \/>\n&#13;<br \/>\n&#13;<br \/>\n&#13;<br \/>\n&#13;<br \/>\n&#13;<br \/>\n&#13;<br \/>\n&#13;<br \/>\n&#13;<br \/>\n&#13;<br \/>\n&#13;<br \/>\n&#13;<br \/>\n&#13;<br \/>\n&#13;<br \/>\n&#13;<br \/>\n&#13;<br \/>\n&#13;<br \/>\n&#13;<br \/>\n&#13;<br \/>\n&#13;<br \/>\n&#13;<br \/>\n&#13;<br \/>\n&#13;<br \/>\n&#13;<br \/>\n&#13;<br \/>\n&#13;<br \/>\n&#13;<br \/>\n&#13;<br \/>\n&#13;<br \/>\n&#13;<br \/>\n&#13;<br \/>\n&#13;<br \/>\n&#13;<br \/>\n&#13;<br \/>\n&#13;<br \/>\n&#13;<br \/>\n&#13;<br \/>\n&#13;<br \/>\n&#13;<br \/>\n&#13;<br \/>\n&#13;<br \/>\n&#13;<br \/>\n&#13;<br \/>\n&#13;<br \/>\n&#13;<br \/>\n&#13;<br \/>\n&#13;<br \/>\n&#13;<br \/>\n&#13;\n<\/p>\n<p class=\"chapter-paragraph\">L\u2019ordinanza sar\u00e0 in vigore sino a fine settembre quando la cittadina del Tirreno, ritorner\u00e0 ad essere \u00aboccupata\u00bb solo dai residenti. \u00abI pi\u00f9 scalmanati sono i figli dei vacanzieri\u00bb sostiene il sindaco. Alcuni giorni prima di emettere l\u2019ordinanza, un ragazzino \u00e8 stato aggredito da un branco di adolescenti e si \u00e8 salvato solo perch\u00e9 \u00e8 riuscito a rifugiarsi in un locale. <b>Il sindaco di Praia ha avuto un colloquio telefonico con la prefetta di Cosenza, Rosa Maria Padovano, alla quale ha riferito di essere pronto a revocare l\u2019ordinanza solo se ci saranno da parte della prefettura atti concreti per arginare il fenomeno<\/b>. \u00abQuesta ordinanza ci costa cara perch\u00e9 significa aumentare i turni della polizia locale e, inoltre, abbiamo dovuto assumere dei vigilantes \u2014 dice il sindaco \u2014. Abbiamo bisogno di pi\u00f9 forze di polizia per controllare il territorio\u00bb.<br \/>\u00a0<br \/>Sulla decisione del primo cittadino di Praia a Mare la cittadinanza si sarebbe trovata d\u2019accordo. <b>\u00abIl 99% ha applaudito all\u2019iniziativa, mentre l\u20191% ha detto che sono un fascista.<\/b> Ho agito esclusivamente per mantenere alto il buon nome di Praia, cittadina civile e tranquilla. Ripeto \u00e8 un atto preventivo, non possiamo subire queste azioni, perch\u00e9 Praia \u00e8 sinonimo di buone vacanze e disciplina\u00bb ammonisce il sindaco. Al momento, per le prime tre nott, l&#8217;iniziativa sembra aver limitato i rumori molesti e le bravate notturne.\u00a0<\/p>\n<p class=\"is-last-update\" datetime=\"2025-07-29T13:30:01+02:00\">29 luglio 2025<\/p>\n<p class=\"is-copyright\">\n            \u00a9 RIPRODUZIONE RISERVATA\n        <\/p>\n","protected":false},"excerpt":{"rendered":"di Carlo Macr\u00ec La decisione presa da Antonino De Lorenzo: a casa da mezzanotte e mezza alle 7&hellip;\n","protected":false},"author":3,"featured_media":15913,"comment_status":"","ping_status":"","sticky":false,"template":"","format":"standard","meta":{"footnotes":"","_share_on_mastodon":"0"},"categories":[79],"tags":[18880,18874,18875,18876,1026,7078,2414,18881,18882,18883,17050,14,93,94,277,18877,1368,26,1907,724,18884,2753,2024,18885,6402,1537,90,89,695,3417,2050,18886,7,15,12849,531,18873,18878,1917,18879,19,11,84,91,12,85,92],"class_list":["post-15912","post","type-post","status-publish","format-standard","has-post-thumbnail","category-italia","tag-aggredire","tag-antonino","tag-antonino-de","tag-antonino-de-lorenzo","tag-atto","tag-cittadina","tag-cittadino","tag-cittadino-pronto","tag-cittadino-pronto-revocarla","tag-coprifuoco","tag-cosenza","tag-cronaca","tag-cronaca-italiana","tag-cronacaitaliana","tag-de","tag-de-lorenzo","tag-decisione","tag-dovere","tag-dovuto","tag-euro","tag-euro-ragazzini","tag-genitori","tag-gioco","tag-giovanissimi","tag-iniziativa","tag-it","tag-italia","tag-italy","tag-locale","tag-lorenzo","tag-mare","tag-mare-cosenza","tag-news","tag-notizie","tag-ordinanza","tag-polizia","tag-praia","tag-praia-mare","tag-pronto","tag-ragazzini","tag-sindaco","tag-ultime-notizie","tag-ultime-notizie-e-news-di-oggi","tag-ultime-notizie-italia","tag-ultimenotizie","tag-ultimenotizieenewsdioggi","tag-ultimenotizieitalia"],"share_on_mastodon":{"url":"","error":""},"_links":{"self":[{"href":"https:\/\/www.europesays.com\/it\/wp-json\/wp\/v2\/posts\/15912","targetHints":{"allow":["GET"]}}],"collection":[{"href":"https:\/\/www.europesays.com\/it\/wp-json\/wp\/v2\/posts"}],"about":[{"href":"https:\/\/www.europesays.com\/it\/wp-json\/wp\/v2\/types\/post"}],"author":[{"embeddable":true,"href":"https:\/\/www.europesays.com\/it\/wp-json\/wp\/v2\/users\/3"}],"replies":[{"embeddable":true,"href":"https:\/\/www.europesays.com\/it\/wp-json\/wp\/v2\/comments?post=15912"}],"version-history":[{"count":0,"href":"https:\/\/www.europesays.com\/it\/wp-json\/wp\/v2\/posts\/15912\/revisions"}],"wp:featuredmedia":[{"embeddable":true,"href":"https:\/\/www.europesays.com\/it\/wp-json\/wp\/v2\/media\/15913"}],"wp:attachment":[{"href":"https:\/\/www.europesays.com\/it\/wp-json\/wp\/v2\/media?parent=15912"}],"wp:term":[{"taxonomy":"category","embeddable":true,"href":"https:\/\/www.europesays.com\/it\/wp-json\/wp\/v2\/categories?post=15912"},{"taxonomy":"post_tag","embeddable":true,"href":"https:\/\/www.europesays.com\/it\/wp-json\/wp\/v2\/tags?post=15912"}],"curies":[{"name":"wp","href":"https:\/\/api.w.org\/{rel}","templated":true}]}}