{"id":159317,"date":"2025-10-11T15:27:11","date_gmt":"2025-10-11T15:27:11","guid":{"rendered":"https:\/\/www.europesays.com\/it\/159317\/"},"modified":"2025-10-11T15:27:11","modified_gmt":"2025-10-11T15:27:11","slug":"difesa-si-aggiunge-un-nome-nuovo-grande-inizio-rivelazione-in-a","status":"publish","type":"post","link":"https:\/\/www.europesays.com\/it\/159317\/","title":{"rendered":"Difesa, si aggiunge un nome nuovo: &#8220;Grande inizio, rivelazione in A&#8221;"},"content":{"rendered":"<p>C&#8217;\u00e8 un nome nuovo che si aggiunge alla lista dell&#8217;Inter per la difesa in vista del prossimo mercato: ecco il profilo nel mirino dei nerazzurri<\/p>\n<p>C&#8217;\u00e8 un nome nuovo che si aggiunge alla lista dell&#8217;Inter per la difesa in vista del prossimo mercato. A riferirlo \u00e8 Niccol\u00f2 Ceccarini nel suo editoriale per TMW:<\/p>\n<p>&#8220;Anche il ruolo del difensore centrale \u00e8 un altro obiettivo per l\u2019anno prossimo. Tra le tante opzioni si \u00e8 aggiunta quella di Tarik Muharemovic. Il 22enne centrale bosniaco del Sassuolo ha cominciato alla grande risultando una delle rivelazioni di questa prime 6 giornate di campionato&#8221;. <\/p>\n<p>&#8220;I rapporti tra le due societ\u00e0 sono ottimi come dimostrano anche le operazioni del recente passato, su tutte Frattesi. Il discorso \u00e8 molto potenziale ma l\u2019interesse \u00e8 forte. Su di lui la Juventus si \u00e8 assicurata il 50% sulla futura rivendita&#8221;.<\/p>\n<p class=\"is-copyright\">\u00a9 RIPRODUZIONE RISERVATA<\/p>\n","protected":false},"excerpt":{"rendered":"C&#8217;\u00e8 un nome nuovo che si aggiunge alla lista dell&#8217;Inter per la difesa in vista del prossimo mercato:&hellip;\n","protected":false},"author":3,"featured_media":159318,"comment_status":"","ping_status":"","sticky":false,"template":"","format":"standard","meta":{"footnotes":""},"categories":[1452],"tags":[1237,98301,98302,721,925,767,1740,350,1537,90,89,1693,4262,1739,245,244],"class_list":{"0":"post-159317","1":"post","2":"type-post","3":"status-publish","4":"format-standard","5":"has-post-thumbnail","7":"category-calcio","8":"tag-aggiunge","9":"tag-aggiunge-lista","10":"tag-aggiunge-lista-inter","11":"tag-calcio","12":"tag-centrale","13":"tag-difesa","14":"tag-football","15":"tag-inter","16":"tag-it","17":"tag-italia","18":"tag-italy","19":"tag-nome","20":"tag-prossimo","21":"tag-soccer","22":"tag-sport","23":"tag-sports"},"share_on_mastodon":{"url":"","error":""},"_links":{"self":[{"href":"https:\/\/www.europesays.com\/it\/wp-json\/wp\/v2\/posts\/159317","targetHints":{"allow":["GET"]}}],"collection":[{"href":"https:\/\/www.europesays.com\/it\/wp-json\/wp\/v2\/posts"}],"about":[{"href":"https:\/\/www.europesays.com\/it\/wp-json\/wp\/v2\/types\/post"}],"author":[{"embeddable":true,"href":"https:\/\/www.europesays.com\/it\/wp-json\/wp\/v2\/users\/3"}],"replies":[{"embeddable":true,"href":"https:\/\/www.europesays.com\/it\/wp-json\/wp\/v2\/comments?post=159317"}],"version-history":[{"count":0,"href":"https:\/\/www.europesays.com\/it\/wp-json\/wp\/v2\/posts\/159317\/revisions"}],"wp:featuredmedia":[{"embeddable":true,"href":"https:\/\/www.europesays.com\/it\/wp-json\/wp\/v2\/media\/159318"}],"wp:attachment":[{"href":"https:\/\/www.europesays.com\/it\/wp-json\/wp\/v2\/media?parent=159317"}],"wp:term":[{"taxonomy":"category","embeddable":true,"href":"https:\/\/www.europesays.com\/it\/wp-json\/wp\/v2\/categories?post=159317"},{"taxonomy":"post_tag","embeddable":true,"href":"https:\/\/www.europesays.com\/it\/wp-json\/wp\/v2\/tags?post=159317"}],"curies":[{"name":"wp","href":"https:\/\/api.w.org\/{rel}","templated":true}]}}