{"id":159418,"date":"2025-10-11T16:53:14","date_gmt":"2025-10-11T16:53:14","guid":{"rendered":"https:\/\/www.europesays.com\/it\/159418\/"},"modified":"2025-10-11T16:53:14","modified_gmt":"2025-10-11T16:53:14","slug":"riprese-sulla-costa-ravennate-per-il-nuovo-videoclip-di-pia-tuccitto-e-inutile-parlare","status":"publish","type":"post","link":"https:\/\/www.europesays.com\/it\/159418\/","title":{"rendered":"Riprese sulla costa ravennate per il nuovo videoclip di Pia Tuccitto: &#8220;\u00c8 inutile parlare&#8221;"},"content":{"rendered":"<p>\u00c8 uscito il brano &#8220;\u00c8 inutile parlare&#8221;, il nuovo singolo della cantautrice Pia Tuccitto. &#8220;\u00c8 inutile parlare&#8221; \u00e8 la descrizione dell\u2019amore che passa all\u2019inizio nell\u2019attesa della persona amata \u201c\u2026entrerai nella mia stanza ed io sono l\u00ec che aspetto\u2026\u201d e poi arriva all\u2019intreccio di due corpi che attraverso la pelle e la bocca si scambiano quel sentimento.<\/p>\n<p>Il videoclip della canzone \u00e8 stato girato a Marina Romea e al Bagno Singita di Marina di Ravenna, con alcuni estratti tratti dal documentario \u201cL\u2019uomo di Aran\u201d di Robert J. Flaherty, scelti dal regista Fabio Fiandrini. Ma non \u00e8 l&#8217;unico legame della cantante con il Ravennate: Pia Tuccitto ha infatti curato la colonna sonora del docufilm \u201cI Bovolenta\u201d, presentato al Giffoni Film Festival.<\/p>\n<p>Pia Tuccitto, cantautrice rock, nel \u201893 ha iniziato la sua carriera nel team di Vasco Rossi, con il quale ha trascorso 15 anni durante i quali hanno condiviso i palchi dei pi\u00f9 importanti eventi live (3 edizioni dell\u2019Heineken Jammin\u2019 Festival, Rock R\u2019evolution e supporter ai tour di Vasco). Tra la sua vasta produzione, alcune canzoni sono state interpretate da grandi artisti come Patty Pravo, Irene Grandi e lo stesso Vasco. Ha tre album all\u2019attivo: \u201cUn segreto che\u201d, \u201cUrlo\u201d e \u201cRomantica io\u201d e svariati singoli. Negli ultimi anni, oltre alla musica, si \u00e8 dedicata a diversi progetti nell\u2019ambito dell\u2019arte, della fotografia e del teatro, proponendo con successo lo spettacolo ioelei in collaborazione con Federica Lisi Bovolenta. I brani Cento e 1000 lacrime, Ora puoi volare, W la Libert\u00e0 Feat Augusta Melisi, Un aiuto speciale Feat. Rosy Velasco, Le corna in testa e il singolo \u00c8 inutile parlare apriranno la strada ad una serie di nuove uscite prima del doppio album di Pia Tuccitto.<\/p>\n","protected":false},"excerpt":{"rendered":"\u00c8 uscito il brano &#8220;\u00c8 inutile parlare&#8221;, il nuovo singolo della cantautrice Pia Tuccitto. &#8220;\u00c8 inutile parlare&#8221; \u00e8&hellip;\n","protected":false},"author":3,"featured_media":159419,"comment_status":"","ping_status":"","sticky":false,"template":"","format":"standard","meta":{"footnotes":""},"categories":[1443],"tags":[1679,203,204,1537,90,89,1538,1539,19133],"class_list":{"0":"post-159418","1":"post","2":"type-post","3":"status-publish","4":"format-standard","5":"has-post-thumbnail","7":"category-musica","8":"tag-curiosita","9":"tag-entertainment","10":"tag-intrattenimento","11":"tag-it","12":"tag-italia","13":"tag-italy","14":"tag-music","15":"tag-musica","16":"tag-videoclip"},"share_on_mastodon":{"url":"","error":""},"_links":{"self":[{"href":"https:\/\/www.europesays.com\/it\/wp-json\/wp\/v2\/posts\/159418","targetHints":{"allow":["GET"]}}],"collection":[{"href":"https:\/\/www.europesays.com\/it\/wp-json\/wp\/v2\/posts"}],"about":[{"href":"https:\/\/www.europesays.com\/it\/wp-json\/wp\/v2\/types\/post"}],"author":[{"embeddable":true,"href":"https:\/\/www.europesays.com\/it\/wp-json\/wp\/v2\/users\/3"}],"replies":[{"embeddable":true,"href":"https:\/\/www.europesays.com\/it\/wp-json\/wp\/v2\/comments?post=159418"}],"version-history":[{"count":0,"href":"https:\/\/www.europesays.com\/it\/wp-json\/wp\/v2\/posts\/159418\/revisions"}],"wp:featuredmedia":[{"embeddable":true,"href":"https:\/\/www.europesays.com\/it\/wp-json\/wp\/v2\/media\/159419"}],"wp:attachment":[{"href":"https:\/\/www.europesays.com\/it\/wp-json\/wp\/v2\/media?parent=159418"}],"wp:term":[{"taxonomy":"category","embeddable":true,"href":"https:\/\/www.europesays.com\/it\/wp-json\/wp\/v2\/categories?post=159418"},{"taxonomy":"post_tag","embeddable":true,"href":"https:\/\/www.europesays.com\/it\/wp-json\/wp\/v2\/tags?post=159418"}],"curies":[{"name":"wp","href":"https:\/\/api.w.org\/{rel}","templated":true}]}}