{"id":159450,"date":"2025-10-11T17:20:24","date_gmt":"2025-10-11T17:20:24","guid":{"rendered":"https:\/\/www.europesays.com\/it\/159450\/"},"modified":"2025-10-11T17:20:24","modified_gmt":"2025-10-11T17:20:24","slug":"dalla-ragazza-di-carcare-alla-tigre-sul-letto-annalisa-va-a-fuoco-nel-nuovo-album","status":"publish","type":"post","link":"https:\/\/www.europesays.com\/it\/159450\/","title":{"rendered":"Dalla ragazza di Carcare alla tigre sul letto: Annalisa va &#8220;a fuoco&#8221; nel nuovo album"},"content":{"rendered":"<p data-start=\"89\" data-end=\"438\">Undici brani, tra cui la hit estiva\u00a0&#8220;<strong>Maschio<\/strong>&#8221; e l\u2019ultimo singolo &#8220;<strong>Piazza San Marco<\/strong>&#8221; con <strong>Marco Mengoni<\/strong>. \u00c8 uscito allo scoccare della mezzanotte di mercoled\u00ec l<strong>\u2019ultimo album di Annalisa<\/strong>. In &#8220;Ma io sono fuoco&#8221; coesistono il pop contemporaneo e le sonorit\u00e0 anni \u201980 con quegli elementi elettronici che portano tutto a un\u2019atmosfera pi\u00f9 internazionale.<\/p>\n<p data-start=\"440\" data-end=\"967\">Lo aveva annunciato da tempo, svelando pian piano prima l\u2019immagine di copertina: una novella Giovanna d\u2019Arco sul letto che prende fuoco e dove, in un intricato sistema di rimandi simbolici, spunta anche una tigre da dietro il letto. Il richiamo a \u00abnon sono una santa\u00bb e al senso di rinascita fa da tema centrale in molti dei nuovi pezzi. Si parte dall\u2019elemento maschile, l\u2019uomo \u201cesibizionista\u201d in chiave anche ironica, per poi arrivare verso la fine alla \u201ccarezza\u201d di un brano come &#8220;Amica&#8221; e alla trasformazione di &#8220;Io sono&#8221;.<\/p>\n<blockquote class=\"instagram-media\" data-instgrm-captioned=\"\" data-instgrm-permalink=\"https:\/\/www.instagram.com\/p\/DOYXXOBDD1T\/?utm_source=ig_embed&amp;utm_campaign=loading\" data-instgrm-version=\"14\" style=\"background: #FFF; border: 0; border-radius: 3px; box-shadow: 0 0 1px 0 rgba(0,0,0,0.5),0 1px 10px 0 rgba(0,0,0,0.15); margin: 1px; max-width: 540px; min-width: 326px; padding: 0; width: calc(100% - 2px);\"><p>&#13;<br \/>\n&#13;\n<\/p><\/blockquote>\n<p>Ma io sono fuoco, la playlist<\/p>\n<ol>&#13;<\/p>\n<li data-start=\"969\" data-end=\"1217\">Dipende<\/li>\n<p>&#13;<\/p>\n<li data-start=\"969\" data-end=\"1217\">Piazza San Marco (ft. Marco Mengoni)<\/li>\n<p>&#13;<\/p>\n<li data-start=\"969\" data-end=\"1217\">Delusa<\/li>\n<p>&#13;<\/p>\n<li data-start=\"969\" data-end=\"1217\">Esibizionista<\/li>\n<p>&#13;<\/p>\n<li data-start=\"969\" data-end=\"1217\">Maschio<\/li>\n<p>&#13;<\/p>\n<li data-start=\"969\" data-end=\"1217\">Avvelenata (ft. Paolo Santo)<\/li>\n<p>&#13;<\/p>\n<li data-start=\"969\" data-end=\"1217\">Emanuela<\/li>\n<p>&#13;<\/p>\n<li data-start=\"969\" data-end=\"1217\">Chiodi<\/li>\n<p>&#13;<\/p>\n<li data-start=\"969\" data-end=\"1217\">Io sono<\/li>\n<p>&#13;<\/p>\n<li data-start=\"969\" data-end=\"1217\">Amica<\/li>\n<p>&#13;<\/p>\n<li data-start=\"969\" data-end=\"1217\">Una tigre sul letto continua a parlarmi<\/li>\n<p>&#13;\n<\/ol>\n<p>    <a href=\"https:\/\/unionemonregalese.it\/news\/territorio\/301028\/io-sono-fuoco-se-annalisa-va-oltre-il-tormentone-estivo.html\" class=\"vc_cont_image\" rel=\"nofollow noopener\" target=\"_blank\"><img decoding=\"async\" class=\"vc_image\" src=\"https:\/\/unionemonregalese.it\/resizer\/150\/-1\/true\/2025_07_31\/2025-07-31_11_42_47_2024-02-annalisa-web-jpg-1753955141410.jpg--_io_sono_fuoco___se_annalisa_va_oltre_il_tormentone_estivo.jpg?1753955142525\"\/><\/a><\/p>\n<p>L\u2019eterna ragazza di Carcare<\/p>\n<p data-start=\"1219\" data-end=\"1366\">Annalisa \u00e8 l\u2019eterna ragazza degli anni \u201980 di Carcare, che ha per\u00f2 da pochissimo tagliato il traguardo dei 40 anni.<\/p>\n<blockquote><p>&#13;<\/p>\n<p data-start=\"1368\" data-end=\"1620\">\u00abGli &#8220;anta&#8221; \u2013 dice \u2013 spaventano sempre un po\u2019 e cerco di non dare troppo peso a quello che \u00e8 gi\u00e0 andato. Non ho bisogno di creare dei periodi, dei filoni: non voglio chiudere i periodi in scatole. Per\u00f2, ecco, s\u00ec, i 40 un po\u2019 di fastidio me lo danno\u00bb.<\/p>\n<p>&#13;<\/p>\n<p data-start=\"1622\" data-end=\"2032\">\u00abLa musica italiana mi piace da morire: pop e cantautorato fanno parte delle mie radici, mi piace dichiarare in quello che faccio che sono cresciuta con quel mondo musicale. Sono una ragazza degli anni \u201980 e il riferimento \u00e8 venuto naturale, gi\u00e0 con &#8220;E poi siamo finiti nel vortice&#8221; ero andata verso quelle sonorit\u00e0 elettropop, ma sempre con attenzione alla cura del testo, tipica della tradizione italiana\u00bb.<\/p>\n<p>&#13;<\/p>\n<p data-start=\"2034\" data-end=\"2366\">\u00abUn po\u2019 pi\u00f9 di una suggestione, perch\u00e9 crescendo scopri cose nuove e, cantando dal vivo, mi si sono aperte nuove sonorit\u00e0 in gola, pi\u00f9 profonde. &#8220;Amica&#8221; \u00e8 il brano che racchiude un po\u2019 tutto il senso del disco: mettere in chiaro delle cose anche scomode, senza peli sulla lingua. E cercare una soluzione, scoprire una cosa nuova\u00bb.<\/p>\n<p>&#13;\n<\/p><\/blockquote>\n<p>    <a href=\"https:\/\/unionemonregalese.it\/news\/tendenza\/302787\/annalisa-brinda-con-marco-mengoni-19-volte-da-record.html\" class=\"vc_cont_image\" rel=\"nofollow noopener\" target=\"_blank\"><img decoding=\"async\" class=\"vc_image\" src=\"https:\/\/unionemonregalese.it\/resizer\/150\/-1\/true\/2025_09_26\/Copia_di_Progetto_senza_titolo_%286%29-1758896215888.jpg--annalisa_brinda_con_marco_mengoni__19_volte_da_record.jpg?1758896216002\"\/><\/a><\/p>\n<p data-start=\"2368\" data-end=\"2508\">A partire dal 15 novembre parte il tour nei palazzetti. E sugli stadi, come ormai fanno colleghe e colleghi, ai microfoni dell\u2019Ansa frena.<\/p>\n<blockquote><p>&#13;<\/p>\n<p data-start=\"2510\" data-end=\"2726\">\u00abNon la considero una tappa obbligata. Certo, \u00e8 una bellissima possibilit\u00e0 per portare la tua musica a tante persone in un luogo simbolico. Mi piacerebbe, ma dipende dai progetti che hai, da come evolvono le cose\u00bb.<\/p>\n<p>&#13;\n<\/p><\/blockquote>\n<p>    <a href=\"https:\/\/unionemonregalese.it\/news\/abbonati\/169028\/bianco-il-pane-rosso-il-vino-l-inno-della-carcarese-composto-da-annalisa.html\" class=\"vc_cont_image\" rel=\"nofollow noopener\" target=\"_blank\"><img decoding=\"async\" class=\"vc_image\" src=\"https:\/\/unionemonregalese.it\/resizer\/150\/-1\/true\/2024\/02\/154645764_4558095097537502_316306756184718365_n.jpg--154645764_4558095097537502_316306756184718365_n.jpg\"\/><\/a><\/p>\n<blockquote><p>&#13;<\/p>\n<p data-start=\"2728\" data-end=\"3315\">E sul Festival di Sanremo? \u00abNon \u00e8 nei piani. Non in questo momento. Magari ne riparliamo per il 2027: \u00e8 sempre una piazza pazzesca. Non nascondiamoci: tutti gli anni valuti se si inserisce nel percorso che stai facendo. La pressione? La sensazione \u00e8 quella di voler andare avanti e non tornare indietro, dopo che hai ottenuto tanto. Non \u00e8 facile. Anche perch\u00e9 io sento pressione per qualunque cosa: quando faccio un video, quando esce il pezzo, quando devo mettere su uno spettacolo, anche per le foto, sono fatta cos\u00ec. Ci tengo tanto a quello che faccio, a prescindere dai risultati\u00bb.<\/p>\n<p>&#13;\n<\/p><\/blockquote>\n<p>\t\t\t<script async src=\"\/\/www.instagram.com\/embed.js\"><\/script><\/p>\n","protected":false},"excerpt":{"rendered":"Undici brani, tra cui la hit estiva\u00a0&#8220;Maschio&#8221; e l\u2019ultimo singolo &#8220;Piazza San Marco&#8221; con Marco Mengoni. \u00c8 uscito&hellip;\n","protected":false},"author":3,"featured_media":159451,"comment_status":"","ping_status":"","sticky":false,"template":"","format":"standard","meta":{"footnotes":""},"categories":[1443],"tags":[463,22196,203,204,1537,90,89,97463,10391,1538,1539,11220,11378],"class_list":{"0":"post-159450","1":"post","2":"type-post","3":"status-publish","4":"format-standard","5":"has-post-thumbnail","7":"category-musica","8":"tag-annalisa","9":"tag-carcare","10":"tag-entertainment","11":"tag-intrattenimento","12":"tag-it","13":"tag-italia","14":"tag-italy","15":"tag-ma-io-sono-fuoco","16":"tag-marco-mengoni","17":"tag-music","18":"tag-musica","19":"tag-pop","20":"tag-savona"},"share_on_mastodon":{"url":"","error":""},"_links":{"self":[{"href":"https:\/\/www.europesays.com\/it\/wp-json\/wp\/v2\/posts\/159450","targetHints":{"allow":["GET"]}}],"collection":[{"href":"https:\/\/www.europesays.com\/it\/wp-json\/wp\/v2\/posts"}],"about":[{"href":"https:\/\/www.europesays.com\/it\/wp-json\/wp\/v2\/types\/post"}],"author":[{"embeddable":true,"href":"https:\/\/www.europesays.com\/it\/wp-json\/wp\/v2\/users\/3"}],"replies":[{"embeddable":true,"href":"https:\/\/www.europesays.com\/it\/wp-json\/wp\/v2\/comments?post=159450"}],"version-history":[{"count":0,"href":"https:\/\/www.europesays.com\/it\/wp-json\/wp\/v2\/posts\/159450\/revisions"}],"wp:featuredmedia":[{"embeddable":true,"href":"https:\/\/www.europesays.com\/it\/wp-json\/wp\/v2\/media\/159451"}],"wp:attachment":[{"href":"https:\/\/www.europesays.com\/it\/wp-json\/wp\/v2\/media?parent=159450"}],"wp:term":[{"taxonomy":"category","embeddable":true,"href":"https:\/\/www.europesays.com\/it\/wp-json\/wp\/v2\/categories?post=159450"},{"taxonomy":"post_tag","embeddable":true,"href":"https:\/\/www.europesays.com\/it\/wp-json\/wp\/v2\/tags?post=159450"}],"curies":[{"name":"wp","href":"https:\/\/api.w.org\/{rel}","templated":true}]}}