{"id":159505,"date":"2025-10-11T18:07:14","date_gmt":"2025-10-11T18:07:14","guid":{"rendered":"https:\/\/www.europesays.com\/it\/159505\/"},"modified":"2025-10-11T18:07:14","modified_gmt":"2025-10-11T18:07:14","slug":"verstappen-in-pole-nellinseguimento-della-chimera","status":"publish","type":"post","link":"https:\/\/www.europesays.com\/it\/159505\/","title":{"rendered":"Verstappen in pole nell\u2019inseguimento della Chimera"},"content":{"rendered":"<p style=\"text-align:justify;\">Sar\u00e0 Max Verstappen a partire dalla pole position nell\u2019inseguimento alla Chimera, il trofeo del Gran Premio d\u2019Italia. Del resto, In pi\u00f9 della met\u00e0 delle occasioni, il successo a Monza \u00e8 andato a chi \u00e8 partito dalla prima fila: 25 volte \u00e8 arriso a chi si \u00e8 schierato in pole position, 14 a chi era accanto al poleman. La posizione pi\u00f9 bassa in griglia di un vincitore \u00e8 la numero 11: da l\u00ec part\u00ec Peter Gethin con la sua BRM per conquistare il successo in un\u2019edizione, quella del 1971, passata alla storia per il margine pi\u00f9 ridotto (un centesimo di secondo) fra il primo e il secondo classificato, Ronnie Peterson (peraltro, tutti i primi cinque passarono sotto la bandiera scacchi nell\u2019arco di 61 centesimi).<\/p>\n<p style=\"text-align:justify;\">Il Pirelli Pole Position Award \u00e8 stato consegnato al quattro volte campione del mondo dall\u2019artista italiano Nico Vascellari, autore di \u201cChimera\u201d. Le opere di Vascellari sono presenti in importanti collezioni private e museali tra cui il MAXXI di Roma, il Museion di Bolzano e il Museo del \u2018900 di Milano.<\/p>\n<p style=\"text-align:justify;\">Quella di oggi \u00e8 la pole numero 45 nella carriera di Max, la seconda qui a Monza dopo quella del 2021. Il tempo di oggi, 1\u201918\u201d792, non \u00e8 soltanto il primato del circuito ma rappresenta anche la pole position con la velocit\u00e0 media pi\u00f9 elevata (264,423 km\/h) nella storia della Formula 1, ribadendo cos\u00ec la nomea dell\u2019Autodromo come il Tempio della Velocit\u00e0.<\/p>\n<p style=\"text-align:justify;\">Accanto a Verstappen partir\u00e0 la McLaren di Lando Norris (1\u201918\u201d869), anch\u2019egli in grado di scendere sotto il precedente primato della pista, posseduto da Lewis Hamilton (1\u201918\u201d887 nel 2020). In seconda fila ci saranno il leader della classifica Piloti Oscar Piastri (McLaren) col tempo di 1\u201918\u201d982 e il vincitore dell\u2019ultima edizione, il ferrarista Charles Leclerc (1\u201919\u201d007).<\/p>\n<p>                        &#8216;;<\/p>\n","protected":false},"excerpt":{"rendered":"Sar\u00e0 Max Verstappen a partire dalla pole position nell\u2019inseguimento alla Chimera, il trofeo del Gran Premio d\u2019Italia. Del&hellip;\n","protected":false},"author":3,"featured_media":159506,"comment_status":"","ping_status":"","sticky":false,"template":"","format":"standard","meta":{"footnotes":""},"categories":[1454],"tags":[10126,98410,8025,1770,683,1771,1537,90,89,7,8027,245,244],"class_list":{"0":"post-159505","1":"post","2":"type-post","3":"status-publish","4":"format-standard","5":"has-post-thumbnail","7":"category-f1","8":"tag-2025-infographics","9":"tag-2025-italian-grand-prix","10":"tag-2025-season","11":"tag-f1","12":"tag-formula-1","13":"tag-formula1","14":"tag-it","15":"tag-italia","16":"tag-italy","17":"tag-news","18":"tag-pirelli","19":"tag-sport","20":"tag-sports"},"share_on_mastodon":{"url":"","error":""},"_links":{"self":[{"href":"https:\/\/www.europesays.com\/it\/wp-json\/wp\/v2\/posts\/159505","targetHints":{"allow":["GET"]}}],"collection":[{"href":"https:\/\/www.europesays.com\/it\/wp-json\/wp\/v2\/posts"}],"about":[{"href":"https:\/\/www.europesays.com\/it\/wp-json\/wp\/v2\/types\/post"}],"author":[{"embeddable":true,"href":"https:\/\/www.europesays.com\/it\/wp-json\/wp\/v2\/users\/3"}],"replies":[{"embeddable":true,"href":"https:\/\/www.europesays.com\/it\/wp-json\/wp\/v2\/comments?post=159505"}],"version-history":[{"count":0,"href":"https:\/\/www.europesays.com\/it\/wp-json\/wp\/v2\/posts\/159505\/revisions"}],"wp:featuredmedia":[{"embeddable":true,"href":"https:\/\/www.europesays.com\/it\/wp-json\/wp\/v2\/media\/159506"}],"wp:attachment":[{"href":"https:\/\/www.europesays.com\/it\/wp-json\/wp\/v2\/media?parent=159505"}],"wp:term":[{"taxonomy":"category","embeddable":true,"href":"https:\/\/www.europesays.com\/it\/wp-json\/wp\/v2\/categories?post=159505"},{"taxonomy":"post_tag","embeddable":true,"href":"https:\/\/www.europesays.com\/it\/wp-json\/wp\/v2\/tags?post=159505"}],"curies":[{"name":"wp","href":"https:\/\/api.w.org\/{rel}","templated":true}]}}