{"id":159511,"date":"2025-10-11T18:12:16","date_gmt":"2025-10-11T18:12:16","guid":{"rendered":"https:\/\/www.europesays.com\/it\/159511\/"},"modified":"2025-10-11T18:12:16","modified_gmt":"2025-10-11T18:12:16","slug":"libro-sul-cantico-delle-creature-presentazioni-in-lombardia-diocesi-di-assisi-nocera-umbra-gualdo-tadino","status":"publish","type":"post","link":"https:\/\/www.europesays.com\/it\/159511\/","title":{"rendered":"LIBRO SUL CANTICO DELLE CREATURE, PRESENTAZIONI IN LOMBARDIA \u2013 Diocesi di Assisi \u2013 Nocera Umbra \u2013 Gualdo Tadino"},"content":{"rendered":"<p style=\"text-align: justify;\"><strong>ASSISI \u2013<\/strong> Sar\u00e0 presentato a Milano, il 13 e il 14 ottobre prossimi il nuovo libro del vescovo di Assisi \u2013 Nocera Umbra \u2013 Gualdo Tadino e di Foligno, monsignor Domenico Sorrentino, intitolato Il cuore nascosto del Cantico, da sora Morte a Frate Sole, san Francesco e le strofe del vescovado, edito da Mondadori. La prima presentazione si terr\u00e0 alle ore 16 nella chiesa ospedaliera San Gerardo dei Tintori a Monza. Dopo i saluti di Claudio Cogliati, presidente della Fondazione Irccs San Gerardo dei Tintori, di don Riccardo Brena, parroco della chiesa ospedaliera San Gerardo dei Tintori, l\u2019autore verr\u00e0 intervistato da Marina Rosati, direttore dell\u2019Ufficio comunicazioni sociali della diocesi. Il giorno successivo, alle ore 10, nell\u2019aula Leone XIII dell\u2019Universit\u00e0 Cattolica del Sacro Cuore a mettere a fuoco i contenuti del libro ci saranno, oltre all\u2019autore, Marco Girardo, direttore di Avvenire, Gianluca Zuccaro, docente di teologia dell\u2019Universit\u00e0 Cattolica e il giornalista-scrittore, Paolo Brosio che moderer\u00e0 la presentazione.<\/p>\n<p style=\"text-align: justify;\">Monsignor Sorrentino sar\u00e0 marted\u00ec 14 ottobre alle ore 13,00 sar\u00e0 nella libreria Rizzoli (Galleria Vittorio Emanuele II, n. 11\/12) a Milano per il firma-copie e spiegare, brevemente, a chi vorr\u00e0 i contenuti e il valore del libro.<\/p>\n<p style=\"text-align: justify;\">\u201cCapovolgendo il Cantico \u2013 dice l\u2019autore \u2013 e partendo dalle ultime strofe se ne pu\u00f2 cogliere il valore pi\u00f9 autentico, l\u2019essenza vera del messaggio francescano che non \u00e8 solo l\u2019armonia cosmica ma la pace con s\u00e9 stessi, il perdono e la riconciliazione con gli altri che si evincono nelle ultime strofe. In pi\u00f9, attraverso questo testo \u2013 aggiunge Sorrentino \u2013 cerco di ricostruire anche i momenti e i luoghi in cui il Cantico \u00e8 stato concepito e attraverso questo, anche, il rapporto di Francesco con il vescovo di Assisi che lo ha accompagnato in quegli anni fino alla morte\u201d.<\/p>\n<p>\u00a0<\/p>\n<p>\u00a0<\/p>\n<p>\u00a0<\/p>\n<p>In allegato le locandine<\/p>\n<p>\u00a0<\/p>\n<ul class=\"wpba-attachment-list unstyled\">\n<li id=\"wpba_attachment_list_631786\" class=\"wpba-list-item pull-left\"><img loading=\"lazy\" decoding=\"async\" src=\"https:\/\/www.europesays.com\/it\/wp-content\/uploads\/2025\/09\/document.png\" width=\"16\" height=\"20\" class=\"wpba-icon pull-left\"\/><a href=\"https:\/\/www.diocesiassisi.it\/wp-content\/uploads\/sites\/2\/2025\/10\/10\/A3-Locandina_presentazione-libro-Cantico_monza-1.pdf\" title=\"Locandina presentazione libro a Monza\" class=\"wpba-link pull-left\" target=\"_blank\" rel=\"nofollow noopener\">Locandina presentazione libro a Monza<\/a><\/li>\n<li id=\"wpba_attachment_list_631787\" class=\"wpba-list-item pull-left\"><img loading=\"lazy\" decoding=\"async\" src=\"https:\/\/www.europesays.com\/it\/wp-content\/uploads\/2025\/09\/document.png\" width=\"16\" height=\"20\" class=\"wpba-icon pull-left\"\/><a href=\"https:\/\/www.diocesiassisi.it\/wp-content\/uploads\/sites\/2\/2025\/10\/10\/Locandina-14.10.25-IL-CUORE-NASCOSTO-DEL-CANTICO-loca.pdf\" title=\"Locandina presentazione libro a Milano\" class=\"wpba-link pull-left\" target=\"_blank\" rel=\"nofollow noopener\">Locandina presentazione libro a Milano<\/a><\/li>\n<\/ul>\n","protected":false},"excerpt":{"rendered":"ASSISI \u2013 Sar\u00e0 presentato a Milano, il 13 e il 14 ottobre prossimi il nuovo libro del vescovo&hellip;\n","protected":false},"author":3,"featured_media":159512,"comment_status":"","ping_status":"","sticky":false,"template":"","format":"standard","meta":{"footnotes":""},"categories":[1445],"tags":[1608,203,204,1537,90,89,1609],"class_list":{"0":"post-159511","1":"post","2":"type-post","3":"status-publish","4":"format-standard","5":"has-post-thumbnail","7":"category-libri","8":"tag-books","9":"tag-entertainment","10":"tag-intrattenimento","11":"tag-it","12":"tag-italia","13":"tag-italy","14":"tag-libri"},"share_on_mastodon":{"url":"","error":""},"_links":{"self":[{"href":"https:\/\/www.europesays.com\/it\/wp-json\/wp\/v2\/posts\/159511","targetHints":{"allow":["GET"]}}],"collection":[{"href":"https:\/\/www.europesays.com\/it\/wp-json\/wp\/v2\/posts"}],"about":[{"href":"https:\/\/www.europesays.com\/it\/wp-json\/wp\/v2\/types\/post"}],"author":[{"embeddable":true,"href":"https:\/\/www.europesays.com\/it\/wp-json\/wp\/v2\/users\/3"}],"replies":[{"embeddable":true,"href":"https:\/\/www.europesays.com\/it\/wp-json\/wp\/v2\/comments?post=159511"}],"version-history":[{"count":0,"href":"https:\/\/www.europesays.com\/it\/wp-json\/wp\/v2\/posts\/159511\/revisions"}],"wp:featuredmedia":[{"embeddable":true,"href":"https:\/\/www.europesays.com\/it\/wp-json\/wp\/v2\/media\/159512"}],"wp:attachment":[{"href":"https:\/\/www.europesays.com\/it\/wp-json\/wp\/v2\/media?parent=159511"}],"wp:term":[{"taxonomy":"category","embeddable":true,"href":"https:\/\/www.europesays.com\/it\/wp-json\/wp\/v2\/categories?post=159511"},{"taxonomy":"post_tag","embeddable":true,"href":"https:\/\/www.europesays.com\/it\/wp-json\/wp\/v2\/tags?post=159511"}],"curies":[{"name":"wp","href":"https:\/\/api.w.org\/{rel}","templated":true}]}}