{"id":159513,"date":"2025-10-11T18:13:10","date_gmt":"2025-10-11T18:13:10","guid":{"rendered":"https:\/\/www.europesays.com\/it\/159513\/"},"modified":"2025-10-11T18:13:10","modified_gmt":"2025-10-11T18:13:10","slug":"affari-tuoi-non-va-in-onda-stasera-11-ottobre-ballando-con-le-stelle-slitta","status":"publish","type":"post","link":"https:\/\/www.europesays.com\/it\/159513\/","title":{"rendered":"Affari Tuoi non va in onda stasera 11 ottobre. Ballando con le Stelle slitta"},"content":{"rendered":"<p><strong>Affari Tuoi non va in onda<\/strong> sabato 11 ottobre: Rai 1 cambia la programmazione per trasmettere la <strong>partita della Nazionale<\/strong>. Proprio cos\u00ec, i fan de \u201ci pacchi\u201d dovranno attendere la giornata di domani, domenica 12 ottobre, per rivedere le avventure dei concorrenti e delle concorrenti alle prese con gli scherzi della sorte (e del Dottore). Ma il palinsesto Rai della serata cambia non di poco, poich\u00e9 anche Ballando con le Stelle, atteso in prima serata, cambia posizione.<\/p>\n<p>Salta \u201cAffari Tuoi\u201d, il motivo e il cambio programmazione Rai<\/p>\n<p>Il palinsesto di Rai 1 cambia tutto stasera, sabato 11 ottobre. A condizionarlo \u00e8 la partita della Nazionale. La squadra di Rino Gattuso scende in campo contro l\u2019Estonia. Cos\u00ec salta <a href=\"https:\/\/dilei.it\/star-e-vip\/stefano-de-martino\/\" rel=\"nofollow noopener\" target=\"_blank\">Stefano De Martino<\/a> e il suo Affari Tuoi, in programma alle 20:30 come ogni sera.<\/p>\n<p>Ma attenzione: per gli appassionati dei programmi firmati Rai, il sabato non finisce dopo la partita. Conclusi i 90 minuti dedicati al calcio andr\u00e0 in onda <strong>Ballando con le Stelle<\/strong>, sotto la sapiente guida di <a href=\"https:\/\/dilei.it\/star-e-vip\/milly-carlucci\/\" rel=\"nofollow noopener\" target=\"_blank\">Milly Carlucci<\/a>. Il programma slitta dunque in orario notturno, ma non salta. L\u2019inizio \u00e8 previsto per le 22.50 e la fine intorno alle 2.<\/p>\n<p>Stefano De Martino e l\u2019avventura al timone di Affari Tuoi<\/p>\n<p>Non \u00e8 un periodo facile per Stefano De Martino e il suo Affari Tuoi su Rai 1. La quotidiana \u201cbattaglia\u201d degli<strong> ascolti tv<\/strong> \u00e8 ormai un testa a testa tra lui e <a href=\"https:\/\/dilei.it\/star-e-vip\/gerry-scotti\/\" rel=\"nofollow noopener\" target=\"_blank\">Gerry Scotti<\/a>, su Canale 5, al timone de La Ruota della Fortuna. Il conduttore Mediaset sta dando non poco filo da torcere al beniamino Rai. La buona notizia? L\u2019access prime time di entrambi i canali si \u00e8 colorato di tinte interessanti per i telespettatori, che si dividono tra i due programmi, catturati e intrattenuti.<\/p>\n<p>Solo la scorsa settimana Stefano De Martino era andato in onda con Affari Tuoi proprio per offrire un traino a Ballando con le Stelle, in onda in prima serata e che aveva perso il prima testa a testa contro Tu S\u00ec Que Vales, su Canale 5. Ora per\u00f2 al conduttore \u00e8 stato imposto un nuovo cambio di palinsesto: una giornata di stop all\u2019ex ballerino di Amici che vede al suo posto andare in onda la Nazionale di Gattuso.<\/p>\n<p>In aggiornamento<\/p>\n","protected":false},"excerpt":{"rendered":"Affari Tuoi non va in onda sabato 11 ottobre: Rai 1 cambia la programmazione per trasmettere la partita&hellip;\n","protected":false},"author":3,"featured_media":159514,"comment_status":"","ping_status":"","sticky":false,"template":"","format":"standard","meta":{"footnotes":""},"categories":[1444],"tags":[16556,203,204,1537,90,89,3501,214,253],"class_list":{"0":"post-159513","1":"post","2":"type-post","3":"status-publish","4":"format-standard","5":"has-post-thumbnail","7":"category-tv","8":"tag-ballando-con-le-stelle","9":"tag-entertainment","10":"tag-intrattenimento","11":"tag-it","12":"tag-italia","13":"tag-italy","14":"tag-rai-1","15":"tag-spettacolo","16":"tag-tv"},"share_on_mastodon":{"url":"","error":""},"_links":{"self":[{"href":"https:\/\/www.europesays.com\/it\/wp-json\/wp\/v2\/posts\/159513","targetHints":{"allow":["GET"]}}],"collection":[{"href":"https:\/\/www.europesays.com\/it\/wp-json\/wp\/v2\/posts"}],"about":[{"href":"https:\/\/www.europesays.com\/it\/wp-json\/wp\/v2\/types\/post"}],"author":[{"embeddable":true,"href":"https:\/\/www.europesays.com\/it\/wp-json\/wp\/v2\/users\/3"}],"replies":[{"embeddable":true,"href":"https:\/\/www.europesays.com\/it\/wp-json\/wp\/v2\/comments?post=159513"}],"version-history":[{"count":0,"href":"https:\/\/www.europesays.com\/it\/wp-json\/wp\/v2\/posts\/159513\/revisions"}],"wp:featuredmedia":[{"embeddable":true,"href":"https:\/\/www.europesays.com\/it\/wp-json\/wp\/v2\/media\/159514"}],"wp:attachment":[{"href":"https:\/\/www.europesays.com\/it\/wp-json\/wp\/v2\/media?parent=159513"}],"wp:term":[{"taxonomy":"category","embeddable":true,"href":"https:\/\/www.europesays.com\/it\/wp-json\/wp\/v2\/categories?post=159513"},{"taxonomy":"post_tag","embeddable":true,"href":"https:\/\/www.europesays.com\/it\/wp-json\/wp\/v2\/tags?post=159513"}],"curies":[{"name":"wp","href":"https:\/\/api.w.org\/{rel}","templated":true}]}}