{"id":15956,"date":"2025-07-29T12:42:09","date_gmt":"2025-07-29T12:42:09","guid":{"rendered":"https:\/\/www.europesays.com\/it\/15956\/"},"modified":"2025-07-29T12:42:09","modified_gmt":"2025-07-29T12:42:09","slug":"lofferta-flash-di-ryanair-per-scoprire-leuropa-a-prezzi-bassi","status":"publish","type":"post","link":"https:\/\/www.europesays.com\/it\/15956\/","title":{"rendered":"L&#8217;offerta flash di Ryanair per scoprire l&#8217;Europa a prezzi bassi"},"content":{"rendered":"<p>Il fascino delle <strong>prime settimane autunnali<\/strong> risiede nei suoi contrasti: c\u2019\u00e8 chi insegue gli <strong>ultimi spiragli d\u2019estate<\/strong>, magari raggiungendo quelle mete dove il sole si ferma pi\u00f9 a lungo, e chi invece non vede l\u2019ora di farsi avvolgere da atmosfere calde di altro tipo. Stiamo parlando del <strong>foliage<\/strong>, di tazze di t\u00e8 caldo e, ovviamente, di <strong>Halloween<\/strong>. Questo \u00e8 il momento adatto per cominciare a pianificare il prossimo viaggio, soprattutto perch\u00e9 <strong>Ryanair<\/strong> ha appena lanciato una <strong>nuova offerta flash<\/strong>.<\/p>\n<p>Questa vi permetter\u00e0 di <strong>volare tra il 1 settembre e il 31 ottobre 2025\u00a0<\/strong>acquistando <strong>biglietti con il 15% di sconto\u00a0<\/strong>entro il <strong>30 luglio 2025<\/strong>. La promozione \u00e8 attiva fino alla mezzanotte di domani ed \u00e8 valida su tutto il network della compagnia che conta ben 235 localit\u00e0. Se state cercando ispirazione, noi vi consigliamo queste destinazioni e gli aeroporti dai quali partire!\n<\/p>\n<p>Da Milano Bergamo a Londra<\/p>\n<p>Se sono le classiche atmosfere di Halloween che state cercando, <a href=\"https:\/\/siviaggia.it\/destinazioni\/europa\/regno-unito\/londra\/\" rel=\"nofollow noopener\" target=\"_blank\">Londra<\/a> \u00e8 la destinazione ideale per voi, soprattutto se siete <strong>fan delle storie dell\u2019orrore<\/strong>. Inoltre, quest\u2019anno Halloween <strong>cade proprio di venerd\u00ec<\/strong>, permettendovi di organizzare una perfetta fuga per il weekend. Tra gli eventi pi\u00f9 attesi di quest\u2019anno citiamo quelli organizzati al\u00a0<strong>The London Dungeon<\/strong>, che celebra la stagione spettrale con iniziative speciali pensate per farvi venire i brividi lungo la schiena!<\/p>\n<p>Imperdibile, soprattutto considerando la forte attesa dell\u2019ultima stagione, in onda su Netflix a novembre, \u00e8 lo spettacolo teatrale <strong>\u2018Stranger Things: The First Shadow\u2019<\/strong>. Ricco di effetti speciali, questo prequel teatrale dell\u2019amatissima serie riporta indietro nel tempo fino al 1959, nella tranquilla cittadina di Hawkins. L\u2019obiettivo \u00e8 <strong>esplorare le origini di alcuni personaggi chiave<\/strong> e, soprattutto, svelare la storia di Henry Creel, destinato a diventare il terrificante Vecna.<\/p>\n<p>Da Napoli a Malaga<\/p>\n<p>Dopo l\u2019affollamento estivo, <a href=\"https:\/\/siviaggia.it\/idee-di-viaggio\/cosa-vedere-malaga\/527895\/\" rel=\"nofollow noopener\" target=\"_blank\">Malaga<\/a> ritrova un ritmo pi\u00f9 rilassato e visitarla a settembre\/ottobre significa poter godere delle sue bellezze e delle temperature ancora elevate. Le giornate, infatti, sono ancora calde e soleggiate, con <strong>massime che sfiorano i 25\u00b0<\/strong>,\u00a0mentre le serate diventano piacevolmente fresche. Questo clima permette di godere appieno sia delle meraviglie culturali della citt\u00e0 che delle sue spiagge, senza il caldo torrido dei mesi precedenti n\u00e9 l\u2019affluenza turistica dell\u2019alta stagione.<\/p>\n<p>Ottobre \u00e8 anche il mese ideale per esplorare il centro storico e gustare la cucina locale nei tanti ristoranti all\u2019aperto. Non mancano le escursioni nei dintorni, come a <strong>Ronda o ai Caminito del Rey<\/strong>, pi\u00f9 piacevoli in questo periodo grazie al clima pi\u00f9 mite e alla natura che inizia a tingersi di tonalit\u00e0 autunnali.<\/p>\n<p>Da Torino a Praga<\/p>\n<p>Infine, se avete voglia di scoprire una capitale europea prima che arrivino le temperature pi\u00f9 fredde dell\u2019inverno, consigliamo di volare a <a href=\"https:\/\/siviaggia.it\/destinazioni\/europa\/repubblica-ceca\/praga\/\" rel=\"nofollow noopener\" target=\"_blank\">Praga<\/a>. Tra le citt\u00e0\u00a0pi\u00f9 suggestive e romantiche d\u2019Europa, offre un\u2019infinit\u00e0 di cose da fare. In questo periodo \u00e8 ancora piacevole <strong>passeggiare tra le sue strade tortuose<\/strong>, ammirando guglie e ponti, oltre che un repertorio architettonico che spazia dal gotico al rinascimentale, dal barocco all\u2019Art Nouveau.<\/p>\n<p>Tra i luoghi pi\u00f9 noti da non perdere citiamo l\u2019<strong>Orologio Astronomico<\/strong>, <strong>Piazza Venceslao<\/strong> e il <strong>Ponte Carlo<\/strong>, ricoperto di lucchetti portafortuna.<\/p>\n","protected":false},"excerpt":{"rendered":"Il fascino delle prime settimane autunnali risiede nei suoi contrasti: c\u2019\u00e8 chi insegue gli ultimi spiragli d\u2019estate, magari&hellip;\n","protected":false},"author":3,"featured_media":15957,"comment_status":"","ping_status":"","sticky":false,"template":"","format":"standard","meta":{"footnotes":""},"categories":[172],"tags":[178,5854,177,183,3085,626,1537,90,89,15],"class_list":{"0":"post-15956","1":"post","2":"type-post","3":"status-publish","4":"format-standard","5":"has-post-thumbnail","7":"category-affari","8":"tag-affari","9":"tag-autunno","10":"tag-business","11":"tag-compagnie-aeree","12":"tag-europa","13":"tag-eventi","14":"tag-it","15":"tag-italia","16":"tag-italy","17":"tag-notizie"},"share_on_mastodon":{"url":"","error":""},"_links":{"self":[{"href":"https:\/\/www.europesays.com\/it\/wp-json\/wp\/v2\/posts\/15956","targetHints":{"allow":["GET"]}}],"collection":[{"href":"https:\/\/www.europesays.com\/it\/wp-json\/wp\/v2\/posts"}],"about":[{"href":"https:\/\/www.europesays.com\/it\/wp-json\/wp\/v2\/types\/post"}],"author":[{"embeddable":true,"href":"https:\/\/www.europesays.com\/it\/wp-json\/wp\/v2\/users\/3"}],"replies":[{"embeddable":true,"href":"https:\/\/www.europesays.com\/it\/wp-json\/wp\/v2\/comments?post=15956"}],"version-history":[{"count":0,"href":"https:\/\/www.europesays.com\/it\/wp-json\/wp\/v2\/posts\/15956\/revisions"}],"wp:featuredmedia":[{"embeddable":true,"href":"https:\/\/www.europesays.com\/it\/wp-json\/wp\/v2\/media\/15957"}],"wp:attachment":[{"href":"https:\/\/www.europesays.com\/it\/wp-json\/wp\/v2\/media?parent=15956"}],"wp:term":[{"taxonomy":"category","embeddable":true,"href":"https:\/\/www.europesays.com\/it\/wp-json\/wp\/v2\/categories?post=15956"},{"taxonomy":"post_tag","embeddable":true,"href":"https:\/\/www.europesays.com\/it\/wp-json\/wp\/v2\/tags?post=15956"}],"curies":[{"name":"wp","href":"https:\/\/api.w.org\/{rel}","templated":true}]}}