{"id":159600,"date":"2025-10-11T19:40:10","date_gmt":"2025-10-11T19:40:10","guid":{"rendered":"https:\/\/www.europesays.com\/it\/159600\/"},"modified":"2025-10-11T19:40:10","modified_gmt":"2025-10-11T19:40:10","slug":"morta-diane-keaton-lattrice-aveva-79-anni-al-cinema-fece-coppia-con-woody-allen-in-manhattan-e-io-e-annie","status":"publish","type":"post","link":"https:\/\/www.europesays.com\/it\/159600\/","title":{"rendered":"Morta Diane Keaton. L&#8217;attrice aveva 79 anni. Al cinema fece coppia con Woody Allen in \u00abManhattan\u00bb e \u00abIo e Annie\u00bb"},"content":{"rendered":"<p>    di<\/p>\n<p class=\"summary-art is-line-h-12\">Recit\u00f2 anche nel \u00abPadrino\u00bb di Coppola<\/p>\n<p class=\"chapter-paragraph\"><b>\u00c8 morta l&#8217;attrice Diane Keaton; aveva 79 anni.<\/b> Al cinema il suo nome \u00e8 artisticamente legato a quello di <b>Woody Allen con il quale ha girato capolavori di grande successo come\u00a0\u00abProvaci ancora Sam\u00bb,\u00a0\u00abIo e Annie\u00bb e \u00abManhattan\u00bb<\/b>.\u00a0<\/p>\n<p class=\"chapter-paragraph\">L&#8217;attrice \u00e8 morta in California, dove <b>era nata nel 1946, quarta di quattro figli.<\/b>\u00a0 All&#8217;anagrafe il suo nome era Diane Hall.\u00a0 La sua <b>esplosione artistica avvenne negli anni &#8217;70. <\/b>Oltre ai titoli gi\u00e0 citati, con Woody Allen &#8211; con cui visse una lunga relazione sentimentale &#8211; recit\u00f2 in\u00a0 \u00abIl dormiglione\u00bb,\u00a0 \u00abInteriors\u00bb,\u00a0\u00a0\u00abAmore e guerra\u00bb,\u00a0\u00abRadio days\u00bb,\u00a0\u00abMisterioso omicidio a Manhattan\u00bb.\u00a0    &#13;<br \/>\n&#13;<br \/>\n&#13;<br \/>\n&#13;<br \/>\n&#13;<br \/>\n&#13;<br \/>\n&#13;<br \/>\n&#13;<br \/>\n&#13;<br \/>\n&#13;<br \/>\n&#13;<br \/>\n&#13;<br \/>\n&#13;<br \/>\n&#13;<br \/>\n&#13;<br \/>\n&#13;<br \/>\n&#13;<br \/>\n&#13;<br \/>\n&#13;<br \/>\n&#13;<br \/>\n&#13;<br \/>\n&#13;<br \/>\n&#13;<br \/>\n&#13;<br \/>\n&#13;<br \/>\n&#13;<br \/>\n&#13;<br \/>\n&#13;<br \/>\n&#13;<br \/>\n&#13;<br \/>\n&#13;<br \/>\n&#13;<br \/>\n&#13;<br \/>\n&#13;<br \/>\n&#13;<br \/>\n&#13;<br \/>\n&#13;<br \/>\n&#13;<br \/>\n&#13;<br \/>\n&#13;<br \/>\n&#13;<br \/>\n&#13;<br \/>\n&#13;<br \/>\n&#13;<br \/>\n&#13;<br \/>\n&#13;<br \/>\n&#13;<br \/>\n&#13;<br \/>\n&#13;<br \/>\n&#13;<br \/>\n&#13;<br \/>\n&#13;<br \/>\n&#13;\n<\/p>\n<p class=\"chapter-paragraph\">Si aggiudic\u00f2<b> l&#8217;Oscar come migliore attrice protagonista nel 1977 proprio per\u00a0\u00abIo e Annie\u00bb.<\/b> Ottenne un&#8217;ulteriore nomination per \u00abLa stanza di Marvin\u00bb del 1996 ma\u00a0 non si aggiudic\u00f2 la statuetta. Recit\u00f2 anche nelle prime due parti della saga del\u00a0<b>\u00abPadrino\u00bb di Francis Ford Coppola.<\/b><\/p>\n<p class=\"chapter-paragraph\">Il suo esordio artistico avvenne tuttavia a teatro: <b>nel 1968, Keaton fu scritturata per il musical Hair a Broadway<\/b> come sostituta di Sheila. Nel 2017, Keaton raccont\u00f2 a People che in quel periodo lott\u00f2 contro la bulimia dopo che il regista dello spettacolo le disse che doveva perdere peso, anche se non lo incolp\u00f2 per la sua malattia.\u00a0\u00abCredetemi, aveva a che fare con un bisogno eccessivo di avere di pi\u00f9. Troppo. Era una malattia mentale\u00bb, ha detto.<\/p>\n<p class=\"chapter-paragraph\"><b>Non si \u00e8 mai sposata <\/b>ma ebbe lunghe relazioni oltre che con Allen anche con i colleghi Warren Beatty (con il quale fi protagonista in\u00a0\u00abReds\u00bb)\u00a0 e Al Pacino. <b>Era madre di due figli adottivi.<\/b><\/p>\n<p class=\"chapter-paragraph\">La sua lunga carriera include film come \u00abIl club delle prime mogli\u00bb, e molteplici collaborazioni con la regista Nancy Meyers e la saga di \u00abBook Club\u00bb.<\/p>\n<p class=\"chapter-paragraph\">notizia in aggiornamento\u00a0<\/p>\n<p class=\"is-last-update\" datetime=\"2025-10-11T21:30:05+02:00\">11 ottobre 2025 ( modifica il 11 ottobre 2025 | 21:30)<\/p>\n<p class=\"is-copyright\">\n            \u00a9 RIPRODUZIONE RISERVATA\n        <\/p>\n","protected":false},"excerpt":{"rendered":"di Recit\u00f2 anche nel \u00abPadrino\u00bb di Coppola \u00c8 morta l&#8217;attrice Diane Keaton; aveva 79 anni. Al cinema il&hellip;\n","protected":false},"author":3,"featured_media":159601,"comment_status":"","ping_status":"","sticky":false,"template":"","format":"standard","meta":{"footnotes":""},"categories":[174],"tags":[98433,52748,98430,7738,98434,640,554,29678,57804,98428,203,2731,204,1537,90,89,98429,1258,370,19603,3600,1693,8197,98431,98432,52908],"class_list":{"0":"post-159600","1":"post","2":"type-post","3":"status-publish","4":"format-standard","5":"has-post-thumbnail","7":"category-intrattenimento","8":"tag-aggiudico","9":"tag-allen","10":"tag-annie","11":"tag-attrice","12":"tag-avvenne","13":"tag-cinema","14":"tag-club","15":"tag-coppola","16":"tag-diane","17":"tag-diane-keaton","18":"tag-entertainment","19":"tag-figli","20":"tag-intrattenimento","21":"tag-it","22":"tag-italia","23":"tag-italy","24":"tag-keaton","25":"tag-lunga","26":"tag-malattia","27":"tag-manhattan","28":"tag-morta","29":"tag-nome","30":"tag-padrino","31":"tag-recito","32":"tag-woody","33":"tag-woody-allen"},"share_on_mastodon":{"url":"","error":""},"_links":{"self":[{"href":"https:\/\/www.europesays.com\/it\/wp-json\/wp\/v2\/posts\/159600","targetHints":{"allow":["GET"]}}],"collection":[{"href":"https:\/\/www.europesays.com\/it\/wp-json\/wp\/v2\/posts"}],"about":[{"href":"https:\/\/www.europesays.com\/it\/wp-json\/wp\/v2\/types\/post"}],"author":[{"embeddable":true,"href":"https:\/\/www.europesays.com\/it\/wp-json\/wp\/v2\/users\/3"}],"replies":[{"embeddable":true,"href":"https:\/\/www.europesays.com\/it\/wp-json\/wp\/v2\/comments?post=159600"}],"version-history":[{"count":0,"href":"https:\/\/www.europesays.com\/it\/wp-json\/wp\/v2\/posts\/159600\/revisions"}],"wp:featuredmedia":[{"embeddable":true,"href":"https:\/\/www.europesays.com\/it\/wp-json\/wp\/v2\/media\/159601"}],"wp:attachment":[{"href":"https:\/\/www.europesays.com\/it\/wp-json\/wp\/v2\/media?parent=159600"}],"wp:term":[{"taxonomy":"category","embeddable":true,"href":"https:\/\/www.europesays.com\/it\/wp-json\/wp\/v2\/categories?post=159600"},{"taxonomy":"post_tag","embeddable":true,"href":"https:\/\/www.europesays.com\/it\/wp-json\/wp\/v2\/tags?post=159600"}],"curies":[{"name":"wp","href":"https:\/\/api.w.org\/{rel}","templated":true}]}}