{"id":159616,"date":"2025-10-11T19:54:10","date_gmt":"2025-10-11T19:54:10","guid":{"rendered":"https:\/\/www.europesays.com\/it\/159616\/"},"modified":"2025-10-11T19:54:10","modified_gmt":"2025-10-11T19:54:10","slug":"gianetti-un-progetto-vincente-tre-anni-straordinari","status":"publish","type":"post","link":"https:\/\/www.europesays.com\/it\/159616\/","title":{"rendered":"GIANETTI. \u00abUN PROGETTO VINCENTE, TRE ANNI STRAORDINARI\u00bb"},"content":{"rendered":"<p>Mauro Gianetti \u00e8 l\u2019espressione della felicit\u00e0. Il CEO della Uae Emirates \u00e8 abituato ai successi dei suoi ragazzi, ma, certo, quando Tadej Pogacar vince il quinto Lombardia di fila davanti a una folla imponente, che lo incita sul passo di Ganda come se fosse il dio del ciclismo e allora anche Gianetti si emoziona.\n            <\/p>\n<p>\u00abBeh, evidentemente <strong>una stagione cos\u00ec la puoi forse sognare, o neanche osi sognarla<\/strong> \u2013 spiega Gianetti al traguardo &#8211;\u00a0 Per\u00f2 siamo qui, abbiamo 93 vittorie con il Tour de France, il Fiandre, la Liegi, il Lombardia,<strong> 21 corridori che hanno vinto una gara.<\/strong> \u00c8 un\u2019annata veramente da incorniciare soprattutto vedendo ogni giorno il sorriso sulle labbra dei corridori e dello staff per il piacere di lavorare assieme e partire ogni gara con l&#8217;ambizione, il desiderio di poter vincere senza l&#8217;oppressione di doverlo fare\u00bb.\n            <\/p>\n<p>Ogni corsa una prova di forza \u00ece di dominio che non ha pari nel ciclismo di oggi. Pedine che si incastrano, con Majka e Vine sul Passo di Ganda, prima dell\u2019attacco di Pogacar. \u00ab<strong>Ogni anno questo gruppo \u00e8 migliorato sempre di pi\u00f9. Se guardiamo indietro, gli ultimi tre anni sono stati straordinari.<\/strong> Il segreto \u00e8 proprio la voglia di lavorare assieme. Abbiamo talenti straordinari, e abbiamo la fortuna di averli con noi. Ma soprattutto c\u2019\u00e8 uno staff di altissimo livello che con gli anni sono riuscito a far crescere, dove ogni singolo membro dello staff sa che sta portando qualcosa di speciale alla squadra perch\u00e9 \u00e8 speciale, e un insieme di 150 persone speciali fa qualcosa di straordinario\u00bb.<\/p>\n<p>Un gruppo che ogni stagione lancia talenti incredibili, come \u00e8 avvenuto con Isaac Del Toro. Il metodo di scouting \u00e8 vincente sin dalle categorie giovanili, lo stiamo vedendo adesso anche con il messicano. Come si lavora da questo punto di vista nella Uae? \u00abPartiamo anche da pi\u00f9 lontano \u2013 continua Gianetti &#8211; <strong>All&#8217;inizio bisogna essere bravi a convincere gli sponsor a investire in un progetto, poi questo progetto cresce via via.<\/strong> Una parte del progetto \u00e8 proprio quella di non comprare atleti blasonati e voler partire subito dall&#8217;alto, ma partire investendo su giovani ragazzi talentuosi e portarli avanti con determinazione e soprattutto con professionalit\u00e0 e in un buon ambiente, senza stress: lasciarli migliorare con la loro crescita naturale, lavorando seriamente\u00bb.<\/p>\n<p>Oggi la squadra ha salutato Rafal Majka, che tante volte in questi anni ha scortato Pogacar nei suoi trionfi. \u00ab<strong>E\u2019 stato bello vedere questo saluto a Majka. Mi ricordo che anch&#8217;io smisi al Lombardia, ma non avevo la sua gamba<\/strong>, ho fatto pi\u00f9 fatica di lui a finire quell&#8217;anno la gara. \u00c8 stata una bella emozione anche perch\u00e9 \u00e8 stato un ragazzo veramente straordinario per noi, non solo un corridore ma un compagno di squadra ideale, un maestro, un fratello maggiore che ha sempre avuto la parola di supporto per chiunque fosse in difficolt\u00e0. Ma \u00e8 stato qualcuno capace anche di calmare chi magari voleva alzare un po&#8217; troppo la cresta, quindi ci mancher\u00e0, ci mancher\u00e0 moltissimo uno come Rafal\u00bb.<\/p>\n<p>Pogacar ha appena concluso la sua miglior stagione di sempre, cos\u00ec come la squadra, e Del Toro nel 2026 sar\u00e0 chiamato a ripetersi. \u00abS\u00ec, <strong>Isaac \u00e8 qualcosa di straordinario, sta crescendo bene, ammira soprattutto Tadej, ha voglia di copiarlo e di andare avanti<\/strong> \u2013 conclude Mauro Gianetti &#8211; Sta migliorando, a vista d&#8217;occhio, secondo in un Giro d&#8217;Italia che praticamente aveva vinto, gi\u00e0 15 vittorie in totale, ma soprattutto una solidit\u00e0 anche lui da inizio a fine stagione. Quindi abbiamo veramente il piacere di avere con noi un altro straordinario atleta. Non so dove potr\u00e0 arrivare, non gli mettiamo nessun limite, nessun traguardo\u00bb.<\/p>\n","protected":false},"excerpt":{"rendered":"Mauro Gianetti \u00e8 l\u2019espressione della felicit\u00e0. Il CEO della Uae Emirates \u00e8 abituato ai successi dei suoi ragazzi,&hellip;\n","protected":false},"author":3,"featured_media":159617,"comment_status":"","ping_status":"","sticky":false,"template":"","format":"standard","meta":{"footnotes":""},"categories":[1456],"tags":[1824,1825,76062,1537,90,89,1931,245,244,1830],"class_list":{"0":"post-159616","1":"post","2":"type-post","3":"status-publish","4":"format-standard","5":"has-post-thumbnail","7":"category-ciclismo","8":"tag-ciclismo","9":"tag-cycling","10":"tag-del-toro","11":"tag-it","12":"tag-italia","13":"tag-italy","14":"tag-pogacar","15":"tag-sport","16":"tag-sports","17":"tag-uae-emirates"},"share_on_mastodon":{"url":"","error":""},"_links":{"self":[{"href":"https:\/\/www.europesays.com\/it\/wp-json\/wp\/v2\/posts\/159616","targetHints":{"allow":["GET"]}}],"collection":[{"href":"https:\/\/www.europesays.com\/it\/wp-json\/wp\/v2\/posts"}],"about":[{"href":"https:\/\/www.europesays.com\/it\/wp-json\/wp\/v2\/types\/post"}],"author":[{"embeddable":true,"href":"https:\/\/www.europesays.com\/it\/wp-json\/wp\/v2\/users\/3"}],"replies":[{"embeddable":true,"href":"https:\/\/www.europesays.com\/it\/wp-json\/wp\/v2\/comments?post=159616"}],"version-history":[{"count":0,"href":"https:\/\/www.europesays.com\/it\/wp-json\/wp\/v2\/posts\/159616\/revisions"}],"wp:featuredmedia":[{"embeddable":true,"href":"https:\/\/www.europesays.com\/it\/wp-json\/wp\/v2\/media\/159617"}],"wp:attachment":[{"href":"https:\/\/www.europesays.com\/it\/wp-json\/wp\/v2\/media?parent=159616"}],"wp:term":[{"taxonomy":"category","embeddable":true,"href":"https:\/\/www.europesays.com\/it\/wp-json\/wp\/v2\/categories?post=159616"},{"taxonomy":"post_tag","embeddable":true,"href":"https:\/\/www.europesays.com\/it\/wp-json\/wp\/v2\/tags?post=159616"}],"curies":[{"name":"wp","href":"https:\/\/api.w.org\/{rel}","templated":true}]}}