{"id":159618,"date":"2025-10-11T19:55:12","date_gmt":"2025-10-11T19:55:12","guid":{"rendered":"https:\/\/www.europesays.com\/it\/159618\/"},"modified":"2025-10-11T19:55:12","modified_gmt":"2025-10-11T19:55:12","slug":"jorge-lorenzo-vuota-il-sacco-su-marquez-lammissione-che-nessuno-si-aspettava","status":"publish","type":"post","link":"https:\/\/www.europesays.com\/it\/159618\/","title":{"rendered":"Jorge Lorenzo vuota il sacco su Marquez: l&#8217;ammissione che nessuno si aspettava"},"content":{"rendered":"<p> Tempo di lettura:   2 minuti<\/p>\n<p><strong>Ancora una volta, Jorge Lorenzo \u00e8 tornato a parlare di Marc Marquez, riferendosi ai tempi in cui inizi\u00f2 la rivalit\u00e0 tra i due. Scopriamo quali sono stati i toni utilizzati dallo spagnolo.<\/strong><\/p>\n<p><strong>Jorge Lorenzo <\/strong>ha deciso di lasciare la MotoGP al termine del 2019, la sua peggiore stagione in assoluto, quella al fianco di <strong>Marc Marquez <\/strong>alla <strong>Honda<\/strong>. Il maiorchino non trov\u00f2 mai il feeling giusto con la moto nipponica, finendo per perdere nettamente il confronto con il compagno di squadra e provocandosi diversi infortuni. <strong>Tra Jorge e Marc ci fu subito una grande rivalit\u00e0 a partire dal 2013<\/strong>, l\u2019anno del debutto, con annesso titolo mondiale, del nativo di Cervera in top class.<\/p>\n<p> <img fetchpriority=\"high\" decoding=\"async\" class=\"wp-image-340631 size-full lazyload\" alt=\"Lorenzo e Marquez ammissione sorprendente\" width=\"1200\" height=\"800\" src=\"https:\/\/www.europesays.com\/it\/wp-content\/uploads\/2025\/10\/Lorenzo-e-Marquez-10-10-2025-Reportmotori.it_.jpg\"  data- data-eio-rwidth=\"1200\" data-eio-rheight=\"800\"\/><\/p>\n<p>Lorenzo e Marquez in conferenza stampa (ANSA) \u2013 Reportmotori.it <\/p>\n<p>Marquez lasci\u00f2 tutti di stucco per via delle prestazioni da fenomeno assoluto che fu subito in grado di mettere in mostra, e Lorenzo, anche per via di un infortunio, fu costretto ad arrendersi ed a cedere il titolo mondiale al connazionale. Tra i due, oggi, c\u2019\u00e8 un grande rispetto, <strong>ed Jorge ripete spesso quanto Marc sia nettamente il migliore di tutti<\/strong>, che con la <strong>Ducati <\/strong>sta letteralmente dettando legge. E dalla bocca di Jorge sono fuoriuscite parole al miele per il nove volte campione del mondo del Motomondiale.<\/p>\n<p> Marquez, Lorenzo lo vide subito come un fenomeno <\/p>\n<p>In una recente intervista concessa al \u201cCorriere della Sera\u201c, <strong>Jorge Lorenzo <\/strong>ha ricordato gli esordi di <strong>Marc Marquez <\/strong>in MotoGP, quando si rese conto che di fronte a lui c\u2019era un talento eccezionale: \u201cSu Marc, cosa posso dire. <strong>L\u2019ho sofferto molto come rivale, ho subito capito che avevo di fronte un fenomeno<\/strong>. Quando un pilota diventa campione del mondo della MotoGP al suo debutto, vuol dire che ha un talento speciale. Penso che dopo l\u2019incidente al braccio del 2020 non sia tornato del tutto in forma, e sono certo del fatto che non sia al 100% dal punto di vista fisico\u201c.<\/p>\n<p> <img loading=\"lazy\" decoding=\"async\" class=\"wp-image-340632 size-full lazyload\" alt=\"Jorge Lorenzo vide Marquez come un fenomeno\" width=\"740\" height=\"529\" src=\"https:\/\/www.europesays.com\/it\/wp-content\/uploads\/2025\/10\/Jorge-Lorenzo-10-10-2025-Reportmotori.it_.jpg\"  data- data-eio-rwidth=\"740\" data-eio-rheight=\"529\"\/><\/p>\n<p>Jorge Lorenzo in azione (ANSA) \u2013 Reportmotori.it <\/p>\n<p>Lorenzo \u00e8 stupefatto proprio da tale discorso, dal momento che Marquez ha dominato questa stagione nonostante ci\u00f2 che gli \u00e8 capitato negli ultimi anni: \u201cVoglio dire che sicuramente non \u00e8 proprio al top, <strong>ma nonostante qualche problemino \u00e8 ancora il migliore per distacco<\/strong>, \u00e8 nettamente davanti agli altri piloti. Da una parte, \u00e8 merito della Ducati che ha una grande moto, ma dall\u2019altra \u00e8 per via del suo talento. Quando il pilota pi\u00f9 forte guida la moto pi\u00f9 forte, succede questo. Era accaduto con Doohan alla Honda, ma anche con Schumacher in F1 alla Ferrari\u201c.<\/p>\n<p> <a href=\"https:\/\/www.reportmotori.it\/author\/giovanni-messi\/\" class=\"url\" title=\"Giovanni Messi\" rel=\"nofollow noopener\" target=\"_blank\"> <img loading=\"lazy\" alt=\"Giovanni Messi\" class=\"avatar avatar-250 photo lazyload\" height=\"250\" width=\"250\" src=\"https:\/\/www.europesays.com\/it\/wp-content\/uploads\/2025\/10\/1760212512_225_f780012704bae8fd23e06133ec0e9e79c14a7167287f3730b65dc13971b8b970\" decoding=\"async\"  data-eio-rwidth=\"250\" data-eio-rheight=\"250\"\/><\/p>\n<p><\/a> <\/p>\n<p>Giornalista pubblicista. Amante del motorsport e della scrittura, passioni che ho coniugato facendone il lavoro che amo. Non fermatevi mai davanti a nulla.<\/p>\n<p> <a href=\"https:\/\/www.reportmotori.it\/author\/giovanni-messi\/\" class=\"url\" title=\"Giovanni Messi\" rel=\"nofollow noopener\" target=\"_blank\"><img loading=\"lazy\" alt=\"Giovanni Messi\" class=\"avatar avatar-250 photo lazyload\" height=\"250\" width=\"250\" src=\"https:\/\/www.europesays.com\/it\/wp-content\/uploads\/2025\/10\/1760212512_225_f780012704bae8fd23e06133ec0e9e79c14a7167287f3730b65dc13971b8b970\" decoding=\"async\"  data-eio-rwidth=\"250\" data-eio-rheight=\"250\"\/><\/p>\n<p><\/a>   <\/p>\n","protected":false},"excerpt":{"rendered":"Tempo di lettura: 2 minuti Ancora una volta, Jorge Lorenzo \u00e8 tornato a parlare di Marc Marquez, riferendosi&hellip;\n","protected":false},"author":3,"featured_media":159619,"comment_status":"","ping_status":"","sticky":false,"template":"","format":"standard","meta":{"footnotes":""},"categories":[1455],"tags":[1537,90,89,1783,1784,245,244],"class_list":{"0":"post-159618","1":"post","2":"type-post","3":"status-publish","4":"format-standard","5":"has-post-thumbnail","7":"category-moto","8":"tag-it","9":"tag-italia","10":"tag-italy","11":"tag-moto","12":"tag-motorcycle","13":"tag-sport","14":"tag-sports"},"share_on_mastodon":{"url":"","error":""},"_links":{"self":[{"href":"https:\/\/www.europesays.com\/it\/wp-json\/wp\/v2\/posts\/159618","targetHints":{"allow":["GET"]}}],"collection":[{"href":"https:\/\/www.europesays.com\/it\/wp-json\/wp\/v2\/posts"}],"about":[{"href":"https:\/\/www.europesays.com\/it\/wp-json\/wp\/v2\/types\/post"}],"author":[{"embeddable":true,"href":"https:\/\/www.europesays.com\/it\/wp-json\/wp\/v2\/users\/3"}],"replies":[{"embeddable":true,"href":"https:\/\/www.europesays.com\/it\/wp-json\/wp\/v2\/comments?post=159618"}],"version-history":[{"count":0,"href":"https:\/\/www.europesays.com\/it\/wp-json\/wp\/v2\/posts\/159618\/revisions"}],"wp:featuredmedia":[{"embeddable":true,"href":"https:\/\/www.europesays.com\/it\/wp-json\/wp\/v2\/media\/159619"}],"wp:attachment":[{"href":"https:\/\/www.europesays.com\/it\/wp-json\/wp\/v2\/media?parent=159618"}],"wp:term":[{"taxonomy":"category","embeddable":true,"href":"https:\/\/www.europesays.com\/it\/wp-json\/wp\/v2\/categories?post=159618"},{"taxonomy":"post_tag","embeddable":true,"href":"https:\/\/www.europesays.com\/it\/wp-json\/wp\/v2\/tags?post=159618"}],"curies":[{"name":"wp","href":"https:\/\/api.w.org\/{rel}","templated":true}]}}