{"id":159717,"date":"2025-10-11T21:16:21","date_gmt":"2025-10-11T21:16:21","guid":{"rendered":"https:\/\/www.europesays.com\/it\/159717\/"},"modified":"2025-10-11T21:16:21","modified_gmt":"2025-10-11T21:16:21","slug":"motogp-qatar-2025-gli-orari-e-dove-vedere-la-gara-in-tv","status":"publish","type":"post","link":"https:\/\/www.europesays.com\/it\/159717\/","title":{"rendered":"MotoGp Qatar 2025: gli orari e dove vedere la\u00a0gara\u00a0in tv"},"content":{"rendered":"<p>Riscatto doveva essere e riscatto, per ora, \u00e8 stato per <strong>Marc <\/strong><strong>Marque<\/strong>z. Nel quarto appuntamento del Mondiale lo spagnolo della Ducati, dopo il ritiro di due settimane fa a Austin, sta facendo la voce grossa a Losail, conquistando sia la <a href=\"https:\/\/www.repubblica.it\/sport\/moto-gp\/2025\/04\/12\/news\/qualifiche_motogp_qatar_2025_oggi-424124043\/\" rel=\"nofollow noopener\" target=\"_blank\"><strong>pole position<\/strong><\/a> che la <a href=\"https:\/\/www.repubblica.it\/sport\/moto-gp\/2025\/04\/12\/news\/sprint_race_motogp_qatar_2025_oggi_marc_marquez-424124368\/\" rel=\"nofollow noopener\" target=\"_blank\"><strong>sprint race<\/strong><\/a>, grazie alla quale ha contro sorpassato il <strong>fratello Alex<\/strong> al primo posto nella <a href=\"https:\/\/www.repubblica.it\/sport\/dirette\/motori\/moto-gp-2025\/classifica\/\" rel=\"nofollow noopener\" target=\"_blank\">classifica del Mondiale<\/a>. Chi invece \u00e8 in difficolt\u00e0 \u00e8 <strong>Pecco Bagnaia<\/strong>, che vuole bissare il successo di un anno fa: l&#8217;azzurro partir\u00e0 soltanto undicesimo dopo una caduta, mentre nella mini-gara ha chiuso soltanto nono. Pi\u00f9 indietro <strong>Jorge Martin<\/strong>, all&#8217;esordio ufficiale con l&#8217;Aprilia ma lontano dalla forma migliore: il campione in carica \u00e8 appena 14\u00b0. Da segnalare che a sventolare la bandiera a scacchi all&#8217;arrivo ci sar\u00e0 il calciatore <strong>Marco Verratti<\/strong>.<\/p>\n<p><strong>\u2022 Evento:<\/strong> Gp Qatar<\/p>\n<p><strong>\u2022 Data:<\/strong> domenica 13 aprile 2025<\/p>\n<p><strong>\u2022 Dove:<\/strong> Losail<\/p>\n<p><strong>\u2022 Orario gara: <\/strong>domenica ore 19<\/p>\n<p><strong>\u2022 Diretta tv: <\/strong>Sky Sport Uno (201), Sky Sport MotoGp (208), TV8<\/p>\n<p>\t\t\t<a href=\"https:\/\/www.repubblica.it\/sport\/moto-gp\/2025\/04\/12\/news\/sprint_race_motogp_qatar_2025_oggi_marc_marquez-424124368\/\" rel=\"nofollow noopener\" target=\"_blank\">Marc Marquez vince la sprint race del Qatar e torna in testa al Mondiale. Suo fratello Alex 2\u00b0<\/a><\/p>\n<p>\t\tdi <a href=\"http:\/\/www.repubblica.it\/autori\/massimo_calandri\/\" rel=\"author nofollow noopener\" target=\"_blank\">Massimo Calandri<\/a><\/p>\n<p>\t\t\t12 Aprile 2025<\/p>\n<p>                <a href=\"https:\/\/www.repubblica.it\/sport\/moto-gp\/2025\/04\/12\/news\/sprint_race_motogp_qatar_2025_oggi_marc_marquez-424124368\/\" rel=\"nofollow noopener\" target=\"_blank\"><\/p>\n<p>\t\t\t\t\t\t<img loading=\"lazy\" decoding=\"async\" src=\"https:\/\/www.europesays.com\/it\/wp-content\/uploads\/2025\/10\/192635985-77dd81ca-4ac7-462d-9e6a-896487c74124.jpg\" alt=\"\" class=\"lazyload\" width=\"125\" height=\"125\"\/> <\/p>\n<p>                <\/a><\/p>\n<p><strong>Dove vedere il Gp del Qatar e a che ora<\/strong><\/p>\n<p>Tutto il weekend del Gran premio del Qatar sar\u00e0 trasmesso su Sky sui canali 201 (Sky Sport Uno) e 208 (Sky Sport MotoGP) e su TV8 (canale 8 del digitale terrestre e 125 del decoder Sky). La gara della MotoGp inizier\u00e0 domenica 13 aprile alle ore 19:00 e sar\u00e0 visibile in diretta sia sui canali della piattaforma satellitare sia in chiaro su TV8. Sempre domenica alle 16:00 ci sar\u00e0 la gara della Moto3, mentre alle 17:15 inizier\u00e0 quella della Moto2. Anche queste gare potranno essere visibili in diretta e in chiaro su TV8.<\/p>\n<p><strong>Gp del Qatar in diretta streaming<\/strong><\/p>\n<p>Per vedere il Gran premio in streaming, Sky permette la visione su Sky Go e Now. Baster\u00e0 collegarsi da pc o dispositivi mobili come smartphone e tablet. Disponibile anche la diretta gratuita sul sito skysport.it e sul canale YouTube di Sky Sport.<\/p>\n<p>\t\t\t<a href=\"https:\/\/www.repubblica.it\/sport\/moto-gp\/2025\/04\/12\/news\/qualifiche_motogp_qatar_2025_oggi-424124043\/\" rel=\"nofollow noopener\" target=\"_blank\">MotoGp, Marc Marquez in pole in Qatar davanti al fratello Alex. Bagnaia 11\u00b0 dopo una caduta<\/a><\/p>\n<p>\t\tdi <a href=\"http:\/\/www.repubblica.it\/autori\/massimo_calandri\/\" rel=\"author nofollow noopener\" target=\"_blank\">Massimo Calandri<\/a><\/p>\n<p>\t\t\t12 Aprile 2025<\/p>\n<p>                <a href=\"https:\/\/www.repubblica.it\/sport\/moto-gp\/2025\/04\/12\/news\/qualifiche_motogp_qatar_2025_oggi-424124043\/\" rel=\"nofollow noopener\" target=\"_blank\"><\/p>\n<p>\t\t\t\t\t\t<img loading=\"lazy\" decoding=\"async\" src=\"https:\/\/www.europesays.com\/it\/wp-content\/uploads\/2025\/10\/153632595-1d47f59d-1da2-4edc-a3b9-2698f74f82b7.jpg\" alt=\"\" class=\"lazyload\" width=\"125\" height=\"125\"\/> <\/p>\n<p>                <\/a><\/p>\n<p><strong>Telecronisti per il Gp del Qatar<\/strong><\/p>\n<p>La telecronaca del Gran Premio del Qatar sar\u00e0 affidata a Guido Meda, che sar\u00e0 accompagnato dal commento di Mauro Sanchini.<\/p>\n<p><strong>Orari domenica 13 aprile<\/strong><\/p>\n<p>\u2022 Ore 16.00 Moto3<\/p>\n<p>\u2022 Ore 17.15 Moto2<\/p>\n<p>\u2022 Ore 19.00 MotoGp<\/p>\n<p>\t\tArgomenti<\/p>\n","protected":false},"excerpt":{"rendered":"Riscatto doveva essere e riscatto, per ora, \u00e8 stato per Marc Marquez. Nel quarto appuntamento del Mondiale lo&hellip;\n","protected":false},"author":3,"featured_media":159718,"comment_status":"","ping_status":"","sticky":false,"template":"","format":"standard","meta":{"footnotes":""},"categories":[1455],"tags":[1537,90,89,1783,1784,245,244],"class_list":{"0":"post-159717","1":"post","2":"type-post","3":"status-publish","4":"format-standard","5":"has-post-thumbnail","7":"category-moto","8":"tag-it","9":"tag-italia","10":"tag-italy","11":"tag-moto","12":"tag-motorcycle","13":"tag-sport","14":"tag-sports"},"share_on_mastodon":{"url":"","error":""},"_links":{"self":[{"href":"https:\/\/www.europesays.com\/it\/wp-json\/wp\/v2\/posts\/159717","targetHints":{"allow":["GET"]}}],"collection":[{"href":"https:\/\/www.europesays.com\/it\/wp-json\/wp\/v2\/posts"}],"about":[{"href":"https:\/\/www.europesays.com\/it\/wp-json\/wp\/v2\/types\/post"}],"author":[{"embeddable":true,"href":"https:\/\/www.europesays.com\/it\/wp-json\/wp\/v2\/users\/3"}],"replies":[{"embeddable":true,"href":"https:\/\/www.europesays.com\/it\/wp-json\/wp\/v2\/comments?post=159717"}],"version-history":[{"count":0,"href":"https:\/\/www.europesays.com\/it\/wp-json\/wp\/v2\/posts\/159717\/revisions"}],"wp:featuredmedia":[{"embeddable":true,"href":"https:\/\/www.europesays.com\/it\/wp-json\/wp\/v2\/media\/159718"}],"wp:attachment":[{"href":"https:\/\/www.europesays.com\/it\/wp-json\/wp\/v2\/media?parent=159717"}],"wp:term":[{"taxonomy":"category","embeddable":true,"href":"https:\/\/www.europesays.com\/it\/wp-json\/wp\/v2\/categories?post=159717"},{"taxonomy":"post_tag","embeddable":true,"href":"https:\/\/www.europesays.com\/it\/wp-json\/wp\/v2\/tags?post=159717"}],"curies":[{"name":"wp","href":"https:\/\/api.w.org\/{rel}","templated":true}]}}