{"id":159815,"date":"2025-10-11T22:37:12","date_gmt":"2025-10-11T22:37:12","guid":{"rendered":"https:\/\/www.europesays.com\/it\/159815\/"},"modified":"2025-10-11T22:37:12","modified_gmt":"2025-10-11T22:37:12","slug":"motogp-pecco-bagnaia-rompe-il-silenzio-marc-mi-ha-sorpreso","status":"publish","type":"post","link":"https:\/\/www.europesays.com\/it\/159815\/","title":{"rendered":"MotoGP, Pecco Bagnaia rompe il silenzio: &#8220;Marc mi ha sorpreso&#8221;"},"content":{"rendered":"<p><a href=\"https:\/\/www.corsedimoto.com\/pecco-bagnaia\" title=\"Pecco Bagnaia\" rel=\"nofollow noopener\" target=\"_blank\">Pecco Bagnaia<\/a> ritorna in pubblico dopo la debacle di Mandalika. Al termine del GP dell&#8217;Indonesia il due volte campione MotoGP era mentalmente distrutto e ha evitato l&#8217;incontro con i giornalisti. Al Teatro Sociale di Trento, in occasione del Festival dello Sport de &#8216;La Gazzetta dello Sport&#8217;, \u00e8 riapparso davanti ai suoi fan, senza per\u00f2 addentrarsi troppo nel suo momento negativo in sella alla Ducati GP25.Pecco tra velocit\u00e0 e calmaDopo la doppietta a Motegi si pensava che Pecco Bagnaia avesse risolto definitivamente i problemi. Invece a Mandalika si \u00e8 ritrovato a fare i conti con una moto indomabile che l&#8217;ha portato al ritiro. Un doppio zero che l&#8217;ha scosso sia atleticamente che emotivamente, <a href=\"https:\/\/www.corsedimoto.com\/motogp\/motogpindonesia-bagnaia-scusa-team-tardozzi-devastato\" target=\"_self\" rel=\"nofollow noopener\">uscendo in silenzio dalla scena<\/a> per evitare le lacrime. In Trentino, per\u00f2, \u00e8 tornato a sfoggiare il suo lato pi\u00f9 umano, tra battute e riflessioni. &#8220;La mia vita \u00e8 una caccia al tempo, spingendo ogni millesimo di secondo. Fuori dalla pista, sono l&#8217;opposto: lento, calmo, quasi pigro. Prendo le cose con calma&#8221;.La convivenza con Marquez<\/p>\n<p>Tra gli argomenti all&#8217;ordine del giorno non poteva non esserci Marc Marquez, il compagno di squadra diventato campione del mondo MotoGP. Pecco Bagnaia ammette una certa titubanza iniziale. &#8220;All&#8217;inizio ero un po&#8217; preoccupato; lui stesso diceva che poteva essere un compagno di squadra difficile&#8221;, ha affermato il pilota piemontese. &#8220;Ma mi ha sorpreso. Averlo al mio fianco \u00e8 stato molto positivo. In Giappone ci siamo conosciuti meglio; ci siamo persino incontrati al karaoke, bevendo sak\u00e8. \u00c8 stato divertente. \u00c8 uno dei migliori piloti della storia, da lui si pu\u00f2 solo imparare&#8221;.<\/p>\n<p>Bagnaia e i suoi fanL&#8217; incontro con Bagnaia non si \u00e8 limitato alla MotoGP. Ha parlato anche di Formula 1, della stima per Lewis Hamilton, della sua Juventus. Ma le sue parole toccano le corde emotive quando si parla della <a href=\"https:\/\/www.amazon.it\/Se-sei-incerto-tieni-aperto\/dp\/B0F56Y6BKG\" target=\"_blank\" rel=\"nofollow noopener\">Ducati<\/a>. &#8220;Ho sognato di indossare questi colori fin da bambino. \u00c8 la mia famiglia&#8221;. Infine una dedica ai suoi fan: &#8220;I miei tifosi sono incredibili; rispettano persino i miei rivali&#8230; Vorrei avere pi\u00f9 tempo da trascorrere con loro, perch\u00e9 la loro energia mi d\u00e0 forza quando le cose si fanno difficili&#8221;.<\/p>\n","protected":false},"excerpt":{"rendered":"Pecco Bagnaia ritorna in pubblico dopo la debacle di Mandalika. Al termine del GP dell&#8217;Indonesia il due volte&hellip;\n","protected":false},"author":3,"featured_media":159816,"comment_status":"","ping_status":"","sticky":false,"template":"","format":"standard","meta":{"footnotes":""},"categories":[1455],"tags":[1537,90,89,1783,1784,245,244],"class_list":{"0":"post-159815","1":"post","2":"type-post","3":"status-publish","4":"format-standard","5":"has-post-thumbnail","7":"category-moto","8":"tag-it","9":"tag-italia","10":"tag-italy","11":"tag-moto","12":"tag-motorcycle","13":"tag-sport","14":"tag-sports"},"share_on_mastodon":{"url":"","error":""},"_links":{"self":[{"href":"https:\/\/www.europesays.com\/it\/wp-json\/wp\/v2\/posts\/159815","targetHints":{"allow":["GET"]}}],"collection":[{"href":"https:\/\/www.europesays.com\/it\/wp-json\/wp\/v2\/posts"}],"about":[{"href":"https:\/\/www.europesays.com\/it\/wp-json\/wp\/v2\/types\/post"}],"author":[{"embeddable":true,"href":"https:\/\/www.europesays.com\/it\/wp-json\/wp\/v2\/users\/3"}],"replies":[{"embeddable":true,"href":"https:\/\/www.europesays.com\/it\/wp-json\/wp\/v2\/comments?post=159815"}],"version-history":[{"count":0,"href":"https:\/\/www.europesays.com\/it\/wp-json\/wp\/v2\/posts\/159815\/revisions"}],"wp:featuredmedia":[{"embeddable":true,"href":"https:\/\/www.europesays.com\/it\/wp-json\/wp\/v2\/media\/159816"}],"wp:attachment":[{"href":"https:\/\/www.europesays.com\/it\/wp-json\/wp\/v2\/media?parent=159815"}],"wp:term":[{"taxonomy":"category","embeddable":true,"href":"https:\/\/www.europesays.com\/it\/wp-json\/wp\/v2\/categories?post=159815"},{"taxonomy":"post_tag","embeddable":true,"href":"https:\/\/www.europesays.com\/it\/wp-json\/wp\/v2\/tags?post=159815"}],"curies":[{"name":"wp","href":"https:\/\/api.w.org\/{rel}","templated":true}]}}