{"id":159831,"date":"2025-10-11T22:47:15","date_gmt":"2025-10-11T22:47:15","guid":{"rendered":"https:\/\/www.europesays.com\/it\/159831\/"},"modified":"2025-10-11T22:47:15","modified_gmt":"2025-10-11T22:47:15","slug":"ecco-lhotel-scelta-per-far-dormire-la-nazionale-israeliana-di-calcio-a-udine","status":"publish","type":"post","link":"https:\/\/www.europesays.com\/it\/159831\/","title":{"rendered":"Ecco l&#8217;hotel scelta per far dormire la nazionale israeliana di calcio a Udine"},"content":{"rendered":"<p>  \t\t\t\t\t            <a class=\"u-no-underline\" href=\"https:\/\/www.udinetoday.it\/dossier\/\" rel=\"nofollow noopener\" target=\"_blank\">&#13;<br \/>\n              Dossier &#13;<br \/>\n            <\/a><\/p>\n<p>                        \tsicurezza a ogni costo?<\/p>\n<p class=\"u-body-03 u-my-small\" data-amp=\"amp-abstract\">La citt\u00e0 si sta preparando alla partita che fa discutere tutto il paese: Italia &#8211; Israele si giocher\u00e0 marted\u00ec 14 ottobre allo stadio Friuli. Udine accoglier\u00e0, oltre le due squadre, anche il grande corteo per cui si ipotizzano pi\u00f9 di 10mila persone. Ma c&#8217;\u00e8 un altro dettaglio a cui la citt\u00e0 ha dovuto pensare, in vista delle misure di sicurezza straordinarie: dove far alloggiare la selezione medio orientale<\/p>\n","protected":false},"excerpt":{"rendered":"&#13; Dossier &#13; sicurezza a ogni costo? La citt\u00e0 si sta preparando alla partita che fa discutere tutto&hellip;\n","protected":false},"author":3,"featured_media":159832,"comment_status":"","ping_status":"","sticky":false,"template":"","format":"standard","meta":{"footnotes":""},"categories":[176],"tags":[721,73,1537,90,89,76,245,244],"class_list":{"0":"post-159831","1":"post","2":"type-post","3":"status-publish","4":"format-standard","5":"has-post-thumbnail","7":"category-sport","8":"tag-calcio","9":"tag-gaza","10":"tag-it","11":"tag-italia","12":"tag-italy","13":"tag-palestina","14":"tag-sport","15":"tag-sports"},"share_on_mastodon":{"url":"","error":""},"_links":{"self":[{"href":"https:\/\/www.europesays.com\/it\/wp-json\/wp\/v2\/posts\/159831","targetHints":{"allow":["GET"]}}],"collection":[{"href":"https:\/\/www.europesays.com\/it\/wp-json\/wp\/v2\/posts"}],"about":[{"href":"https:\/\/www.europesays.com\/it\/wp-json\/wp\/v2\/types\/post"}],"author":[{"embeddable":true,"href":"https:\/\/www.europesays.com\/it\/wp-json\/wp\/v2\/users\/3"}],"replies":[{"embeddable":true,"href":"https:\/\/www.europesays.com\/it\/wp-json\/wp\/v2\/comments?post=159831"}],"version-history":[{"count":0,"href":"https:\/\/www.europesays.com\/it\/wp-json\/wp\/v2\/posts\/159831\/revisions"}],"wp:featuredmedia":[{"embeddable":true,"href":"https:\/\/www.europesays.com\/it\/wp-json\/wp\/v2\/media\/159832"}],"wp:attachment":[{"href":"https:\/\/www.europesays.com\/it\/wp-json\/wp\/v2\/media?parent=159831"}],"wp:term":[{"taxonomy":"category","embeddable":true,"href":"https:\/\/www.europesays.com\/it\/wp-json\/wp\/v2\/categories?post=159831"},{"taxonomy":"post_tag","embeddable":true,"href":"https:\/\/www.europesays.com\/it\/wp-json\/wp\/v2\/tags?post=159831"}],"curies":[{"name":"wp","href":"https:\/\/api.w.org\/{rel}","templated":true}]}}