{"id":159918,"date":"2025-10-12T00:02:11","date_gmt":"2025-10-12T00:02:11","guid":{"rendered":"https:\/\/www.europesays.com\/it\/159918\/"},"modified":"2025-10-12T00:02:11","modified_gmt":"2025-10-12T00:02:11","slug":"thylane-blondeau-da-bambina-piu-bella-del-mondo-alle-critiche-per-il-presunto-ricorso-alla-chirurgia-lo-sfogo-sono-stanca","status":"publish","type":"post","link":"https:\/\/www.europesays.com\/it\/159918\/","title":{"rendered":"Thylane Blondeau, da \u00abbambina pi\u00f9 bella del mondo\u00bb alle critiche per il (presunto) ricorso alla chirurgia. Lo sfogo: \u00abSono stanca\u00bb"},"content":{"rendered":"<p>                Chi \u00e8 Thylane Blondeau <\/p>\n<p>Nata nel 2001 in Francia, Thylane Blondeau \u00e8 figlia del calciatore Patrick Blondeau e della presentatrice televisiva Veronika Loubry. Dopo essere stata notata da un agente dello stilista Jean Paul Gaultier sugli Champs-\u00c9lys\u00e9es, a soli tre anni inizi\u00f2 a sfilare in passerella, per poi finire anche sulla copertina di Vogue Enfants. Un fatto, questo, che la fece diventare \u00abla bambina pi\u00f9 bella del mondo\u00bb, permettendole di intraprendere la carriera come modella. Da allora, Blondeau \u00e8 stata protagonista di prestigiose campagne pubblicitarie, lavorando con alcuni dei pi\u00f9 grandi marchi di moda del mondo, da Miu Miu a Dolce &amp; Gabbana, passando per Versace e Hugo Boss.<\/p>\n","protected":false},"excerpt":{"rendered":"Chi \u00e8 Thylane Blondeau Nata nel 2001 in Francia, Thylane Blondeau \u00e8 figlia del calciatore Patrick Blondeau e&hellip;\n","protected":false},"author":3,"featured_media":159919,"comment_status":"","ping_status":"","sticky":false,"template":"","format":"standard","meta":{"footnotes":""},"categories":[1451],"tags":[1621,1620,15995,28187,203,204,1537,90,89,98551],"class_list":{"0":"post-159918","1":"post","2":"type-post","3":"status-publish","4":"format-standard","5":"has-post-thumbnail","7":"category-celebrita","8":"tag-celebrita","9":"tag-celebrities","10":"tag-chirurgia","11":"tag-chirurgia-estetica","12":"tag-entertainment","13":"tag-intrattenimento","14":"tag-it","15":"tag-italia","16":"tag-italy","17":"tag-thylane-blondeau"},"share_on_mastodon":{"url":"","error":""},"_links":{"self":[{"href":"https:\/\/www.europesays.com\/it\/wp-json\/wp\/v2\/posts\/159918","targetHints":{"allow":["GET"]}}],"collection":[{"href":"https:\/\/www.europesays.com\/it\/wp-json\/wp\/v2\/posts"}],"about":[{"href":"https:\/\/www.europesays.com\/it\/wp-json\/wp\/v2\/types\/post"}],"author":[{"embeddable":true,"href":"https:\/\/www.europesays.com\/it\/wp-json\/wp\/v2\/users\/3"}],"replies":[{"embeddable":true,"href":"https:\/\/www.europesays.com\/it\/wp-json\/wp\/v2\/comments?post=159918"}],"version-history":[{"count":0,"href":"https:\/\/www.europesays.com\/it\/wp-json\/wp\/v2\/posts\/159918\/revisions"}],"wp:featuredmedia":[{"embeddable":true,"href":"https:\/\/www.europesays.com\/it\/wp-json\/wp\/v2\/media\/159919"}],"wp:attachment":[{"href":"https:\/\/www.europesays.com\/it\/wp-json\/wp\/v2\/media?parent=159918"}],"wp:term":[{"taxonomy":"category","embeddable":true,"href":"https:\/\/www.europesays.com\/it\/wp-json\/wp\/v2\/categories?post=159918"},{"taxonomy":"post_tag","embeddable":true,"href":"https:\/\/www.europesays.com\/it\/wp-json\/wp\/v2\/tags?post=159918"}],"curies":[{"name":"wp","href":"https:\/\/api.w.org\/{rel}","templated":true}]}}