{"id":159981,"date":"2025-10-12T00:59:14","date_gmt":"2025-10-12T00:59:14","guid":{"rendered":"https:\/\/www.europesays.com\/it\/159981\/"},"modified":"2025-10-12T00:59:14","modified_gmt":"2025-10-12T00:59:14","slug":"giosue-giglio-terza-puntata-tu-si-que-vales-clip-witty-tv-witty-tv","status":"publish","type":"post","link":"https:\/\/www.europesays.com\/it\/159981\/","title":{"rendered":"Giosu\u00e8 Giglio Terza puntata &#8211; T\u00fa S\u00ed Que Vales Clip | Witty TV &#8211; Witty TV"},"content":{"rendered":"<ol>\n<li><a href=\"https:\/\/news.google.com\/rss\/articles\/CBMidkFVX3lxTFA5cXVHQ2VuSXVLTVlVVlVTUDBfNEpCOVMzVndaNWY2Ri1PT29NejVrdmxYZG1Tel9LaklRMHR4bWxkMnZla3lTdjEzWGZHQUhmUkZDMWhHRXhvX29jaFlpR2Z2Vkt0blBTeDVEMEtWWjg5WHJLdnfSAXtBVV95cUxOekZuNzBmcS1ESWdkRXdIZ2QwSEFkcmVoZzU5V2xETERjV3BUS294VFVSYk53NmRpdk90SHFZNHNzWmNsSmZoNVlsN3pHQTViNXNqMHFhWHctRVlTNGRITU44SlE4azBGR042eG5naGRNY3hjNGk4Y1daNms?oc=5\" target=\"_blank\" rel=\"nofollow noopener\">Giosu\u00e8 Giglio Terza puntata &#8211; T\u00fa S\u00ed Que Vales Clip | Witty TV<\/a>&nbsp;&nbsp;Witty TV<\/li>\n<li><a href=\"https:\/\/news.google.com\/rss\/articles\/CBMie0FVX3lxTE9oSnlPZE4tS2V4NGpIZm1JZ012OGlRQ1lOUWhrenctSFhoWFB0NjVacVJjSTM1WWxIWXRvZjNoY2lPRTd3Q0VEQUhYUjkwaFNpcjY2empBYjhSbGxQakdFaGZyMFVVNWRaM2lGNXhYaGNqcVYyR0luVndXa9IBgAFBVV95cUxOb0E3bUNHS3hldVRraFZWNnlwazVZVXZJVHc0aG9qT2VHUDNwWV9ONTRoUFJNU25GZEMzMGhjM3lyMjZDWFRWZEYtZlJPdkNpY3ZqbzRvQlZXVk41RjhaY1NBcFE5enF6cnNtMWdSYzEwSDdHMlF6R0RuOWdWZ2tOUQ?oc=5\" target=\"_blank\" rel=\"nofollow noopener\">Terza puntata Sabato 11 ottobre &#8211; T\u00fa S\u00ed Que Vales Le puntate | Witty TV<\/a>&nbsp;&nbsp;Witty TV<\/li>\n<li><a href=\"https:\/\/news.google.com\/rss\/articles\/CBMidEFVX3lxTFBCa29QT3NkWHNZbmVodDB4cDVVS2lLMExnYldISWVkbS1QYWx0dGpYWk9LYTdCOE5DUXUwN29TQzl4SFNNZVhNVzhrbmxIcnhCbzVaMFdqQXMya0x4T2Rsb1RpeTBmaFNTeThib0dzNTJBeldR0gF6QVVfeXFMUHFXSEhlYi1WYzlId2VBa2V6YXU2d3ZYVDIxQU9US0hrM0UzVk94RzYta3VZYnQ2dG1DaF84RFJOQ0tRWjFGUjJmYUFKZzdLNWNLdGdtR2NiTlVLTjFJck9USWVjWW90ZncyaWlzb3VWaHJTblkweHMyM2c?oc=5\" target=\"_blank\" rel=\"nofollow noopener\">Prove generali della terza puntata! &#8211; Amici Backstage | Witty TV<\/a>&nbsp;&nbsp;Witty TV<\/li>\n<li><a href=\"https:\/\/news.google.com\/rss\/articles\/CBMijwFBVV95cUxQdk5GSm0yZERIN2VsRmRXbVZvbVF1bmdRS2lsQWNGSld2TFM1ZE1nelpGcTRlaWlzMmJPdHM1U0FFcVYzNVFkb1NZS1FWUFZISUtfbEZENWxENnM2SllmaXhJaVp6b2RzVmF0ZmpLaGtNN0Qzcnl0TlFvcWN3YnpvQlpxTVo2MDhXRk9QMUZyQQ?oc=5\" target=\"_blank\" rel=\"nofollow noopener\">Ugo Finocchiaro e Matteo D\u2019Arrigo \u2013 Terza puntata<\/a>&nbsp;&nbsp;Witty TV<\/li>\n<li><a href=\"https:\/\/news.google.com\/rss\/articles\/CBMieEFVX3lxTE5LaFowS1FxdzFYM2d2TXo2ZklqaGZFS21RRkZHd3B4RnRfaFpmbmd0eWJ3anVtVkg2QW1TREd5bE9TdGNnVDBEWGxCTV9IUUM1dmpMN0F5Q1U1cEt6YU9yWENJblZla2pnLVRQX0J1UXRhYm9FeXpqWdIBfkFVX3lxTE00dmZfNW53NFBWcUs3bkswdXRLSTU2Sk1NRGlJcG5OQVFwelhYQTlfb0tZWkR2NXE0UGxiZ3pDZEdiY2VrSTgxYkxneHNUWHhadmpUUHdLOTBtamVGZjhkd2Q0TWxTOXhQRTFSZUV3S01yYVlYdkpNekl6ak9Bdw?oc=5\" target=\"_blank\" rel=\"nofollow noopener\">Laura Marchetti Terza puntata &#8211; T\u00fa S\u00ed Que Vales Clip | Witty TV<\/a>&nbsp;&nbsp;Witty TV<\/li>\n<\/ol>\n","protected":false},"excerpt":{"rendered":"Giosu\u00e8 Giglio Terza puntata &#8211; T\u00fa S\u00ed Que Vales Clip | Witty TV&nbsp;&nbsp;Witty TV Terza puntata Sabato 11&hellip;\n","protected":false},"author":3,"featured_media":159982,"comment_status":"","ping_status":"","sticky":false,"template":"","format":"standard","meta":{"footnotes":""},"categories":[1444],"tags":[6756,98523,685,45400,203,98537,98582,2431,204,1537,90,89,98536,98583,5602,98584,12778,76109,3502,98540,28018,98535,253],"class_list":{"0":"post-159981","1":"post","2":"type-post","3":"status-publish","4":"format-standard","5":"has-post-thumbnail","7":"category-tv","8":"tag-prima-serata","9":"tag-11-ottobre","10":"tag-canale-5","11":"tag-conduttori","12":"tag-entertainment","13":"tag-esibzione","14":"tag-giosue-giglio","15":"tag-giudici","16":"tag-intrattenimento","17":"tag-it","18":"tag-italia","19":"tag-italy","20":"tag-luciana-litizzetto","21":"tag-marco-giglio","22":"tag-maria-de-filippi","23":"tag-padre-e-figlio","24":"tag-paolo-bonolis","25":"tag-rudy-zerbi","26":"tag-talent-show","27":"tag-terza-puntata","28":"tag-tu-si-que-vales","29":"tag-tu-si-que-vales-2025","30":"tag-tv"},"share_on_mastodon":{"url":"","error":""},"_links":{"self":[{"href":"https:\/\/www.europesays.com\/it\/wp-json\/wp\/v2\/posts\/159981","targetHints":{"allow":["GET"]}}],"collection":[{"href":"https:\/\/www.europesays.com\/it\/wp-json\/wp\/v2\/posts"}],"about":[{"href":"https:\/\/www.europesays.com\/it\/wp-json\/wp\/v2\/types\/post"}],"author":[{"embeddable":true,"href":"https:\/\/www.europesays.com\/it\/wp-json\/wp\/v2\/users\/3"}],"replies":[{"embeddable":true,"href":"https:\/\/www.europesays.com\/it\/wp-json\/wp\/v2\/comments?post=159981"}],"version-history":[{"count":0,"href":"https:\/\/www.europesays.com\/it\/wp-json\/wp\/v2\/posts\/159981\/revisions"}],"wp:featuredmedia":[{"embeddable":true,"href":"https:\/\/www.europesays.com\/it\/wp-json\/wp\/v2\/media\/159982"}],"wp:attachment":[{"href":"https:\/\/www.europesays.com\/it\/wp-json\/wp\/v2\/media?parent=159981"}],"wp:term":[{"taxonomy":"category","embeddable":true,"href":"https:\/\/www.europesays.com\/it\/wp-json\/wp\/v2\/categories?post=159981"},{"taxonomy":"post_tag","embeddable":true,"href":"https:\/\/www.europesays.com\/it\/wp-json\/wp\/v2\/tags?post=159981"}],"curies":[{"name":"wp","href":"https:\/\/api.w.org\/{rel}","templated":true}]}}