{"id":160014,"date":"2025-10-12T01:33:13","date_gmt":"2025-10-12T01:33:13","guid":{"rendered":"https:\/\/www.europesays.com\/it\/160014\/"},"modified":"2025-10-12T01:33:13","modified_gmt":"2025-10-12T01:33:13","slug":"aumento-eta-pensionabile-nel-2027-chi-potra-chiedere-la-deroga","status":"publish","type":"post","link":"https:\/\/www.europesays.com\/it\/160014\/","title":{"rendered":"Aumento et\u00e0 pensionabile nel 2027, chi potr\u00e0 chiedere la deroga"},"content":{"rendered":"<p>Diverse le alternative su cui si lavora: una delle ipotesi, pi\u00f9 graduale, immagina un aumento distribuito nel tempo, <b>quindi di un mese nel 2026, due nel 2027, tre nel 2028<\/b>, per ridurre l\u2019impatto immediato sui conti pubblici e sui lavoratori. Un\u2019altra strada, invece, la pi\u00f9 prudente dal punto di vista finanziario, \u00e8 quella di <b>limitare la sterilizzazione solo ad alcune categorie <\/b>(come quelle citate dal ministro Giorgetti),<b>\u00a0<\/b>mantenendo per la generalit\u00e0 dei lavoratori il meccanismo automatico<\/p>\n","protected":false},"excerpt":{"rendered":"Diverse le alternative su cui si lavora: una delle ipotesi, pi\u00f9 graduale, immagina un aumento distribuito nel tempo,&hellip;\n","protected":false},"author":3,"featured_media":160015,"comment_status":"","ping_status":"","sticky":false,"template":"","format":"standard","meta":{"footnotes":""},"categories":[172],"tags":[178,177,369,7710,1537,90,89,190,7711,11519],"class_list":{"0":"post-160014","1":"post","2":"type-post","3":"status-publish","4":"format-standard","5":"has-post-thumbnail","7":"category-affari","8":"tag-affari","9":"tag-business","10":"tag-digitall","11":"tag-inps","12":"tag-it","13":"tag-italia","14":"tag-italy","15":"tag-lavoro","16":"tag-pensioni","17":"tag-selezione-sky-tg24"},"share_on_mastodon":{"url":"","error":""},"_links":{"self":[{"href":"https:\/\/www.europesays.com\/it\/wp-json\/wp\/v2\/posts\/160014","targetHints":{"allow":["GET"]}}],"collection":[{"href":"https:\/\/www.europesays.com\/it\/wp-json\/wp\/v2\/posts"}],"about":[{"href":"https:\/\/www.europesays.com\/it\/wp-json\/wp\/v2\/types\/post"}],"author":[{"embeddable":true,"href":"https:\/\/www.europesays.com\/it\/wp-json\/wp\/v2\/users\/3"}],"replies":[{"embeddable":true,"href":"https:\/\/www.europesays.com\/it\/wp-json\/wp\/v2\/comments?post=160014"}],"version-history":[{"count":0,"href":"https:\/\/www.europesays.com\/it\/wp-json\/wp\/v2\/posts\/160014\/revisions"}],"wp:featuredmedia":[{"embeddable":true,"href":"https:\/\/www.europesays.com\/it\/wp-json\/wp\/v2\/media\/160015"}],"wp:attachment":[{"href":"https:\/\/www.europesays.com\/it\/wp-json\/wp\/v2\/media?parent=160014"}],"wp:term":[{"taxonomy":"category","embeddable":true,"href":"https:\/\/www.europesays.com\/it\/wp-json\/wp\/v2\/categories?post=160014"},{"taxonomy":"post_tag","embeddable":true,"href":"https:\/\/www.europesays.com\/it\/wp-json\/wp\/v2\/tags?post=160014"}],"curies":[{"name":"wp","href":"https:\/\/api.w.org\/{rel}","templated":true}]}}