{"id":161363,"date":"2025-10-12T20:39:10","date_gmt":"2025-10-12T20:39:10","guid":{"rendered":"https:\/\/www.europesays.com\/it\/161363\/"},"modified":"2025-10-12T20:39:10","modified_gmt":"2025-10-12T20:39:10","slug":"sinner-e-arrivato-a-riad-per-il-six-kings-slam","status":"publish","type":"post","link":"https:\/\/www.europesays.com\/it\/161363\/","title":{"rendered":"Sinner \u00e8 arrivato a Riad per il Six Kings Slam"},"content":{"rendered":"<p>                                Jannik debutter\u00e0 mercoled\u00ec (diretta Netflix) contro Tsitsipas alle 18.30. In serata ha raggiunto l&#8217;Arabia Saudita. Con lui Vagnozzi e il fisioterapista Resnicoff<\/p>\n<p>            <a class=\"image is-50x50\" href=\"https:\/\/www.gazzetta.it\/redazione\/federica-cocchi\/\" rel=\"nofollow noopener\" target=\"_blank\"><br \/>\n                <img decoding=\"async\" class=\"is-rounded\" src=\"https:\/\/www.europesays.com\/it\/wp-content\/uploads\/2025\/09\/1758238450_922_omino.png\" alt=\"Federica Cocchi\"\/><br \/>\n            <\/a><\/p>\n<p>Giornalista<\/p>\n<p>                    12 ottobre 2025 (modifica alle 22:30)  &#8211; MILANO<\/p>\n<p class=\"paragraph\" spellcheck=\"true\">Vacanze finite, si torna al lavoro. Jannik Sinner \u00e8 arrivato questa sera a Riad dove da mercoled\u00ec alle 18.30 ora italiana (diretta esclusiva su Netflix) sar\u00e0 in campo al Six Kings Slam. Il numero 2 al mondo, che aveva dovuto ritirarsi a Shanghai a causa dei crampi, ha fatto qualche giorno di meritata vacanza e poi ha ripreso ad allenarsi con Simone Vagnozzi, mentre Darren Cahill si unir\u00e0 alla squadra a partire dal torneo di Vienna, dal 20 ottobre.\u00a0<\/p>\n<p class=\"paragraph\" spellcheck=\"true\">Con il tecnico italiano ha viaggiato anche Alejandro Resnicoff, il fisioterapista argentino da poco inserito nel team. Un segnale importante, che sottolinea quanto per Jannik sia importante curare al massimo il fisico dopo i crampi che lo hanno fermato in Cina. Un imprevisto che ha infastidito parecchio l&#8217;altoatesino, gi\u00e0 stoppato tre mesi per la sospensione con la Wada.<a href=\"https:\/\/www.gazzetta.it\/Tennis\/08-10-2025\/six-kings-slam-ecco-quando-giochera-sinner-da-campione-in-carica.shtml?intcmp=hyperlink-articolo-gazit\" title=\"Six Kings Slam, la guida all&#039;evento pi\u00f9 ricco del tennis. Ecco quando giocher\u00e0 Sinner\" rel=\"nofollow noopener\" target=\"_blank\"> In Arabia Saudita<\/a>, dove \u00e8 stato campione lo scorso anno, lo aspetta il primo rivale del torneo-esibizione, Stefanos Tsitsipas. Se Jannik, che luned\u00ec svolger\u00e0 il primo allenamento alla Anb Arena dovesse battere il greco, approderebbe alle semifinali dove \u00e8 in attesa Novak Djokovic. Il serbo, fermato in semifinale dal monegasco <a href=\"https:\/\/www.gazzetta.it\/Tennis\/ATP\/08-10-2025\/vacherot-chi-e-il-tennista-che-a-shanghai-sta-facendo-sognare-montecarlo.shtml?intcmp=hyperlink-articolo-gazit\" title=\"Il fratello allenatore, il polsino di Federer, gli studi in America: chi \u00e8 \" la=\"\" giraffa=\"\" vacherot=\"\" target=\"_blank\" rel=\"nofollow noopener\">Valentin Vacherot<\/a>, numero 204 al mondo che ha conquistato il Masters 1000 cinese, sta cercando di riprendersi dopo le difficolt\u00e0 avute in campo. Dolori muscolari, problemi alla schiena e di stomaco non gli hanno permesso di raggiungere la sfida per il titolo.\u00a0<\/p>\n<p>    IL NUMERO 1\u2014 \u00a0<\/p>\n<p class=\"paragraph is-inline\" spellcheck=\"true\">Entrer\u00e0 direttamente in semifinale a Riad anche Carlos Alcaraz, che dopo il successo di Tokyo, negli stessi giorni in cui Sinner trionfava a Pechino, ha deciso di non giocare Shanghai per darsi un po&#8217; di tregua. Il numero 1 al mondo, che ha gi\u00e0 confermato la propria presenza anche alle Finals di Davis a Bologna dal 18 novembre, si \u00e8 dedicato a un po&#8217; di relax casalingo e qualche giro di golf, compresa la Pro Am dell&#8217;Open di Spagna insieme a Jon Rahm. Completano il quadro dei partecipanti Taylor Fritz e Alexander Zverev, anche loro prematuramente usciti dal 1000 cinese, che si affronteranno ai quarti di finale. Il montepremi \u00e8 noto: un milione e mezzo di gettone e sei per chi sollever\u00e0 il trofeo. Un buon motivo per fare gli straordinari.<\/p>\n<p class=\"is-copyright\">\u00a9 RIPRODUZIONE RISERVATA<\/p>\n","protected":false},"excerpt":{"rendered":"Jannik debutter\u00e0 mercoled\u00ec (diretta Netflix) contro Tsitsipas alle 18.30. In serata ha raggiunto l&#8217;Arabia Saudita. Con lui Vagnozzi&hellip;\n","protected":false},"author":3,"featured_media":161364,"comment_status":"","ping_status":"","sticky":false,"template":"","format":"standard","meta":{"footnotes":""},"categories":[1457],"tags":[1548,3357,3358,3077,921,384,87842,5631,5739,5499,48,1537,90,89,1269,30976,30977,4559,3166,1312,81300,57550,18147,1924,15388,366,245,244,1273],"class_list":{"0":"post-161363","1":"post","2":"type-post","3":"status-publish","4":"format-standard","5":"has-post-thumbnail","7":"category-tennis","8":"tag-allenamento","9":"tag-arabia","10":"tag-arabia-saudita","11":"tag-arrivato","12":"tag-campo","13":"tag-cinese","14":"tag-crampi","15":"tag-diretta","16":"tag-fermato","17":"tag-fisioterapista","18":"tag-importante","19":"tag-it","20":"tag-italia","21":"tag-italy","22":"tag-jannik","23":"tag-kings","24":"tag-kings-slam","25":"tag-mercoledi","26":"tag-netflix","27":"tag-numero","28":"tag-resnicoff","29":"tag-riad","30":"tag-saudita","31":"tag-semifinale","32":"tag-shanghai","33":"tag-sinner","34":"tag-sport","35":"tag-sports","36":"tag-tennis"},"share_on_mastodon":{"url":"","error":""},"_links":{"self":[{"href":"https:\/\/www.europesays.com\/it\/wp-json\/wp\/v2\/posts\/161363","targetHints":{"allow":["GET"]}}],"collection":[{"href":"https:\/\/www.europesays.com\/it\/wp-json\/wp\/v2\/posts"}],"about":[{"href":"https:\/\/www.europesays.com\/it\/wp-json\/wp\/v2\/types\/post"}],"author":[{"embeddable":true,"href":"https:\/\/www.europesays.com\/it\/wp-json\/wp\/v2\/users\/3"}],"replies":[{"embeddable":true,"href":"https:\/\/www.europesays.com\/it\/wp-json\/wp\/v2\/comments?post=161363"}],"version-history":[{"count":0,"href":"https:\/\/www.europesays.com\/it\/wp-json\/wp\/v2\/posts\/161363\/revisions"}],"wp:featuredmedia":[{"embeddable":true,"href":"https:\/\/www.europesays.com\/it\/wp-json\/wp\/v2\/media\/161364"}],"wp:attachment":[{"href":"https:\/\/www.europesays.com\/it\/wp-json\/wp\/v2\/media?parent=161363"}],"wp:term":[{"taxonomy":"category","embeddable":true,"href":"https:\/\/www.europesays.com\/it\/wp-json\/wp\/v2\/categories?post=161363"},{"taxonomy":"post_tag","embeddable":true,"href":"https:\/\/www.europesays.com\/it\/wp-json\/wp\/v2\/tags?post=161363"}],"curies":[{"name":"wp","href":"https:\/\/api.w.org\/{rel}","templated":true}]}}