{"id":161870,"date":"2025-10-13T04:50:10","date_gmt":"2025-10-13T04:50:10","guid":{"rendered":"https:\/\/www.europesays.com\/it\/161870\/"},"modified":"2025-10-13T04:50:10","modified_gmt":"2025-10-13T04:50:10","slug":"italia-bastoni-squalificato-ma-ancora-in-ritiro-quando-tornera-ad-appiano","status":"publish","type":"post","link":"https:\/\/www.europesays.com\/it\/161870\/","title":{"rendered":"Italia, Bastoni squalificato ma ancora in ritiro: quando torner\u00e0 ad Appiano"},"content":{"rendered":"<p>Bastoni, che salter\u00e0 Italia-Israele per squalifica, non \u00e8 ancora rientrato ad Appiano: ecco quando lo far\u00e0<\/p>\n<p>Giallo pesante quello preso da Alessandro <a href=\"https:\/\/www.fcinter1908.it\/partite\/pagelle\/estonia-italia-pagelle-pio-esposito-migliore-nerazzurri\/\" rel=\"nofollow noopener\" target=\"_blank\">Bastoni<\/a> al 72&#8242; del match disputato ieri dall&#8217;Italia contro l&#8217;Estonia in quel di Tallinn.<\/p>\n<p>Per questa ammonizione, Bastoni non potr\u00e0 scendere in campo marted\u00ec contro Israele in quanto era diffidato. Bastoni, dunque, sar\u00e0 out per squalifica e Gattuso dovr\u00e0 optare per un altro difensore per completare il reparto arretrato. Il difensore nerazzurro, per\u00f2, ha deciso di restare in ritiro.<\/p>\n<p>&#8220;Ammonito al 72&#8242; a Tallinn, il difensore azzurro era diffidato e il giallo gli coster\u00e0 la partecipazione a Italia-Israele di marted\u00ec. Dopo aver deciso di trascorrere la domenica insieme alla squadra, luned\u00ec Bastoni lascer\u00e0 il ritiro di Udine facendo cos\u00ec ritorno a Milano&#8221;, racconta Sky Sport.<\/p>\n<p class=\"is-copyright\">\u00a9 RIPRODUZIONE RISERVATA<\/p>\n","protected":false},"excerpt":{"rendered":"Bastoni, che salter\u00e0 Italia-Israele per squalifica, non \u00e8 ancora rientrato ad Appiano: ecco quando lo far\u00e0 Giallo pesante&hellip;\n","protected":false},"author":3,"featured_media":161871,"comment_status":"","ping_status":"","sticky":false,"template":"","format":"standard","meta":{"footnotes":"","_share_on_mastodon":"0"},"categories":[1452],"tags":[19898,721,3059,4053,99753,1740,72,1537,90,799,89,1738,1739,245,244],"class_list":["post-161870","post","type-post","status-publish","format-standard","has-post-thumbnail","category-calcio","tag-bastoni","tag-calcio","tag-deciso","tag-difensore","tag-diffidato","tag-football","tag-israele","tag-it","tag-italia","tag-italia-israele","tag-italy","tag-ritiro","tag-soccer","tag-sport","tag-sports"],"share_on_mastodon":{"url":"","error":""},"_links":{"self":[{"href":"https:\/\/www.europesays.com\/it\/wp-json\/wp\/v2\/posts\/161870","targetHints":{"allow":["GET"]}}],"collection":[{"href":"https:\/\/www.europesays.com\/it\/wp-json\/wp\/v2\/posts"}],"about":[{"href":"https:\/\/www.europesays.com\/it\/wp-json\/wp\/v2\/types\/post"}],"author":[{"embeddable":true,"href":"https:\/\/www.europesays.com\/it\/wp-json\/wp\/v2\/users\/3"}],"replies":[{"embeddable":true,"href":"https:\/\/www.europesays.com\/it\/wp-json\/wp\/v2\/comments?post=161870"}],"version-history":[{"count":0,"href":"https:\/\/www.europesays.com\/it\/wp-json\/wp\/v2\/posts\/161870\/revisions"}],"wp:featuredmedia":[{"embeddable":true,"href":"https:\/\/www.europesays.com\/it\/wp-json\/wp\/v2\/media\/161871"}],"wp:attachment":[{"href":"https:\/\/www.europesays.com\/it\/wp-json\/wp\/v2\/media?parent=161870"}],"wp:term":[{"taxonomy":"category","embeddable":true,"href":"https:\/\/www.europesays.com\/it\/wp-json\/wp\/v2\/categories?post=161870"},{"taxonomy":"post_tag","embeddable":true,"href":"https:\/\/www.europesays.com\/it\/wp-json\/wp\/v2\/tags?post=161870"}],"curies":[{"name":"wp","href":"https:\/\/api.w.org\/{rel}","templated":true}]}}