{"id":162221,"date":"2025-10-13T09:36:16","date_gmt":"2025-10-13T09:36:16","guid":{"rendered":"https:\/\/www.europesays.com\/it\/162221\/"},"modified":"2025-10-13T09:36:16","modified_gmt":"2025-10-13T09:36:16","slug":"gaetano-maranzano-chi-e-luomo-accusato-dellomicidio-di-paolo-taormina-a-palermo","status":"publish","type":"post","link":"https:\/\/www.europesays.com\/it\/162221\/","title":{"rendered":"Gaetano Maranzano, chi \u00e8 l&#8217;uomo accusato dell&#8217;omicidio di Paolo Taormina a Palermo"},"content":{"rendered":"<p>Ha 28 anni Gaetano Maranzano, il giovane arrestato a Palermo <a data-intcmp=\"skytg24_foglia articolo_interlink_text\" href=\"https:\/\/tg24.sky.it\/cronaca\/2025\/10\/12\/palermo-pestaggio-ucciso\" rel=\"nofollow noopener\" target=\"_blank\">per l&#8217;omicidio di Paolo Taormina<\/a>, gestore del pub &#8220;O scrusciu&#8221;. Si tratta del figlio di Vincenzo \u201cGnu Gnu\u201d Maranzano, gi\u00e0 condannato a dieci anni per tentato omicidio dei rivali Giuseppe e Antonio Colombo, nell\u2019ambito di una faida tra famiglie dello Zen palermitano nata per il controllo della droga. Con il padre, in passato, erano stati coinvolti anche Letterio e Pietro Maranzano, condannati rispettivamente a 12 e 10 anni di carcere per una sparatoria risalente al 2021. Lo stesso <a data-intcmp=\"skytg24_foglia articolo_interlink_text\" href=\"https:\/\/tg24.sky.it\/cronaca\/video\/2025\/10\/12\/omicidio-21enne-a-palermo-arrestato-presunto-assassino-1042704\" rel=\"nofollow noopener\" target=\"_blank\">Gaetano Maranzano<\/a> ha collezionato alcuni precedenti per rissa e spaccio di droga e gi\u00e0 passato era stato raggiunto da un avviso orale da parte del questore. Sul suo profilo di Tik Tok esibisce collane d&#8217;oro con ciondoli a forma di pistola e, circa un&#8217;ora dopo l&#8217;omicidio di Paolo Taormina, il 28enne ha pubblicato una foto e come sottofondo musicale ha utilizzato un passaggio dalla fiction \u201cIl capo dei capi\u201d, incentrata sulla vita del boss mafioso Tot\u00f2 Riina.<\/p>\n<p>\t\t \tLa pistola posseduta \u201cperch\u00e9 Palermo \u00e8 una citt\u00e0 violenta\u201d<\/p>\n<p>Maranzano, nelle ore successive al delitto, ha poi ammesso di avere ucciso Paolo Taormina. Interrogato dai pm alla presenza dei legali Luca Monteleone e Rosanna Vella, il 28enne ha detto di aver avuto una discussione con la vittima che era intervenuta per sedare una rissa a cui, per\u00f2, Maranzano non avrebbe partecipato. Taormina gli si sarebbe avvicinato per chiedergli di convincere gli altri ad allontanarsi, ne sarebbe nata una discussione poi degenerata e, a quel punto, Maranzano avrebbe impugnato una pistola e sparato. Rispetto alla pistola l&#8217;indagato ha spiegato: &#8220;Porto la pistola sempre con me perch\u00e9 Palermo \u00e8 una citt\u00e0 violenta&#8221;. Lo stesso Maranzano ha ammesso poi che in passato c\u2019erano stati alcuni screzi con la vittima.<\/p>\n<p>La prima notte al Pagliarelli<\/p>\n<p>Intanto Maranzano ha trascorso la prima notte nel carcere Pagliarelli a Palermo, Come detto, l&#8217;indagato ha confessato il delitto ma le indagini al vaglio degli inquirenti dovranno cercare di scoprire se il movente dato dal giovane, cio\u00e8 che la vittima avrebbe importunato la sua compagna mesi fa, sia effettivamente reale. Taormina \u00e8 stato ucciso con un colpo di pistola calibro 9 che poi \u00e8 stata trovata proprio in casa dell&#8217;indagato. Per avere certezze sulla dinamica del delitto, comunque, servir\u00e0 attendere l&#8217;autopsia, prevista per la giornata odierna presso l&#8217;istituto di medicina legale del Policlinico di Palermo.<\/p>\n<p>\t\t\t<a class=\"c-inline-card j-inline-card c-inline-card--with-image\" href=\"https:\/\/tg24.sky.it\/cronaca\/2025\/10\/12\/palermo-pestaggio-ucciso\" rel=\"follow nofollow noopener\" data-intcmp=\"skytg24_articolo_approfondimenti_inline\" target=\"_blank\"><\/p>\n<p>\t\t\t         <img decoding=\"async\" crossorigin=\"anonymous\" alt=\"\" src=\"https:\/\/www.europesays.com\/it\/wp-content\/uploads\/2025\/10\/omicidio_palermo.JPG\"  loading=\"lazy\"  bad-src=\"https:\/\/www.europesays.com\/it\/wp-content\/uploads\/2025\/10\/omicidio_palermo.JPG\"\/><\/p>\n<p>\n\t\t\t         Approfondimento<br \/>\n\t\t\t         Palermo, 21enne ucciso mentre sedava rissa: il killer ha confessato\n\t\t\t      <\/p>\n<p>\t\t\t<\/a><\/p>\n","protected":false},"excerpt":{"rendered":"Ha 28 anni Gaetano Maranzano, il giovane arrestato a Palermo per l&#8217;omicidio di Paolo Taormina, gestore del pub&hellip;\n","protected":false},"author":3,"featured_media":162222,"comment_status":"","ping_status":"","sticky":false,"template":"","format":"standard","meta":{"footnotes":""},"categories":[79],"tags":[364,14,93,94,1537,90,89,7,15,1728,6652,11,84,91,12,85,92],"class_list":{"0":"post-162221","1":"post","2":"type-post","3":"status-publish","4":"format-standard","5":"has-post-thumbnail","7":"category-italia","8":"tag-collaboratori","9":"tag-cronaca","10":"tag-cronaca-italiana","11":"tag-cronacaitaliana","12":"tag-it","13":"tag-italia","14":"tag-italy","15":"tag-news","16":"tag-notizie","17":"tag-omicidio","18":"tag-palermo","19":"tag-ultime-notizie","20":"tag-ultime-notizie-e-news-di-oggi","21":"tag-ultime-notizie-italia","22":"tag-ultimenotizie","23":"tag-ultimenotizieenewsdioggi","24":"tag-ultimenotizieitalia"},"share_on_mastodon":{"url":"","error":""},"_links":{"self":[{"href":"https:\/\/www.europesays.com\/it\/wp-json\/wp\/v2\/posts\/162221","targetHints":{"allow":["GET"]}}],"collection":[{"href":"https:\/\/www.europesays.com\/it\/wp-json\/wp\/v2\/posts"}],"about":[{"href":"https:\/\/www.europesays.com\/it\/wp-json\/wp\/v2\/types\/post"}],"author":[{"embeddable":true,"href":"https:\/\/www.europesays.com\/it\/wp-json\/wp\/v2\/users\/3"}],"replies":[{"embeddable":true,"href":"https:\/\/www.europesays.com\/it\/wp-json\/wp\/v2\/comments?post=162221"}],"version-history":[{"count":0,"href":"https:\/\/www.europesays.com\/it\/wp-json\/wp\/v2\/posts\/162221\/revisions"}],"wp:featuredmedia":[{"embeddable":true,"href":"https:\/\/www.europesays.com\/it\/wp-json\/wp\/v2\/media\/162222"}],"wp:attachment":[{"href":"https:\/\/www.europesays.com\/it\/wp-json\/wp\/v2\/media?parent=162221"}],"wp:term":[{"taxonomy":"category","embeddable":true,"href":"https:\/\/www.europesays.com\/it\/wp-json\/wp\/v2\/categories?post=162221"},{"taxonomy":"post_tag","embeddable":true,"href":"https:\/\/www.europesays.com\/it\/wp-json\/wp\/v2\/tags?post=162221"}],"curies":[{"name":"wp","href":"https:\/\/api.w.org\/{rel}","templated":true}]}}