{"id":162538,"date":"2025-10-13T13:22:12","date_gmt":"2025-10-13T13:22:12","guid":{"rendered":"https:\/\/www.europesays.com\/it\/162538\/"},"modified":"2025-10-13T13:22:12","modified_gmt":"2025-10-13T13:22:12","slug":"uae-emirates-xrg-sanremo-e-roubaix-i-prossimi-grandi-obiettivi-di-tadej-pogacar-ma-nel-2026-potrebbe-saltare-inferno-del-nord-e-amstel-per-il-giro","status":"publish","type":"post","link":"https:\/\/www.europesays.com\/it\/162538\/","title":{"rendered":"UAE Emirates XRG, Sanremo e Roubaix i &#8220;prossimi grandi obiettivi&#8221; di Tadej Poga\u010dar &#8211; Ma nel 2026 potrebbe saltare Inferno del Nord e Amstel per il Giro"},"content":{"rendered":"<p>\t\t<img width=\"1200\" height=\"800\" src=\"https:\/\/www.europesays.com\/it\/wp-content\/uploads\/2025\/10\/Tadej-pogacar-Il-Lombardia-2025.webp.webp\" class=\"attachment-full size-full wp-post-image\" alt=\"\" data-main-img=\"1\" decoding=\"async\" fetchpriority=\"high\"  \/><\/p>\n<p>\t\t\t\t\t\t\t \u00a9 LaPresse<\/p>\n<p>\t\t\t\t\t<a href=\"https:\/\/cyclingpro.net\/spaziociclismo\/altro\/scopri-lapp-ufficiale-di-spaziociclismo\/\" title=\"\" rel=\"nofollow noopener\" target=\"_blank\"><br \/>\n\t\t\t\t\t\t<img loading=\"lazy\" decoding=\"async\" src=\"https:\/\/www.europesays.com\/it\/wp-content\/uploads\/2025\/09\/1758060682_662_Banner-App-SpazioCiclismo.png\" alt=\"\" width=\"728\" height=\"91\"\/><br \/>\n\t\t\t\t\t<\/a><\/p>\n<p>Chiusa un\u2019altra stagione trionfale, <strong>Tadej Poga\u010dar<\/strong> punta a raggiungere nuovi traguardi nell\u2019annata 2026. Il fenomeno sloveno ha vinto quasi tutto quello che poteva vincere in questo 2025, fissando nuovi record e arricchendo ulteriormente un palmares gi\u00e0 incredibile, ma due gare gli sono sfuggite, la <strong>Milano-Sanremo<\/strong> e la <strong>Parigi-Roubaix<\/strong>, dove \u00e8 stato battuto da Mathieu Van Der Poel. Nella conferenza stampa successiva a Il Lombardia, il campione del mondo ed europeo ha dichiarato che le due classiche Monumento saranno i suoi \u201cprossimi grandi obiettivi\u201d e che \u201cvincere quelle due corse \u00e8 una grande sfida\u201d, ma dal Belgio arrivano voci che vedrebbero il 27enne intenzionato a saltare una delle due nel 2026.<\/p>\n<p>Secondo quanto riportato da Het Laatste Nieuws, il portacolori della<strong> UAE Team Emirates XRG<\/strong> potrebbe infatti non partecipare all\u2019Inferno del Nord (oltre all\u2019<strong>Amstel Gold Race<\/strong>) per prendersi una pausa tra Giro delle Fiandre e Liegi-Bastogne-Liegi e arrivare cos\u00ec meno stanco mentalmente agli altri importanti appuntamenti stagionali, tra i quali potrebbe rientrare anche il <strong>Giro d\u2019Italia<\/strong>. Secondo il quotidiano belga, lo sloveno troverebbe complicato puntare nello stesso anno a Tour de France, Vuelta a Espa\u00f1a e Mondiali, mentre la Corsa Rosa potrebbe inserirsi meglio nel programma, come del resto gi\u00e0 accaduto nel 2024, quando sulle strade italiane domin\u00f2 vincendo sei tappe e la classifica finale per poi imporsi anche alla Grande Boucle e nella gara iridata.<\/p>\n<p>Seguici<\/p>\n<p>\t\t\t\t\t\t\t\t\t\t<a href=\"https:\/\/news.google.com\/publications\/CAAqBwgKMNaVhQswhaiCAw?hl=it&amp;gl=IT&amp;ceid=IT%3Ait\" title=\"Google News\" target=\"_blank\" rel=\"nofollow noopener\" class=\"post-followus-btn google-new-btn\"><br \/>\n\t\t\t\t\t\t<img decoding=\"async\" src=\"https:\/\/cyclingpro.net\/spaziociclismo\/wp-content\/themes\/jannah\/assets\/images\/google-news.svg\" alt=\"Google News\" loading=\"lazy\" width=\"120\" height=\"22\"\/><br \/>\n\t\t\t\t\t<\/a><br \/>\n\t\t\t\t\t\t\t\t\t\t<a href=\"https:\/\/flipboard.com\/@SpazioCiclismo\" title=\"Flipboard\" target=\"_blank\" rel=\"nofollow noopener\" class=\"post-followus-btn flipboard-btn\"><br \/>\n\t\t\t\t\t\t<img decoding=\"async\" src=\"https:\/\/cyclingpro.net\/spaziociclismo\/wp-content\/themes\/jannah\/assets\/images\/flipboard.svg\" alt=\"Flipboard\" loading=\"lazy\" width=\"152\" height=\"30\"\/><br \/>\n\t\t\t\t\t<\/a><\/p>\n","protected":false},"excerpt":{"rendered":"\u00a9 LaPresse Chiusa un\u2019altra stagione trionfale, Tadej Poga\u010dar punta a raggiungere nuovi traguardi nell\u2019annata 2026. Il fenomeno sloveno&hellip;\n","protected":false},"author":3,"featured_media":162539,"comment_status":"","ping_status":"","sticky":false,"template":"","format":"standard","meta":{"footnotes":""},"categories":[1456],"tags":[1824,1825,1537,90,89,245,244,1531,1828],"class_list":{"0":"post-162538","1":"post","2":"type-post","3":"status-publish","4":"format-standard","5":"has-post-thumbnail","7":"category-ciclismo","8":"tag-ciclismo","9":"tag-cycling","10":"tag-it","11":"tag-italia","12":"tag-italy","13":"tag-sport","14":"tag-sports","15":"tag-tadej-pogacar","16":"tag-uae-team-emirates-xrg-2025"},"share_on_mastodon":{"url":"","error":""},"_links":{"self":[{"href":"https:\/\/www.europesays.com\/it\/wp-json\/wp\/v2\/posts\/162538","targetHints":{"allow":["GET"]}}],"collection":[{"href":"https:\/\/www.europesays.com\/it\/wp-json\/wp\/v2\/posts"}],"about":[{"href":"https:\/\/www.europesays.com\/it\/wp-json\/wp\/v2\/types\/post"}],"author":[{"embeddable":true,"href":"https:\/\/www.europesays.com\/it\/wp-json\/wp\/v2\/users\/3"}],"replies":[{"embeddable":true,"href":"https:\/\/www.europesays.com\/it\/wp-json\/wp\/v2\/comments?post=162538"}],"version-history":[{"count":0,"href":"https:\/\/www.europesays.com\/it\/wp-json\/wp\/v2\/posts\/162538\/revisions"}],"wp:featuredmedia":[{"embeddable":true,"href":"https:\/\/www.europesays.com\/it\/wp-json\/wp\/v2\/media\/162539"}],"wp:attachment":[{"href":"https:\/\/www.europesays.com\/it\/wp-json\/wp\/v2\/media?parent=162538"}],"wp:term":[{"taxonomy":"category","embeddable":true,"href":"https:\/\/www.europesays.com\/it\/wp-json\/wp\/v2\/categories?post=162538"},{"taxonomy":"post_tag","embeddable":true,"href":"https:\/\/www.europesays.com\/it\/wp-json\/wp\/v2\/tags?post=162538"}],"curies":[{"name":"wp","href":"https:\/\/api.w.org\/{rel}","templated":true}]}}