{"id":162752,"date":"2025-10-13T15:45:11","date_gmt":"2025-10-13T15:45:11","guid":{"rendered":"https:\/\/www.europesays.com\/it\/162752\/"},"modified":"2025-10-13T15:45:11","modified_gmt":"2025-10-13T15:45:11","slug":"zeudi-di-palma-attaccata-per-aver-mandato-un-messaggio-di-positivita-e-liberta-la-laurea-non-e-un-obbligo-ma-una-scelta","status":"publish","type":"post","link":"https:\/\/www.europesays.com\/it\/162752\/","title":{"rendered":"Zeudi Di Palma attaccata per aver mandato un messaggio di positivit\u00e0 e libert\u00e0: la laurea non \u00e8 un obbligo ma una scelta"},"content":{"rendered":"<p>Nei giorni scorsi l\u2019ex gieffina Zeudi Di Palma \u00e8 finita al centro delle polemiche sui social, dopo una diretta in cui ha risposto in modo deciso ad alcune domande insistenti da parte degli utenti. Molti le chiedevano \u2013 con una certa insistenza \u2013 a che punto fosse arrivato il suo percorso di studi universitario. Zeudi, infastidita ma al tempo stesso autentica e spontanea, proprio come si era mostrata all\u2019interno della Casa del Grande Fratello, ha risposto con schiettezza: avrebbe terminato gli studi \u201cquando cavolo vuole\u201d, seguendo i suoi tempi e ritmi personali, poich\u00e9 in questo momento si sta dedicando ad altro. Ha poi aggiunto che per lei l\u2019universit\u00e0 non rappresenta una priorit\u00e0 lavorativa, ma un percorso di crescita culturale e personale.<\/p>\n<p>Dopo la diretta, la reazione del web non si \u00e8 fatta attendere. Sui social, e perfino su alcune testate online, Zeudi Di Palma \u00e8 stata duramente attaccata per i toni usati e per la sua risposta, ritenuta da qualcuno troppo brusca. Eppure, la domanda sorge spontanea: forse, ancora oggi, a distanza di mesi, le vecchie dinamiche del Grande Fratello continuano a condizionare il modo in cui il pubblico guarda a certi ex concorrenti? O il metro di giudizio \u00e8 cos\u00ec severo solo perch\u00e9 si tratta di Zeudi Di Palma?<\/p>\n<p>A ben vedere, nulla di ci\u00f2 che Zeudi ha detto appare n\u00e9 scandaloso n\u00e9 offensivo. Anzi: il suo discorso racchiude un messaggio di libert\u00e0 e consapevolezza che merita di essere ascoltato. Ha semplicemente ribadito un concetto importante \u2014 ognuno \u00e8 libero di decidere i propri tempi e i propri obiettivi, senza pressioni esterne o giudizi sociali. Il suo intervento si pu\u00f2 leggere come una presa di posizione contro il fanatismo del dovere e della performance, che purtroppo caratterizza ancora tante famiglie e giovani.<\/p>\n<p>Troppo spesso, infatti, ci si ammala psicologicamente e fisicamente per l\u2019ansia di dover rispettare tappe e standard imposti dagli altri.\n<\/p>\n<p> Come ha sottolineato la stessa Zeudi, l\u2019universit\u00e0 non \u00e8 una scuola dell\u2019obbligo, ma un percorso che ciascuno pu\u00f2 scegliere liberamente di iniziare, sospendere o concludere secondo le proprie esigenze. Un messaggio, dunque, positivo e autentico, che invita a vivere la vita senza autolimiti, senza imposizioni e soprattutto senza sensi di colpa per non essere \u201cperfetti\u201d agli occhi del mondo.<\/p>\n","protected":false},"excerpt":{"rendered":"Nei giorni scorsi l\u2019ex gieffina Zeudi Di Palma \u00e8 finita al centro delle polemiche sui social, dopo una&hellip;\n","protected":false},"author":3,"featured_media":162753,"comment_status":"","ping_status":"","sticky":false,"template":"","format":"standard","meta":{"footnotes":""},"categories":[1444],"tags":[203,6061,204,1537,90,89,253],"class_list":{"0":"post-162752","1":"post","2":"type-post","3":"status-publish","4":"format-standard","5":"has-post-thumbnail","7":"category-tv","8":"tag-entertainment","9":"tag-grande-fratello","10":"tag-intrattenimento","11":"tag-it","12":"tag-italia","13":"tag-italy","14":"tag-tv"},"share_on_mastodon":{"url":"","error":""},"_links":{"self":[{"href":"https:\/\/www.europesays.com\/it\/wp-json\/wp\/v2\/posts\/162752","targetHints":{"allow":["GET"]}}],"collection":[{"href":"https:\/\/www.europesays.com\/it\/wp-json\/wp\/v2\/posts"}],"about":[{"href":"https:\/\/www.europesays.com\/it\/wp-json\/wp\/v2\/types\/post"}],"author":[{"embeddable":true,"href":"https:\/\/www.europesays.com\/it\/wp-json\/wp\/v2\/users\/3"}],"replies":[{"embeddable":true,"href":"https:\/\/www.europesays.com\/it\/wp-json\/wp\/v2\/comments?post=162752"}],"version-history":[{"count":0,"href":"https:\/\/www.europesays.com\/it\/wp-json\/wp\/v2\/posts\/162752\/revisions"}],"wp:featuredmedia":[{"embeddable":true,"href":"https:\/\/www.europesays.com\/it\/wp-json\/wp\/v2\/media\/162753"}],"wp:attachment":[{"href":"https:\/\/www.europesays.com\/it\/wp-json\/wp\/v2\/media?parent=162752"}],"wp:term":[{"taxonomy":"category","embeddable":true,"href":"https:\/\/www.europesays.com\/it\/wp-json\/wp\/v2\/categories?post=162752"},{"taxonomy":"post_tag","embeddable":true,"href":"https:\/\/www.europesays.com\/it\/wp-json\/wp\/v2\/tags?post=162752"}],"curies":[{"name":"wp","href":"https:\/\/api.w.org\/{rel}","templated":true}]}}