{"id":162881,"date":"2025-10-13T17:26:20","date_gmt":"2025-10-13T17:26:20","guid":{"rendered":"https:\/\/www.europesays.com\/it\/162881\/"},"modified":"2025-10-13T17:26:20","modified_gmt":"2025-10-13T17:26:20","slug":"motogp-bezzecchi-il-piu-veloce-nelle-pre-qualifiche-del-gp-dindonesia","status":"publish","type":"post","link":"https:\/\/www.europesays.com\/it\/162881\/","title":{"rendered":"MotoGp. Bezzecchi il pi\u00f9 veloce nelle pre qualifiche del GP d&#8217;Indonesia"},"content":{"rendered":"\n<p><strong>Prosegue<\/strong> l&#8217;ottimo momento di forma di Marco Bezzecchi che, nonostante gli acciacchi dovuti all&#8217;incidente nella Sprint in Giappone, si prende il miglior tempo nella Practice del Gran Premio di Indonesia, diciottesimo appuntamento della MotoGP.\u00a0<\/p>\n<p><strong>Sul circuito<\/strong> di Mandalika, il pilota italiano dell&#8217;Aprilia chiude con il tempo di 1&#8217;29&#8243;240, rifilando oltre quattro decimi agli spagnoli Fermin Aldeguer (Ducati Gresini) e Pedro Acosta (Ktm).\u00a0<\/p>\n<p><strong>&#8220;\u00c8 stata<\/strong> una bella giornata, sono contento. Non \u00e8 stato semplice, perch\u00e9 con le gomme, su questa pista, si fatica parecchio&#8221;, \u00e8 l&#8217;analisi di Bezzecchi, tornato raggiante dopo l&#8217;incidente nella Sprint di Motegi.\u00a0<\/p>\n<p><strong>A tal proposito<\/strong>, il riminese spiega: &#8220;Sto abbastanza bene, la gamba va meglio di quanto pensassi. Ma con la schiena va peggio, la situazione \u00e8 peggiorata con l&#8217;affaticamento&#8221;. Soddisfatto anche Acosta, che individua nell&#8217;elettronica l&#8217;unico limite, soprattutto quando si parla di attacco al tempo: &#8220;Manca uno step nel giro veloce, ma stiamo lavorando&#8221;, le sue parole.<\/p>\n","protected":false},"excerpt":{"rendered":"Prosegue l&#8217;ottimo momento di forma di Marco Bezzecchi che, nonostante gli acciacchi dovuti all&#8217;incidente nella Sprint in Giappone,&hellip;\n","protected":false},"author":3,"featured_media":162882,"comment_status":"","ping_status":"","sticky":false,"template":"","format":"standard","meta":{"footnotes":""},"categories":[1455],"tags":[1537,90,89,1783,1784,245,244],"class_list":{"0":"post-162881","1":"post","2":"type-post","3":"status-publish","4":"format-standard","5":"has-post-thumbnail","7":"category-moto","8":"tag-it","9":"tag-italia","10":"tag-italy","11":"tag-moto","12":"tag-motorcycle","13":"tag-sport","14":"tag-sports"},"share_on_mastodon":{"url":"","error":""},"_links":{"self":[{"href":"https:\/\/www.europesays.com\/it\/wp-json\/wp\/v2\/posts\/162881","targetHints":{"allow":["GET"]}}],"collection":[{"href":"https:\/\/www.europesays.com\/it\/wp-json\/wp\/v2\/posts"}],"about":[{"href":"https:\/\/www.europesays.com\/it\/wp-json\/wp\/v2\/types\/post"}],"author":[{"embeddable":true,"href":"https:\/\/www.europesays.com\/it\/wp-json\/wp\/v2\/users\/3"}],"replies":[{"embeddable":true,"href":"https:\/\/www.europesays.com\/it\/wp-json\/wp\/v2\/comments?post=162881"}],"version-history":[{"count":0,"href":"https:\/\/www.europesays.com\/it\/wp-json\/wp\/v2\/posts\/162881\/revisions"}],"wp:featuredmedia":[{"embeddable":true,"href":"https:\/\/www.europesays.com\/it\/wp-json\/wp\/v2\/media\/162882"}],"wp:attachment":[{"href":"https:\/\/www.europesays.com\/it\/wp-json\/wp\/v2\/media?parent=162881"}],"wp:term":[{"taxonomy":"category","embeddable":true,"href":"https:\/\/www.europesays.com\/it\/wp-json\/wp\/v2\/categories?post=162881"},{"taxonomy":"post_tag","embeddable":true,"href":"https:\/\/www.europesays.com\/it\/wp-json\/wp\/v2\/tags?post=162881"}],"curies":[{"name":"wp","href":"https:\/\/api.w.org\/{rel}","templated":true}]}}